{"id":45038,"date":"2022-03-18T10:17:31","date_gmt":"2022-03-18T10:17:31","guid":{"rendered":"https:\/\/www.lab.eus\/?p=45038"},"modified":"2022-03-18T10:26:20","modified_gmt":"2022-03-18T10:26:20","slug":"hemos-reclamado-que-se-construya-la-ley-educativa-de-la-cav-con-las-y-los-trabajadores-para-lograr-un-sistema-publico-euskaldun-y-propio","status":"publish","type":"post","link":"https:\/\/www.lab.eus\/es\/hemos-reclamado-que-se-construya-la-ley-educativa-de-la-cav-con-las-y-los-trabajadores-para-lograr-un-sistema-publico-euskaldun-y-propio\/","title":{"rendered":"Hemos reclamado que se construya la Ley Educativa de la CAV con las y los trabajadores para lograr un sistema p\u00fablico, euskaldun y propio"},"content":{"rendered":"\n<p>LAB, ELA, STEILAS y CCOO nos hemos concentrado ante el Parlamento de Gasteiz el d\u00eda de la votaci\u00f3n de las enmiendas al borrador de Pacto Educativo. Con ello, hemos querido mostrar nuestro desacuerdo con el actual borrador de Pacto Educativo, incidir en este proceso y hacer p\u00fablicas nuestras reivindicaciones. En la Ley Educativa que debe construirse con las trabajadoras y trabajadores, deben recogerse necesariamente las siguientes reivindicaciones.<\/p>\n\n\n\n<p>1.- Queremos una ley de educaci\u00f3n centrada en lo p\u00fablico. <\/p>\n\n\n\n<p>2.- Queremos una ley de educaci\u00f3n propia.<\/p>\n\n\n\n<p>3.- Queremos una ley de educaci\u00f3n con inversi\u00f3n y recursos suficientes.<\/p>\n\n\n\n<p>4.- Queremos una ley de educaci\u00f3n que haga frente a la segregaci\u00f3n y garantice la cohesi\u00f3n social.<\/p>\n\n\n\n<p>5.- Queremos una ley de Educaci\u00f3n que ponga en el centro el euskera y los valores de convivencia.<\/p>\n\n\n\n<p>6.- Queremos una ley que garantice el empleo y las condiciones laborales adecuadas de todas las trabajadoras y trabajadores que formamos parte del sistema educativo.<\/p>\n\n\n\n<p>7.- Queremos una ley educativa que est\u00e9 al margen de la orientaci\u00f3n a los intereses de los mercados y del \u00e1mbito de negocio de las empresas privadas.<\/p>\n\n\n\n<p>8.- Queremos una ley educativa participativa que tenga en cuenta a las trabajadoras y trabajadores.<\/p>\n\n\n\n<figure class=\"wp-block-embed is-type-video is-provider-youtube wp-block-embed-youtube wp-embed-aspect-16-9 wp-has-aspect-ratio\"><div class=\"wp-block-embed__wrapper\">\n<div class=\"youtube-embed\" data-video_id=\"ara0TA10gng\"><iframe loading=\"lazy\" title=\"Publikoa, euskaldun eta propioa. Hezkuntza Legea langileokin eraiki (LAB)\" width=\"696\" height=\"392\" src=\"https:\/\/www.youtube.com\/embed\/ara0TA10gng?feature=oembed&#038;enablejsapi=1\" frameborder=\"0\" allow=\"accelerometer; autoplay; clipboard-write; encrypted-media; gyroscope; picture-in-picture\" allowfullscreen><\/iframe><\/div>\n<\/div><\/figure>\n\n\n\n<p>Porque el personal educativo de la red p\u00fablica y concertada (educadores\/as de necesidades educativas especiales, educadores\/as infantiles de 0-3, personal de cocina de comedores, personal de limpieza y profesorado) tenemos qu\u00e9 decir en el futuro de nuestra educaci\u00f3n, hacemos un llamamiento a participar en la huelga que hemos organizado para el 25 de marzo. Y ello bajo el lema&nbsp;\u201cPUBLICA, EUSKALDUN Y PROPIA, construyamos una Ley de educaci\u00f3n con las trabajadoras y trabajadores\u00bb.<\/p>\n","protected":false},"excerpt":{"rendered":"<p>LAB, ELA, STEILAS y CCOO nos hemos concentrado ante el Parlamento de Gasteiz el d\u00eda de la votaci\u00f3n de las enmiendas al borrador de Pacto Educativo. Con ello, hemos querido mostrar nuestro desacuerdo con el actual borrador, incidir en este proceso y hacer p\u00fablicas nuestras reivindicaciones.<\/p>\n","protected":false},"author":1189,"featured_media":45043,"comment_status":"closed","ping_status":"closed","sticky":false,"template":"","format":"video","meta":{"_monsterinsights_skip_tracking":false,"_monsterinsights_sitenote_active":false,"_monsterinsights_sitenote_note":"","_monsterinsights_sitenote_category":0,"footnotes":"","_links_to":"","_links_to_target":""},"categories":[3402,2990,33,6,3283],"tags":[3178,3266,3194,3171],"class_list":{"0":"post-45038","1":"post","2":"type-post","3":"status-publish","4":"format-video","5":"has-post-thumbnail","7":"category-accion-politica","8":"category-educacion","9":"category-es-ensenanza","10":"category-es-servicios-publicos","11":"category-sin-categorizar","12":"tag-destacado-1","13":"tag-educacion-es","14":"tag-ensenanza-es","15":"tag-servicios-publicos-es","16":"post_format-post-format-video"},"_links":{"self":[{"href":"https:\/\/www.lab.eus\/es\/wp-json\/wp\/v2\/posts\/45038","targetHints":{"allow":["GET"]}}],"collection":[{"href":"https:\/\/www.lab.eus\/es\/wp-json\/wp\/v2\/posts"}],"about":[{"href":"https:\/\/www.lab.eus\/es\/wp-json\/wp\/v2\/types\/post"}],"author":[{"embeddable":true,"href":"https:\/\/www.lab.eus\/es\/wp-json\/wp\/v2\/users\/1189"}],"replies":[{"embeddable":true,"href":"https:\/\/www.lab.eus\/es\/wp-json\/wp\/v2\/comments?post=45038"}],"version-history":[{"count":0,"href":"https:\/\/www.lab.eus\/es\/wp-json\/wp\/v2\/posts\/45038\/revisions"}],"wp:featuredmedia":[{"embeddable":true,"href":"https:\/\/www.lab.eus\/es\/wp-json\/wp\/v2\/media\/45043"}],"wp:attachment":[{"href":"https:\/\/www.lab.eus\/es\/wp-json\/wp\/v2\/media?parent=45038"}],"wp:term":[{"taxonomy":"category","embeddable":true,"href":"https:\/\/www.lab.eus\/es\/wp-json\/wp\/v2\/categories?post=45038"},{"taxonomy":"post_tag","embeddable":true,"href":"https:\/\/www.lab.eus\/es\/wp-json\/wp\/v2\/tags?post=45038"}],"curies":[{"name":"wp","href":"https:\/\/api.w.org\/{rel}","templated":true}]}}