{"id":44958,"date":"2022-03-17T10:42:21","date_gmt":"2022-03-17T10:42:21","guid":{"rendered":"https:\/\/www.lab.eus\/?p=44958"},"modified":"2022-03-17T10:42:24","modified_gmt":"2022-03-17T10:42:24","slug":"las-trabajadoras-de-limpieza-subcontratadas-de-osakidetza-convocan-huelgas-para-los-dias-7-8-y-9-de-abril","status":"publish","type":"post","link":"https:\/\/www.lab.eus\/es\/las-trabajadoras-de-limpieza-subcontratadas-de-osakidetza-convocan-huelgas-para-los-dias-7-8-y-9-de-abril\/","title":{"rendered":"Las trabajadoras de limpieza subcontratadas de Osakidetza convocan huelgas para los d\u00edas 7, 8 y 9 de abril"},"content":{"rendered":"\n<p>Los sindicatos nos hemos concentrado ante la sede del Gobierno Vasco en Bilbo, donde hemos anunciado huelgas en defensa de un nuevo convenio y de la homologaci\u00f3n.<\/p>\n\n\n\n<p>Comunicado de LAB, ELA, UGT, CCOO y ESK:<\/p>\n\n\n\n<p>Tras 40 reuniones de la mesa negociadora ha quedado claro: compa\u00f1eras, compa\u00f1eros nos quieren quitar la homologaci\u00f3n. Iniciamos la negociaci\u00f3n del nuevo convenio en el a\u00f1o 2018, convencidas de que \u00e9sta iba a ser una negociaci\u00f3n sencilla, puesto que estar homologadas con el personal de Osakidetza significaba tener \u00fanicamente que adecuar determinadas materias a los nuevos acuerdos que se han ido alcanzando: la carrera profesional de 2012, un sistema m\u00e1s amplio y justo de cobertura de vacantes, jubilaci\u00f3n de relevo, permisos nuevos que ya tiene reconocido el personal de Osakidetza, etc.<\/p>\n\n\n\n<p>Pero las empresas no han querido hacer la m\u00e1s m\u00ednima adaptaci\u00f3n del convenio y se muestran inflexibles. La mesa est\u00e1 bloqueada, un bloqueo que parece estar respaldado por Osakidetza, que no responde a ninguna de las solicitudes de reuni\u00f3n que les hemos hecho.<\/p>\n\n\n\n<p>Estamos moviliz\u00e1ndonos desde 2020 a las puertas de los distintos hospitales y ambulatorios. Ha llegado el momento de dar un paso m\u00e1s. Salgamos a la huelga para exigir un convenio nuevo, salgamos a las movilizaciones a decir alto y claro que la homologaci\u00f3n no se toca.<\/p>\n\n\n\n<p>Por todo ello, y porque la situaci\u00f3n requiere dar un paso m\u00e1s, registramos convocatoria de huelga para los d\u00edas 7, 8 y 9 de abril.<\/p>\n\n\n\n<figure class=\"wp-block-gallery columns-1 is-cropped wp-block-gallery-1 is-layout-flex wp-block-gallery-is-layout-flex\"><ul class=\"blocks-gallery-grid\"><li class=\"blocks-gallery-item\"><figure><img loading=\"lazy\" decoding=\"async\" width=\"1024\" height=\"769\" src=\"https:\/\/www.lab.eus\/wp-content\/uploads\/2022\/03\/photo_2022-03-17-11.37.12-1024x769.jpeg\" alt=\"\" data-id=\"44980\" data-full-url=\"https:\/\/www.lab.eus\/wp-content\/uploads\/2022\/03\/photo_2022-03-17-11.37.12.jpeg\" data-link=\"https:\/\/www.lab.eus\/?attachment_id=44980\" class=\"wp-image-44980\" srcset=\"https:\/\/www.lab.eus\/wp-content\/uploads\/2022\/03\/photo_2022-03-17-11.37.12-1024x769.jpeg 1024w, https:\/\/www.lab.eus\/wp-content\/uploads\/2022\/03\/photo_2022-03-17-11.37.12-300x225.jpeg 300w, https:\/\/www.lab.eus\/wp-content\/uploads\/2022\/03\/photo_2022-03-17-11.37.12-768x577.jpeg 768w, https:\/\/www.lab.eus\/wp-content\/uploads\/2022\/03\/photo_2022-03-17-11.37.12-150x113.jpeg 150w, https:\/\/www.lab.eus\/wp-content\/uploads\/2022\/03\/photo_2022-03-17-11.37.12-696x523.jpeg 696w, https:\/\/www.lab.eus\/wp-content\/uploads\/2022\/03\/photo_2022-03-17-11.37.12-1068x802.jpeg 1068w, https:\/\/www.lab.eus\/wp-content\/uploads\/2022\/03\/photo_2022-03-17-11.37.12-559x420.jpeg 559w, https:\/\/www.lab.eus\/wp-content\/uploads\/2022\/03\/photo_2022-03-17-11.37.12-80x60.jpeg 80w, https:\/\/www.lab.eus\/wp-content\/uploads\/2022\/03\/photo_2022-03-17-11.37.12-265x198.jpeg 265w, https:\/\/www.lab.eus\/wp-content\/uploads\/2022\/03\/photo_2022-03-17-11.37.12.jpeg 1280w\" sizes=\"auto, (max-width: 1024px) 100vw, 1024px\" \/><\/figure><\/li><\/ul><\/figure>\n","protected":false},"excerpt":{"rendered":"<p>Los sindicatos nos hemos concentrado ante la sede del Gobierno Vasco en Bilbo, donde hemos anunciado huelgas en defensa de un nuevo convenio y de la homologaci\u00f3n.<\/p>\n","protected":false},"author":1189,"featured_media":44979,"comment_status":"closed","ping_status":"closed","sticky":false,"template":"","format":"standard","meta":{"_monsterinsights_skip_tracking":false,"_monsterinsights_sitenote_active":false,"_monsterinsights_sitenote_note":"","_monsterinsights_sitenote_category":0,"footnotes":"","_links_to":"","_links_to_target":""},"categories":[18,2944,8,3283],"tags":[3033,3178,3172],"class_list":{"0":"post-44958","1":"post","2":"type-post","3":"status-publish","4":"format-standard","5":"has-post-thumbnail","7":"category-es-accion-sindical","8":"category-limpieza","9":"category-es-servicios-privados","10":"category-sin-categorizar","11":"tag-accion-sindical-es","12":"tag-destacado-1","13":"tag-servicios-privados-es"},"_links":{"self":[{"href":"https:\/\/www.lab.eus\/es\/wp-json\/wp\/v2\/posts\/44958","targetHints":{"allow":["GET"]}}],"collection":[{"href":"https:\/\/www.lab.eus\/es\/wp-json\/wp\/v2\/posts"}],"about":[{"href":"https:\/\/www.lab.eus\/es\/wp-json\/wp\/v2\/types\/post"}],"author":[{"embeddable":true,"href":"https:\/\/www.lab.eus\/es\/wp-json\/wp\/v2\/users\/1189"}],"replies":[{"embeddable":true,"href":"https:\/\/www.lab.eus\/es\/wp-json\/wp\/v2\/comments?post=44958"}],"version-history":[{"count":0,"href":"https:\/\/www.lab.eus\/es\/wp-json\/wp\/v2\/posts\/44958\/revisions"}],"wp:featuredmedia":[{"embeddable":true,"href":"https:\/\/www.lab.eus\/es\/wp-json\/wp\/v2\/media\/44979"}],"wp:attachment":[{"href":"https:\/\/www.lab.eus\/es\/wp-json\/wp\/v2\/media?parent=44958"}],"wp:term":[{"taxonomy":"category","embeddable":true,"href":"https:\/\/www.lab.eus\/es\/wp-json\/wp\/v2\/categories?post=44958"},{"taxonomy":"post_tag","embeddable":true,"href":"https:\/\/www.lab.eus\/es\/wp-json\/wp\/v2\/tags?post=44958"}],"curies":[{"name":"wp","href":"https:\/\/api.w.org\/{rel}","templated":true}]}}