{"id":44950,"date":"2022-03-17T09:58:01","date_gmt":"2022-03-17T09:58:01","guid":{"rendered":"https:\/\/www.lab.eus\/?p=44950"},"modified":"2022-03-17T10:00:56","modified_gmt":"2022-03-17T10:00:56","slug":"hemos-realizado-una-sentada-ante-la-diputacion-de-bizkaia-para-reclamar-la-implicacion-del-ente-foral-en-el-conflicto-de-residencias-de-mayores","status":"publish","type":"post","link":"https:\/\/www.lab.eus\/es\/hemos-realizado-una-sentada-ante-la-diputacion-de-bizkaia-para-reclamar-la-implicacion-del-ente-foral-en-el-conflicto-de-residencias-de-mayores\/","title":{"rendered":"Hemos realizado una sentada ante la Diputaci\u00f3n de Bizkaia para reclamar la implicaci\u00f3n del ente foral en el conflicto de residencias de mayores"},"content":{"rendered":"\n<p>LAB ha realizado una sentada ante la sede de la Diputaci\u00f3n de Bizkaia, con motivo de las movilizaciones previstas con motivo de la huelga de hoy, para reclamar la implicaci\u00f3n de la instituci\u00f3n foral ante el bloqueo de la negociaci\u00f3n en el convenio colectivo de residencias de mayores del territorio.<\/p>\n\n\n\n<p>En anteriores jornadas de huelga, LAB ha interpelado directamente a la Diputaci\u00f3n reclamando que debe participar activamente en la negociaci\u00f3n del convenio en las residencias de mayores. En los \u00faltimos d\u00edas, el sindicato ha solicitado una reuni\u00f3n con el diputado de Acci\u00f3n Social, Sergio Murillo, y le ha pedido que comparezca en las Juntas Generales de Bizkaia. Al hacer o\u00eddos sordos a estas peticiones, LAB ha realizado hoy una sentada.<\/p>\n\n\n\n<p>El sindicato LAB ve imprescindible la implicaci\u00f3n de la Diputaci\u00f3n Foral de Bizkaia en la resoluci\u00f3n del conflicto de las residencias de mayores. LAB pide equiparar las condiciones laborales de las trabajadoras en lucha con las del sector p\u00fablico y revisar cuanto antes las ratios actuales, incrementando las plantillas. Para desbloquear la negociaci\u00f3n y poder negociar la mejora de las condiciones laborales, la Diputaci\u00f3n tiene que sentarse a negociar.<\/p>\n\n\n\n<figure class=\"wp-block-gallery columns-3 is-cropped wp-block-gallery-1 is-layout-flex wp-block-gallery-is-layout-flex\"><ul class=\"blocks-gallery-grid\"><li class=\"blocks-gallery-item\"><figure><img loading=\"lazy\" decoding=\"async\" width=\"1024\" height=\"769\" src=\"https:\/\/www.lab.eus\/wp-content\/uploads\/2022\/03\/Aldundia1-1024x769.jpeg\" alt=\"\" data-id=\"44966\" data-link=\"https:\/\/www.lab.eus\/?attachment_id=44966\" class=\"wp-image-44966\" srcset=\"https:\/\/www.lab.eus\/wp-content\/uploads\/2022\/03\/Aldundia1-1024x769.jpeg 1024w, https:\/\/www.lab.eus\/wp-content\/uploads\/2022\/03\/Aldundia1-300x225.jpeg 300w, https:\/\/www.lab.eus\/wp-content\/uploads\/2022\/03\/Aldundia1-768x577.jpeg 768w, https:\/\/www.lab.eus\/wp-content\/uploads\/2022\/03\/Aldundia1-150x113.jpeg 150w, https:\/\/www.lab.eus\/wp-content\/uploads\/2022\/03\/Aldundia1-696x523.jpeg 696w, https:\/\/www.lab.eus\/wp-content\/uploads\/2022\/03\/Aldundia1-1068x802.jpeg 1068w, https:\/\/www.lab.eus\/wp-content\/uploads\/2022\/03\/Aldundia1-559x420.jpeg 559w, https:\/\/www.lab.eus\/wp-content\/uploads\/2022\/03\/Aldundia1-80x60.jpeg 80w, https:\/\/www.lab.eus\/wp-content\/uploads\/2022\/03\/Aldundia1-265x198.jpeg 265w, https:\/\/www.lab.eus\/wp-content\/uploads\/2022\/03\/Aldundia1.jpeg 1280w\" sizes=\"auto, (max-width: 1024px) 100vw, 1024px\" \/><\/figure><\/li><li class=\"blocks-gallery-item\"><figure><img loading=\"lazy\" decoding=\"async\" width=\"1024\" height=\"682\" src=\"https:\/\/www.lab.eus\/wp-content\/uploads\/2022\/03\/Aldundia2-1024x682.jpeg\" alt=\"\" data-id=\"44968\" data-link=\"https:\/\/www.lab.eus\/?attachment_id=44968\" class=\"wp-image-44968\" srcset=\"https:\/\/www.lab.eus\/wp-content\/uploads\/2022\/03\/Aldundia2-1024x682.jpeg 1024w, https:\/\/www.lab.eus\/wp-content\/uploads\/2022\/03\/Aldundia2-300x200.jpeg 300w, https:\/\/www.lab.eus\/wp-content\/uploads\/2022\/03\/Aldundia2-768x512.jpeg 768w, https:\/\/www.lab.eus\/wp-content\/uploads\/2022\/03\/Aldundia2-150x100.jpeg 150w, https:\/\/www.lab.eus\/wp-content\/uploads\/2022\/03\/Aldundia2-696x464.jpeg 696w, https:\/\/www.lab.eus\/wp-content\/uploads\/2022\/03\/Aldundia2-1068x712.jpeg 1068w, https:\/\/www.lab.eus\/wp-content\/uploads\/2022\/03\/Aldundia2-630x420.jpeg 630w, https:\/\/www.lab.eus\/wp-content\/uploads\/2022\/03\/Aldundia2.jpeg 1280w\" sizes=\"auto, (max-width: 1024px) 100vw, 1024px\" \/><\/figure><\/li><li class=\"blocks-gallery-item\"><figure><img loading=\"lazy\" decoding=\"async\" width=\"1024\" height=\"769\" src=\"https:\/\/www.lab.eus\/wp-content\/uploads\/2022\/03\/photo_2022-03-17-10.59.26-1024x769.jpeg\" alt=\"\" data-id=\"44974\" data-full-url=\"https:\/\/www.lab.eus\/wp-content\/uploads\/2022\/03\/photo_2022-03-17-10.59.26.jpeg\" data-link=\"https:\/\/www.lab.eus\/eserialdia-egin-dugu-bizkaiko-aldundiaren-aurrean-adinekoen-egoitzetako-gatazkan-foru-erakundearen-inplikazioa-eskatzeko\/photo_2022-03-17-10-59-26\/\" class=\"wp-image-44974\" srcset=\"https:\/\/www.lab.eus\/wp-content\/uploads\/2022\/03\/photo_2022-03-17-10.59.26-1024x769.jpeg 1024w, https:\/\/www.lab.eus\/wp-content\/uploads\/2022\/03\/photo_2022-03-17-10.59.26-300x225.jpeg 300w, https:\/\/www.lab.eus\/wp-content\/uploads\/2022\/03\/photo_2022-03-17-10.59.26-768x577.jpeg 768w, https:\/\/www.lab.eus\/wp-content\/uploads\/2022\/03\/photo_2022-03-17-10.59.26-150x113.jpeg 150w, https:\/\/www.lab.eus\/wp-content\/uploads\/2022\/03\/photo_2022-03-17-10.59.26-696x523.jpeg 696w, https:\/\/www.lab.eus\/wp-content\/uploads\/2022\/03\/photo_2022-03-17-10.59.26-1068x802.jpeg 1068w, https:\/\/www.lab.eus\/wp-content\/uploads\/2022\/03\/photo_2022-03-17-10.59.26-559x420.jpeg 559w, https:\/\/www.lab.eus\/wp-content\/uploads\/2022\/03\/photo_2022-03-17-10.59.26-80x60.jpeg 80w, https:\/\/www.lab.eus\/wp-content\/uploads\/2022\/03\/photo_2022-03-17-10.59.26-265x198.jpeg 265w, https:\/\/www.lab.eus\/wp-content\/uploads\/2022\/03\/photo_2022-03-17-10.59.26.jpeg 1280w\" sizes=\"auto, (max-width: 1024px) 100vw, 1024px\" \/><\/figure><\/li><\/ul><\/figure>\n","protected":false},"excerpt":{"rendered":"<p>En los \u00faltimos d\u00edas, hemos solicitado una reuni\u00f3n con el diputado de Acci\u00f3n Social, Sergio Murillo, y le hemos pedido que comparezca en las Juntas Generales de Bizkaia. Ha hecho o\u00eddos sordos a estas peticiones. <\/p>\n","protected":false},"author":1189,"featured_media":44965,"comment_status":"closed","ping_status":"closed","sticky":false,"template":"","format":"standard","meta":{"_monsterinsights_skip_tracking":false,"_monsterinsights_sitenote_active":false,"_monsterinsights_sitenote_note":"","_monsterinsights_sitenote_category":0,"footnotes":"","_links_to":"","_links_to_target":""},"categories":[18,3000,6,3283],"tags":[3033,3178,3217,3171],"class_list":{"0":"post-44950","1":"post","2":"type-post","3":"status-publish","4":"format-standard","5":"has-post-thumbnail","7":"category-es-accion-sindical","8":"category-servicio-sociocomunitario","9":"category-es-servicios-publicos","10":"category-sin-categorizar","11":"tag-accion-sindical-es","12":"tag-destacado-1","13":"tag-servicios-sociocomunitarios","14":"tag-servicios-publicos-es"},"_links":{"self":[{"href":"https:\/\/www.lab.eus\/es\/wp-json\/wp\/v2\/posts\/44950","targetHints":{"allow":["GET"]}}],"collection":[{"href":"https:\/\/www.lab.eus\/es\/wp-json\/wp\/v2\/posts"}],"about":[{"href":"https:\/\/www.lab.eus\/es\/wp-json\/wp\/v2\/types\/post"}],"author":[{"embeddable":true,"href":"https:\/\/www.lab.eus\/es\/wp-json\/wp\/v2\/users\/1189"}],"replies":[{"embeddable":true,"href":"https:\/\/www.lab.eus\/es\/wp-json\/wp\/v2\/comments?post=44950"}],"version-history":[{"count":0,"href":"https:\/\/www.lab.eus\/es\/wp-json\/wp\/v2\/posts\/44950\/revisions"}],"wp:featuredmedia":[{"embeddable":true,"href":"https:\/\/www.lab.eus\/es\/wp-json\/wp\/v2\/media\/44965"}],"wp:attachment":[{"href":"https:\/\/www.lab.eus\/es\/wp-json\/wp\/v2\/media?parent=44950"}],"wp:term":[{"taxonomy":"category","embeddable":true,"href":"https:\/\/www.lab.eus\/es\/wp-json\/wp\/v2\/categories?post=44950"},{"taxonomy":"post_tag","embeddable":true,"href":"https:\/\/www.lab.eus\/es\/wp-json\/wp\/v2\/tags?post=44950"}],"curies":[{"name":"wp","href":"https:\/\/api.w.org\/{rel}","templated":true}]}}