{"id":44874,"date":"2022-03-15T14:10:48","date_gmt":"2022-03-15T14:10:48","guid":{"rendered":"https:\/\/www.lab.eus\/?p=44874"},"modified":"2022-03-15T14:10:50","modified_gmt":"2022-03-15T14:10:50","slug":"seguiremos-movilizandonos-en-osakidetza-por-una-sanidad-publica-de-calidad-y-por-los-derechos-que-les-corresponde-a-sus-profesionales","status":"publish","type":"post","link":"https:\/\/www.lab.eus\/es\/seguiremos-movilizandonos-en-osakidetza-por-una-sanidad-publica-de-calidad-y-por-los-derechos-que-les-corresponde-a-sus-profesionales\/","title":{"rendered":"Seguiremos moviliz\u00e1ndonos en Osakidetza por una sanidad p\u00fablica de calidad y por los derechos que les corresponde  a sus profesionales"},"content":{"rendered":"\n<p>Los sindicatos LAB, SATSE, ELA, CCOO y UGT hemos convocado concentraciones el viernes 18 de marzo en diferentes centros para dar continuidad a la lucha por una negociaci\u00f3n real que afronte y solucione los grav\u00edsimos problemas que vive la sanidad p\u00fablica y sus profesionales.<\/p>\n\n\n\n<div class=\"wp-block-file\"><a href=\"https:\/\/www.lab.eus\/wp-content\/uploads\/2022\/03\/intersindikal-M18.pdf\">Comunicado conjunto de los sindicatos<\/a><a href=\"https:\/\/www.lab.eus\/wp-content\/uploads\/2022\/03\/intersindikal-M18.pdf\" class=\"wp-block-file__button\" download>Deskargatu<\/a><\/div>\n\n\n\n<p>Estas son las movilizaciones convocadas:<\/p>\n\n\n\n<p>Araba: a las 11:00, en Txagorritxu; a las 13:00, en el centro de salud de Lakuabizkarra <\/p>\n\n\n\n<p>Bizkaia: a las 11:00, en el Hospital de Galdakao; a las 13:00, en el ambulatorio de Deustu<\/p>\n\n\n\n<p>Gipuzkoa: a las 11:00, en el Hospital Donostia; a las 13:00, en el centro de salud de Elgoibar<\/p>\n","protected":false},"excerpt":{"rendered":"<p>Los sindicatos LAB, SATSE, ELA, CCOO y UGT hemos convocado concentraciones el viernes 18 de marzo en diferentes centros para dar continuidad a la lucha por una negociaci\u00f3n real que afronte y solucione los grav\u00edsimos problemas que vive la sanidad p\u00fablica y sus profesionales.<\/p>\n","protected":false},"author":1189,"featured_media":44881,"comment_status":"closed","ping_status":"closed","sticky":false,"template":"","format":"standard","meta":{"_monsterinsights_skip_tracking":false,"_monsterinsights_sitenote_active":false,"_monsterinsights_sitenote_note":"","_monsterinsights_sitenote_category":0,"footnotes":"","_links_to":"","_links_to_target":""},"categories":[3097,6],"tags":[3178,3195,3100,3171],"class_list":{"0":"post-44874","1":"post","2":"type-post","3":"status-publish","4":"format-standard","5":"has-post-thumbnail","7":"category-sanidad","8":"category-es-servicios-publicos","9":"tag-destacado-1","10":"tag-osakidetza-es","11":"tag-sanidad-es","12":"tag-servicios-publicos-es"},"_links":{"self":[{"href":"https:\/\/www.lab.eus\/es\/wp-json\/wp\/v2\/posts\/44874","targetHints":{"allow":["GET"]}}],"collection":[{"href":"https:\/\/www.lab.eus\/es\/wp-json\/wp\/v2\/posts"}],"about":[{"href":"https:\/\/www.lab.eus\/es\/wp-json\/wp\/v2\/types\/post"}],"author":[{"embeddable":true,"href":"https:\/\/www.lab.eus\/es\/wp-json\/wp\/v2\/users\/1189"}],"replies":[{"embeddable":true,"href":"https:\/\/www.lab.eus\/es\/wp-json\/wp\/v2\/comments?post=44874"}],"version-history":[{"count":0,"href":"https:\/\/www.lab.eus\/es\/wp-json\/wp\/v2\/posts\/44874\/revisions"}],"wp:featuredmedia":[{"embeddable":true,"href":"https:\/\/www.lab.eus\/es\/wp-json\/wp\/v2\/media\/44881"}],"wp:attachment":[{"href":"https:\/\/www.lab.eus\/es\/wp-json\/wp\/v2\/media?parent=44874"}],"wp:term":[{"taxonomy":"category","embeddable":true,"href":"https:\/\/www.lab.eus\/es\/wp-json\/wp\/v2\/categories?post=44874"},{"taxonomy":"post_tag","embeddable":true,"href":"https:\/\/www.lab.eus\/es\/wp-json\/wp\/v2\/tags?post=44874"}],"curies":[{"name":"wp","href":"https:\/\/api.w.org\/{rel}","templated":true}]}}