{"id":44716,"date":"2022-03-11T10:30:53","date_gmt":"2022-03-11T10:30:53","guid":{"rendered":"https:\/\/www.lab.eus\/?p=44716"},"modified":"2022-03-11T12:44:48","modified_gmt":"2022-03-11T12:44:48","slug":"hemos-convocado-huelga-para-el-17-de-marzo-en-las-residencias-de-mayores-de-bizkaia-para-reclamar-mas-personal-y-la-equiparacion-con-las-trabajadoras-del-sector-publico","status":"publish","type":"post","link":"https:\/\/www.lab.eus\/es\/hemos-convocado-huelga-para-el-17-de-marzo-en-las-residencias-de-mayores-de-bizkaia-para-reclamar-mas-personal-y-la-equiparacion-con-las-trabajadoras-del-sector-publico\/","title":{"rendered":"Hemos convocado huelga para el 17 de marzo en las residencias de mayores de Bizkaia para reclamar m\u00e1s personal y la equiparaci\u00f3n con las trabajadoras del sector p\u00fablico"},"content":{"rendered":"\n<p>LAB se ha concentrado en Bilbo, ante la sede de GESCA, patronal de las residencias de mayores, para denunciar lo se\u00f1alado por \u00e9sta hace algunas semanas. <\/p>\n\n\n\n<p>La portavoz de LAB Ane Escondrillas ha se\u00f1alado que \u00abGESCA miente cuando hablan sobre la ratio, diciendo que hay dos trabajadoras por cada residente\u00bb. Ha recordado que, en estos momentos, hay dos trabajadoras para atender a casi 30 usuarios y usuarias y la falta de personal y las cargas de trabajo son sangrantes en el sector. \u00abLa rebaja de horario que se dio en el convenio lo est\u00e1n cubriendo las plantillas con su esfuerzo y el deterioro de su salud. El rebaje horario no est\u00e1 trayendo m\u00e1s contrataci\u00f3n. Es urgente la revisi\u00f3n y la mejora de la ratio\u00bb, ha se\u00f1alado.<\/p>\n\n\n\n<p>Del mismo modo, ha mostrado su disconformidad con GESCA cuando la patronal se\u00f1ala que este servicio solo se puede mantener por la v\u00eda privada. LAB considera que el servicio de las residencias de mayores deber\u00eda ser p\u00fablico y las trabajadoras del sector deber\u00edan equiparar sus condiciones laborales con las trabajadoras del sector p\u00fablico. El dinero p\u00fablico s\u00ed se ha destinado a construir residencias, ahora de tutela privada, y tambi\u00e9n se destina dinero p\u00fablico a empresas privadas. As\u00ed, LAB reclama la urgente equiparaci\u00f3n de las condiciones laborales de las residencias del sector privado con las de las trabajadoras del sector p\u00fablico.<\/p>\n\n\n\n<figure class=\"wp-block-embed is-type-video is-provider-youtube wp-block-embed-youtube wp-embed-aspect-4-3 wp-has-aspect-ratio\"><div class=\"wp-block-embed__wrapper\">\n<div class=\"youtube-embed\" data-video_id=\"zinddWWkanc\"><iframe loading=\"lazy\" title=\"Grebara deitu dugu martxoaren 17rako, Bizkaiko helduen egoitzetan\" width=\"696\" height=\"522\" src=\"https:\/\/www.youtube.com\/embed\/zinddWWkanc?feature=oembed&#038;enablejsapi=1\" frameborder=\"0\" allow=\"accelerometer; autoplay; clipboard-write; encrypted-media; gyroscope; picture-in-picture\" allowfullscreen><\/iframe><\/div>\n<\/div><\/figure>\n\n\n\n<p>Las condiciones laborales de este colectivo llevan congeladas casi 3 a\u00f1os. \u00abEn la pandemia nos aplaudieron, pero nuestras condiciones laborales no han hecho mas que empeorar\u00bb, ha se\u00f1alado Escondrillas.<\/p>\n\n\n\n<p>En palabras de la representante de LAB, \u00ablas trabajadoras no somos manipulables por nadie. Sabemos lo que sufrimos en nuestros puestos de trabajo y as\u00ed lo contamos y denunciamos\u00bb. En este sentido, ha hecho un llamamiento a participar en la jornada de huelga que ha convocado LAB para el pr\u00f3ximo 17 de marzo, \u00abpara decirle a la patronal GESCA, LARES y ELBE y a la Diputaci\u00f3n de Bizkaia que nos tendr\u00e1n en frente\u00bb.<\/p>\n\n\n\n<figure class=\"wp-block-image size-large\"><img loading=\"lazy\" decoding=\"async\" width=\"724\" height=\"1024\" src=\"https:\/\/www.lab.eus\/wp-content\/uploads\/2022\/03\/Mobilizazioa-724x1024.jpeg\" alt=\"\" class=\"wp-image-44732\" srcset=\"https:\/\/www.lab.eus\/wp-content\/uploads\/2022\/03\/Mobilizazioa-724x1024.jpeg 724w, https:\/\/www.lab.eus\/wp-content\/uploads\/2022\/03\/Mobilizazioa-212x300.jpeg 212w, https:\/\/www.lab.eus\/wp-content\/uploads\/2022\/03\/Mobilizazioa-768x1086.jpeg 768w, https:\/\/www.lab.eus\/wp-content\/uploads\/2022\/03\/Mobilizazioa-150x212.jpeg 150w, https:\/\/www.lab.eus\/wp-content\/uploads\/2022\/03\/Mobilizazioa-300x424.jpeg 300w, https:\/\/www.lab.eus\/wp-content\/uploads\/2022\/03\/Mobilizazioa-696x984.jpeg 696w, https:\/\/www.lab.eus\/wp-content\/uploads\/2022\/03\/Mobilizazioa-297x420.jpeg 297w, https:\/\/www.lab.eus\/wp-content\/uploads\/2022\/03\/Mobilizazioa.jpeg 905w\" sizes=\"auto, (max-width: 724px) 100vw, 724px\" \/><\/figure>\n","protected":false},"excerpt":{"rendered":"<p>Nos hemos concentrado en Bilbo, ante la sede de GESCA, patronal de las residencias de mayores, para denunciar lo se\u00f1alado por \u00e9sta hace algunas semanas y anunciar la convocatoria de huelga.<\/p>\n","protected":false},"author":1189,"featured_media":44720,"comment_status":"closed","ping_status":"closed","sticky":false,"template":"","format":"video","meta":{"_monsterinsights_skip_tracking":false,"_monsterinsights_sitenote_active":false,"_monsterinsights_sitenote_note":"","_monsterinsights_sitenote_category":0,"footnotes":"","_links_to":"","_links_to_target":""},"categories":[18,3000,6],"tags":[3033,3178,3217,3171],"class_list":{"0":"post-44716","1":"post","2":"type-post","3":"status-publish","4":"format-video","5":"has-post-thumbnail","7":"category-es-accion-sindical","8":"category-servicio-sociocomunitario","9":"category-es-servicios-publicos","10":"tag-accion-sindical-es","11":"tag-destacado-1","12":"tag-servicios-sociocomunitarios","13":"tag-servicios-publicos-es","14":"post_format-post-format-video"},"_links":{"self":[{"href":"https:\/\/www.lab.eus\/es\/wp-json\/wp\/v2\/posts\/44716","targetHints":{"allow":["GET"]}}],"collection":[{"href":"https:\/\/www.lab.eus\/es\/wp-json\/wp\/v2\/posts"}],"about":[{"href":"https:\/\/www.lab.eus\/es\/wp-json\/wp\/v2\/types\/post"}],"author":[{"embeddable":true,"href":"https:\/\/www.lab.eus\/es\/wp-json\/wp\/v2\/users\/1189"}],"replies":[{"embeddable":true,"href":"https:\/\/www.lab.eus\/es\/wp-json\/wp\/v2\/comments?post=44716"}],"version-history":[{"count":0,"href":"https:\/\/www.lab.eus\/es\/wp-json\/wp\/v2\/posts\/44716\/revisions"}],"wp:featuredmedia":[{"embeddable":true,"href":"https:\/\/www.lab.eus\/es\/wp-json\/wp\/v2\/media\/44720"}],"wp:attachment":[{"href":"https:\/\/www.lab.eus\/es\/wp-json\/wp\/v2\/media?parent=44716"}],"wp:term":[{"taxonomy":"category","embeddable":true,"href":"https:\/\/www.lab.eus\/es\/wp-json\/wp\/v2\/categories?post=44716"},{"taxonomy":"post_tag","embeddable":true,"href":"https:\/\/www.lab.eus\/es\/wp-json\/wp\/v2\/tags?post=44716"}],"curies":[{"name":"wp","href":"https:\/\/api.w.org\/{rel}","templated":true}]}}