{"id":44669,"date":"2022-03-10T11:52:23","date_gmt":"2022-03-10T11:52:23","guid":{"rendered":"https:\/\/www.lab.eus\/?p=44669"},"modified":"2022-03-10T11:55:40","modified_gmt":"2022-03-10T11:55:40","slug":"tercera-jornada-de-huelga-en-las-residencias-de-mayores-de-nafarroa-en-defensa-del-primer-convenio-para-mejorar-las-condiciones-laborales-y-la-calidad-del-servicio","status":"publish","type":"post","link":"https:\/\/www.lab.eus\/es\/tercera-jornada-de-huelga-en-las-residencias-de-mayores-de-nafarroa-en-defensa-del-primer-convenio-para-mejorar-las-condiciones-laborales-y-la-calidad-del-servicio\/","title":{"rendered":"Tercera jornada de huelga en las residencias de mayores de Nafarroa en defensa del primer convenio para mejorar las condiciones laborales y la calidad del servicio"},"content":{"rendered":"\n<p>Tal y como hicimos el 13 de enero y <a href=\"https:\/\/www.lab.eus\/es\/hemos-reclamado-la-negociacion-del-primer-convenio-de-residencias-de-nafarroa-para-mejorar-las-condiciones-laborales-y-la-calidad-del-servicio\/\">el 23 de febrero<\/a>, las trabajadoras de todas las residencias navarras de atenci\u00f3n a las personas mayores han secundado una nueva jornada de huelga convocada por LAB, ELA, UGT y CCOO en el camino hacia la consecuci\u00f3n del convenio sectorial. Para la tarde hemos convocado manifestaciones: en Iru\u00f1ea, desde la antigua estaci\u00f3n de autobuses (18:00); en Tafalla, desde la residencia San Severino (18:00); y en Tutera, desde la plaza de los Fueros (18:30).<\/p>\n\n\n\n<p>El convenio debe servir para mejorar las condiciones de trabajo de m\u00e1s de 4.500 trabajadoras navarras, repartidas en m\u00e1s de 70 centros. La mejora de condiciones laborales se materializa en contrataciones de calidad, medidas efectivas de seguridad y protecci\u00f3n, limitar e impedir fondos buitre en el sector, gesti\u00f3n p\u00fablica de los servicios, formaci\u00f3n y profesionalizaci\u00f3n del sistema y fortalecer las inspecciones.<\/p>\n\n\n\n<p>El 11 de enero nos concentramos frente al Parlamento de Nafarroa, el 13 de enero hicimos la primera jornada de huelga, el 23 de febrero la segunda y hoy, 10 de marzo, la tercera.<\/p>\n\n\n\n<figure class=\"wp-block-gallery columns-3 is-cropped wp-block-gallery-1 is-layout-flex wp-block-gallery-is-layout-flex\"><ul class=\"blocks-gallery-grid\"><li class=\"blocks-gallery-item\"><figure><img loading=\"lazy\" decoding=\"async\" width=\"1024\" height=\"768\" src=\"https:\/\/www.lab.eus\/wp-content\/uploads\/2022\/03\/1-2-1024x768.jpeg\" alt=\"\" data-id=\"44677\" data-link=\"https:\/\/www.lab.eus\/hirugarren-greba-eguna-egin-dugu-nafarroako-adinekoen-egoitzetan-lan-baldintzak-eta-zerbitzuaren-kalitatea-hobetzeko-lehen-hitzarmenaren-defentsan\/1-2-3\/\" class=\"wp-image-44677\" srcset=\"https:\/\/www.lab.eus\/wp-content\/uploads\/2022\/03\/1-2-1024x768.jpeg 1024w, https:\/\/www.lab.eus\/wp-content\/uploads\/2022\/03\/1-2-300x225.jpeg 300w, https:\/\/www.lab.eus\/wp-content\/uploads\/2022\/03\/1-2-768x576.jpeg 768w, https:\/\/www.lab.eus\/wp-content\/uploads\/2022\/03\/1-2-1536x1152.jpeg 1536w, https:\/\/www.lab.eus\/wp-content\/uploads\/2022\/03\/1-2-150x113.jpeg 150w, https:\/\/www.lab.eus\/wp-content\/uploads\/2022\/03\/1-2-696x522.jpeg 696w, https:\/\/www.lab.eus\/wp-content\/uploads\/2022\/03\/1-2-1068x801.jpeg 1068w, https:\/\/www.lab.eus\/wp-content\/uploads\/2022\/03\/1-2-560x420.jpeg 560w, https:\/\/www.lab.eus\/wp-content\/uploads\/2022\/03\/1-2-80x60.jpeg 80w, https:\/\/www.lab.eus\/wp-content\/uploads\/2022\/03\/1-2-265x198.jpeg 265w, https:\/\/www.lab.eus\/wp-content\/uploads\/2022\/03\/1-2.jpeg 1600w\" sizes=\"auto, (max-width: 1024px) 100vw, 1024px\" \/><\/figure><\/li><li class=\"blocks-gallery-item\"><figure><img loading=\"lazy\" decoding=\"async\" width=\"769\" height=\"1024\" src=\"https:\/\/www.lab.eus\/wp-content\/uploads\/2022\/03\/2-2.jpeg\" alt=\"\" data-id=\"44680\" data-link=\"https:\/\/www.lab.eus\/hirugarren-greba-eguna-egin-dugu-nafarroako-adinekoen-egoitzetan-lan-baldintzak-eta-zerbitzuaren-kalitatea-hobetzeko-lehen-hitzarmenaren-defentsan\/2-2-2\/\" class=\"wp-image-44681\" srcset=\"https:\/\/www.lab.eus\/wp-content\/uploads\/2022\/03\/2-2.jpeg 769w, https:\/\/www.lab.eus\/wp-content\/uploads\/2022\/03\/2-2-225x300.jpeg 225w, https:\/\/www.lab.eus\/wp-content\/uploads\/2022\/03\/2-2-150x200.jpeg 150w, https:\/\/www.lab.eus\/wp-content\/uploads\/2022\/03\/2-2-300x399.jpeg 300w, https:\/\/www.lab.eus\/wp-content\/uploads\/2022\/03\/2-2-696x927.jpeg 696w, https:\/\/www.lab.eus\/wp-content\/uploads\/2022\/03\/2-2-315x420.jpeg 315w\" sizes=\"auto, (max-width: 769px) 100vw, 769px\" \/><\/figure><\/li><li class=\"blocks-gallery-item\"><figure><img loading=\"lazy\" decoding=\"async\" width=\"1024\" height=\"768\" src=\"https:\/\/www.lab.eus\/wp-content\/uploads\/2022\/03\/3-2.jpeg\" alt=\"\" data-id=\"44682\" data-link=\"https:\/\/www.lab.eus\/hirugarren-greba-eguna-egin-dugu-nafarroako-adinekoen-egoitzetan-lan-baldintzak-eta-zerbitzuaren-kalitatea-hobetzeko-lehen-hitzarmenaren-defentsan\/3-2-2\/\" class=\"wp-image-44683\" srcset=\"https:\/\/www.lab.eus\/wp-content\/uploads\/2022\/03\/3-2.jpeg 1024w, https:\/\/www.lab.eus\/wp-content\/uploads\/2022\/03\/3-2-300x225.jpeg 300w, https:\/\/www.lab.eus\/wp-content\/uploads\/2022\/03\/3-2-768x576.jpeg 768w, https:\/\/www.lab.eus\/wp-content\/uploads\/2022\/03\/3-2-150x113.jpeg 150w, https:\/\/www.lab.eus\/wp-content\/uploads\/2022\/03\/3-2-696x522.jpeg 696w, https:\/\/www.lab.eus\/wp-content\/uploads\/2022\/03\/3-2-560x420.jpeg 560w, https:\/\/www.lab.eus\/wp-content\/uploads\/2022\/03\/3-2-80x60.jpeg 80w, https:\/\/www.lab.eus\/wp-content\/uploads\/2022\/03\/3-2-265x198.jpeg 265w\" sizes=\"auto, (max-width: 1024px) 100vw, 1024px\" \/><\/figure><\/li><li class=\"blocks-gallery-item\"><figure><img loading=\"lazy\" decoding=\"async\" width=\"1024\" height=\"768\" src=\"https:\/\/www.lab.eus\/wp-content\/uploads\/2022\/03\/5-1-1024x768.jpeg\" alt=\"\" data-id=\"44686\" data-link=\"https:\/\/www.lab.eus\/hirugarren-greba-eguna-egin-dugu-nafarroako-adinekoen-egoitzetan-lan-baldintzak-eta-zerbitzuaren-kalitatea-hobetzeko-lehen-hitzarmenaren-defentsan\/5-1-2\/\" class=\"wp-image-44686\" srcset=\"https:\/\/www.lab.eus\/wp-content\/uploads\/2022\/03\/5-1-1024x768.jpeg 1024w, https:\/\/www.lab.eus\/wp-content\/uploads\/2022\/03\/5-1-300x225.jpeg 300w, https:\/\/www.lab.eus\/wp-content\/uploads\/2022\/03\/5-1-768x576.jpeg 768w, https:\/\/www.lab.eus\/wp-content\/uploads\/2022\/03\/5-1-1536x1152.jpeg 1536w, https:\/\/www.lab.eus\/wp-content\/uploads\/2022\/03\/5-1-150x113.jpeg 150w, https:\/\/www.lab.eus\/wp-content\/uploads\/2022\/03\/5-1-696x522.jpeg 696w, https:\/\/www.lab.eus\/wp-content\/uploads\/2022\/03\/5-1-1068x801.jpeg 1068w, https:\/\/www.lab.eus\/wp-content\/uploads\/2022\/03\/5-1-560x420.jpeg 560w, https:\/\/www.lab.eus\/wp-content\/uploads\/2022\/03\/5-1-80x60.jpeg 80w, https:\/\/www.lab.eus\/wp-content\/uploads\/2022\/03\/5-1-265x198.jpeg 265w, https:\/\/www.lab.eus\/wp-content\/uploads\/2022\/03\/5-1.jpeg 1600w\" sizes=\"auto, (max-width: 1024px) 100vw, 1024px\" \/><\/figure><\/li><li class=\"blocks-gallery-item\"><figure><img loading=\"lazy\" decoding=\"async\" width=\"1024\" height=\"768\" src=\"https:\/\/www.lab.eus\/wp-content\/uploads\/2022\/03\/6-1-1024x768.jpeg\" alt=\"\" data-id=\"44688\" data-link=\"https:\/\/www.lab.eus\/hirugarren-greba-eguna-egin-dugu-nafarroako-adinekoen-egoitzetan-lan-baldintzak-eta-zerbitzuaren-kalitatea-hobetzeko-lehen-hitzarmenaren-defentsan\/6-1-2\/\" class=\"wp-image-44688\" srcset=\"https:\/\/www.lab.eus\/wp-content\/uploads\/2022\/03\/6-1-1024x768.jpeg 1024w, https:\/\/www.lab.eus\/wp-content\/uploads\/2022\/03\/6-1-300x225.jpeg 300w, https:\/\/www.lab.eus\/wp-content\/uploads\/2022\/03\/6-1-768x576.jpeg 768w, https:\/\/www.lab.eus\/wp-content\/uploads\/2022\/03\/6-1-1536x1152.jpeg 1536w, https:\/\/www.lab.eus\/wp-content\/uploads\/2022\/03\/6-1-150x113.jpeg 150w, https:\/\/www.lab.eus\/wp-content\/uploads\/2022\/03\/6-1-696x522.jpeg 696w, https:\/\/www.lab.eus\/wp-content\/uploads\/2022\/03\/6-1-1068x801.jpeg 1068w, https:\/\/www.lab.eus\/wp-content\/uploads\/2022\/03\/6-1-560x420.jpeg 560w, https:\/\/www.lab.eus\/wp-content\/uploads\/2022\/03\/6-1-80x60.jpeg 80w, https:\/\/www.lab.eus\/wp-content\/uploads\/2022\/03\/6-1-265x198.jpeg 265w, https:\/\/www.lab.eus\/wp-content\/uploads\/2022\/03\/6-1.jpeg 1600w\" sizes=\"auto, (max-width: 1024px) 100vw, 1024px\" \/><\/figure><\/li><li class=\"blocks-gallery-item\"><figure><img loading=\"lazy\" decoding=\"async\" width=\"1024\" height=\"768\" src=\"https:\/\/www.lab.eus\/wp-content\/uploads\/2022\/03\/7-1024x768.jpeg\" alt=\"\" data-id=\"44690\" data-full-url=\"https:\/\/www.lab.eus\/wp-content\/uploads\/2022\/03\/7.jpeg\" data-link=\"https:\/\/www.lab.eus\/hirugarren-greba-eguna-egin-dugu-nafarroako-adinekoen-egoitzetan-lan-baldintzak-eta-zerbitzuaren-kalitatea-hobetzeko-lehen-hitzarmenaren-defentsan\/7-9\/\" class=\"wp-image-44690\" srcset=\"https:\/\/www.lab.eus\/wp-content\/uploads\/2022\/03\/7-1024x768.jpeg 1024w, https:\/\/www.lab.eus\/wp-content\/uploads\/2022\/03\/7-300x225.jpeg 300w, https:\/\/www.lab.eus\/wp-content\/uploads\/2022\/03\/7-768x576.jpeg 768w, https:\/\/www.lab.eus\/wp-content\/uploads\/2022\/03\/7-1536x1152.jpeg 1536w, https:\/\/www.lab.eus\/wp-content\/uploads\/2022\/03\/7-150x113.jpeg 150w, https:\/\/www.lab.eus\/wp-content\/uploads\/2022\/03\/7-696x522.jpeg 696w, https:\/\/www.lab.eus\/wp-content\/uploads\/2022\/03\/7-1068x801.jpeg 1068w, https:\/\/www.lab.eus\/wp-content\/uploads\/2022\/03\/7-560x420.jpeg 560w, https:\/\/www.lab.eus\/wp-content\/uploads\/2022\/03\/7-80x60.jpeg 80w, https:\/\/www.lab.eus\/wp-content\/uploads\/2022\/03\/7-265x198.jpeg 265w, https:\/\/www.lab.eus\/wp-content\/uploads\/2022\/03\/7.jpeg 1600w\" sizes=\"auto, (max-width: 1024px) 100vw, 1024px\" \/><\/figure><\/li><li class=\"blocks-gallery-item\"><figure><img loading=\"lazy\" decoding=\"async\" width=\"1024\" height=\"768\" src=\"https:\/\/www.lab.eus\/wp-content\/uploads\/2022\/03\/4-2-1024x768.jpeg\" alt=\"\" data-id=\"44684\" data-link=\"https:\/\/www.lab.eus\/hirugarren-greba-eguna-egin-dugu-nafarroako-adinekoen-egoitzetan-lan-baldintzak-eta-zerbitzuaren-kalitatea-hobetzeko-lehen-hitzarmenaren-defentsan\/4-2-3\/\" class=\"wp-image-44684\" srcset=\"https:\/\/www.lab.eus\/wp-content\/uploads\/2022\/03\/4-2-1024x768.jpeg 1024w, https:\/\/www.lab.eus\/wp-content\/uploads\/2022\/03\/4-2-300x225.jpeg 300w, https:\/\/www.lab.eus\/wp-content\/uploads\/2022\/03\/4-2-768x576.jpeg 768w, https:\/\/www.lab.eus\/wp-content\/uploads\/2022\/03\/4-2-1536x1152.jpeg 1536w, https:\/\/www.lab.eus\/wp-content\/uploads\/2022\/03\/4-2-150x113.jpeg 150w, https:\/\/www.lab.eus\/wp-content\/uploads\/2022\/03\/4-2-696x522.jpeg 696w, https:\/\/www.lab.eus\/wp-content\/uploads\/2022\/03\/4-2-1068x801.jpeg 1068w, https:\/\/www.lab.eus\/wp-content\/uploads\/2022\/03\/4-2-1920x1440.jpeg 1920w, https:\/\/www.lab.eus\/wp-content\/uploads\/2022\/03\/4-2-560x420.jpeg 560w, https:\/\/www.lab.eus\/wp-content\/uploads\/2022\/03\/4-2-80x60.jpeg 80w, https:\/\/www.lab.eus\/wp-content\/uploads\/2022\/03\/4-2-265x198.jpeg 265w, https:\/\/www.lab.eus\/wp-content\/uploads\/2022\/03\/4-2.jpeg 2048w\" sizes=\"auto, (max-width: 1024px) 100vw, 1024px\" \/><\/figure><\/li><\/ul><\/figure>\n","protected":false},"excerpt":{"rendered":"<p>El convenio debe servir para mejorar las condiciones de trabajo de m\u00e1s de 4.500 trabajadoras navarras, repartidas en m\u00e1s de 70 centros. <\/p>\n","protected":false},"author":1189,"featured_media":44674,"comment_status":"closed","ping_status":"closed","sticky":false,"template":"","format":"standard","meta":{"_monsterinsights_skip_tracking":false,"_monsterinsights_sitenote_active":false,"_monsterinsights_sitenote_note":"","_monsterinsights_sitenote_category":0,"footnotes":"","_links_to":"","_links_to_target":""},"categories":[18,3000,6,3283],"tags":[3033,3178,3196,3217,3171],"class_list":{"0":"post-44669","1":"post","2":"type-post","3":"status-publish","4":"format-standard","5":"has-post-thumbnail","7":"category-es-accion-sindical","8":"category-servicio-sociocomunitario","9":"category-es-servicios-publicos","10":"category-sin-categorizar","11":"tag-accion-sindical-es","12":"tag-destacado-1","13":"tag-nafarroa-es-2","14":"tag-servicios-sociocomunitarios","15":"tag-servicios-publicos-es"},"_links":{"self":[{"href":"https:\/\/www.lab.eus\/es\/wp-json\/wp\/v2\/posts\/44669","targetHints":{"allow":["GET"]}}],"collection":[{"href":"https:\/\/www.lab.eus\/es\/wp-json\/wp\/v2\/posts"}],"about":[{"href":"https:\/\/www.lab.eus\/es\/wp-json\/wp\/v2\/types\/post"}],"author":[{"embeddable":true,"href":"https:\/\/www.lab.eus\/es\/wp-json\/wp\/v2\/users\/1189"}],"replies":[{"embeddable":true,"href":"https:\/\/www.lab.eus\/es\/wp-json\/wp\/v2\/comments?post=44669"}],"version-history":[{"count":0,"href":"https:\/\/www.lab.eus\/es\/wp-json\/wp\/v2\/posts\/44669\/revisions"}],"wp:featuredmedia":[{"embeddable":true,"href":"https:\/\/www.lab.eus\/es\/wp-json\/wp\/v2\/media\/44674"}],"wp:attachment":[{"href":"https:\/\/www.lab.eus\/es\/wp-json\/wp\/v2\/media?parent=44669"}],"wp:term":[{"taxonomy":"category","embeddable":true,"href":"https:\/\/www.lab.eus\/es\/wp-json\/wp\/v2\/categories?post=44669"},{"taxonomy":"post_tag","embeddable":true,"href":"https:\/\/www.lab.eus\/es\/wp-json\/wp\/v2\/tags?post=44669"}],"curies":[{"name":"wp","href":"https:\/\/api.w.org\/{rel}","templated":true}]}}