{"id":44306,"date":"2022-03-03T02:35:00","date_gmt":"2022-03-03T02:35:00","guid":{"rendered":"https:\/\/www.lab.eus\/?p=44306"},"modified":"2022-03-03T14:36:45","modified_gmt":"2022-03-03T14:36:45","slug":"el-techo-de-cristal-sigue-siendo-una-realidad-para-las-mujeres-en-la-administracion-de-nafarroa","status":"publish","type":"post","link":"https:\/\/www.lab.eus\/es\/el-techo-de-cristal-sigue-siendo-una-realidad-para-las-mujeres-en-la-administracion-de-nafarroa\/","title":{"rendered":"El techo de cristal sigue siendo una realidad para las mujeres en la Administraci\u00f3n de Nafarroa"},"content":{"rendered":"\n<p>Las mujeres ganamos menos que los hombres y se nos discrimina en el acceso a las jefaturas y cargos de responsabilidad.<\/p>\n\n\n\n<p>La Administraci\u00f3n Foral no se libra de la discriminaci\u00f3n hacia las mujeres en el \u00e1mbito laboral. As\u00ed se recoge en el \u201cAn\u00e1lisis cuantitativo sobre igualdad entre mujeres y hombres en la Administraci\u00f3n de la Comunidad Foral de Navarra y sus OOAA\u201d elaborado por el propio Gobierno de Navarra como trabajo previo para abordar el primer Plan de Igualdad en la Administraci\u00f3n. Algunas de las cuestiones m\u00e1s llamativas son la brecha salarial que alcanza el 6,65% y la discriminaci\u00f3n en el acceso a las jefaturas y cargos de responsabilidad.<br><br>Este an\u00e1lisis fue realizado por una comisi\u00f3n en la que participaron representantes de la Administraci\u00f3n y las organizaciones sindicales presentes en la Mesa General. Se trata de un exhaustivo an\u00e1lisis del que se desprenden datos muy interesantes y que ser\u00e1 utilizado para abordar el I Plan para la Igualdad de la Administraci\u00f3n Foral y sus OOAA.<br><br>La plantilla de la Administraci\u00f3n de la Comunidad Foral de Navarra est\u00e1 compuesta por 29.939 personas, una distribuci\u00f3n feminizada con un 71,29% de mujeres y un 28,71% de hombres. Aparentemente, hombres y mujeres cuentan con los mismos derechos y deberes en su relaci\u00f3n laboral pero hay indicadores que muestran que las mujeres siguen siendo discriminadas e infravaloradas. Dos aspectos resultan reveladores en este sentido: la brecha salarial, que alcanza un\u00a06,65%\u00a0y la distribuci\u00f3n de las jefaturas donde siguen siendo marginadas, especialmente cuanto m\u00e1s nos elevamos en el escalaf\u00f3n.<\/p>\n","protected":false},"excerpt":{"rendered":"<p>Las mujeres ganamos menos que los hombres y se nos discrimina en el acceso a las jefaturas y cargos de responsabilidad.<\/p>\n","protected":false},"author":1189,"featured_media":44304,"comment_status":"closed","ping_status":"closed","sticky":false,"template":"","format":"standard","meta":{"_monsterinsights_skip_tracking":false,"_monsterinsights_sitenote_active":false,"_monsterinsights_sitenote_note":"","_monsterinsights_sitenote_category":0,"footnotes":"","_links_to":"","_links_to_target":""},"categories":[3402,78,3281,6],"tags":[3178,3196,3171],"class_list":{"0":"post-44306","1":"post","2":"type-post","3":"status-publish","4":"format-standard","5":"has-post-thumbnail","7":"category-accion-politica","8":"category-es-administracion-de-navarra-es-servicios-publicos","9":"category-secretaria-feminista","10":"category-es-servicios-publicos","11":"tag-destacado-1","12":"tag-nafarroa-es-2","13":"tag-servicios-publicos-es"},"_links":{"self":[{"href":"https:\/\/www.lab.eus\/es\/wp-json\/wp\/v2\/posts\/44306","targetHints":{"allow":["GET"]}}],"collection":[{"href":"https:\/\/www.lab.eus\/es\/wp-json\/wp\/v2\/posts"}],"about":[{"href":"https:\/\/www.lab.eus\/es\/wp-json\/wp\/v2\/types\/post"}],"author":[{"embeddable":true,"href":"https:\/\/www.lab.eus\/es\/wp-json\/wp\/v2\/users\/1189"}],"replies":[{"embeddable":true,"href":"https:\/\/www.lab.eus\/es\/wp-json\/wp\/v2\/comments?post=44306"}],"version-history":[{"count":0,"href":"https:\/\/www.lab.eus\/es\/wp-json\/wp\/v2\/posts\/44306\/revisions"}],"wp:featuredmedia":[{"embeddable":true,"href":"https:\/\/www.lab.eus\/es\/wp-json\/wp\/v2\/media\/44304"}],"wp:attachment":[{"href":"https:\/\/www.lab.eus\/es\/wp-json\/wp\/v2\/media?parent=44306"}],"wp:term":[{"taxonomy":"category","embeddable":true,"href":"https:\/\/www.lab.eus\/es\/wp-json\/wp\/v2\/categories?post=44306"},{"taxonomy":"post_tag","embeddable":true,"href":"https:\/\/www.lab.eus\/es\/wp-json\/wp\/v2\/tags?post=44306"}],"curies":[{"name":"wp","href":"https:\/\/api.w.org\/{rel}","templated":true}]}}