{"id":44182,"date":"2022-03-02T13:48:18","date_gmt":"2022-03-02T13:48:18","guid":{"rendered":"https:\/\/www.lab.eus\/?p=44182"},"modified":"2022-03-02T13:48:32","modified_gmt":"2022-03-02T13:48:32","slug":"valoramos-de-forma-positiva-el-preacuerdo-en-isn-por-el-que-se-han-desconvocado-las-movilizaciones-previstas","status":"publish","type":"post","link":"https:\/\/www.lab.eus\/es\/valoramos-de-forma-positiva-el-preacuerdo-en-isn-por-el-que-se-han-desconvocado-las-movilizaciones-previstas\/","title":{"rendered":"Valoramos de forma positiva el preacuerdo en ISN, por el que se han desconvocado las movilizaciones previstas #LortuDugu"},"content":{"rendered":"\n<p>Se ha alcanzado un preacuerdo entre el comit\u00e9 y la empresa ISN por el que se desconvocan las movilizaciones previstas en la planta de Volkswagen Iru\u00f1ea, y que iban a comenzar el d\u00eda 2 de marzo.<\/p>\n\n\n\n<p>El impago de ISN en Volkswagen de las subidas salariales hab\u00eda llevado a la plantilla a una situaci\u00f3n insostenible. Causa quellevoaalcomit\u00e9aconvocarunahuelgaindefinidaadem\u00e1sdediferentesmovilizaciones. Conelpreacuerdofirmado por los sindicatos LAB y Solidari, que ostentan 7 representantes de 9 en el comit\u00e9 de empresa, se garantizar\u00e1 una subida salarial del 5%, adem\u00e1s de 3 d\u00edas de descanso.<\/p>\n\n\n\n<p>Pese a que la convocatoria de huelga estaba prevista para garantizar las subidas salariales de este a\u00f1o, junto a lo anterior, se ha conseguido una subida salarial del 2% para el a\u00f1o que viene, adem\u00e1s de una subida salarial en funci\u00f3n de la subida del IPC del 2022, y un d\u00eda de mejora de jornada si la empresa aplicar\u00e1 un ERTE de m\u00e1s de 15 d\u00edas.<\/p>\n\n\n\n<p>El sindicato LAB quiere agradecer a la plantilla su compromiso con la movilizaci\u00f3n y con la lucha, la cual ha demostrado una vez m\u00e1s dar sus frutos, y sin la cual no se hubiera llegado a este acuerdo de mejora las condiciones laborales de la plantilla, en el \u00e1mbito salarial y de jornada. <\/p>\n\n\n\n<p>Junto a esto lamentamos la actitud del sindicato ELA, que en una situaci\u00f3n tan dura ha preferido estar de vacaciones en vez de luchar junto al resto de la plantilla, y posteriormente difundir informacion plagada de errores, debido a que no ha participado en las negociaciones.<\/p>\n","protected":false},"excerpt":{"rendered":"<p>Se ha alcanzado un preacuerdo entre el comit\u00e9 y la empresa ISN por el que se desconvocan las movilizaciones previstas en la planta de Volkswagen Iru\u00f1ea, y que iban a comenzar el d\u00eda 2 de marzo.<\/p>\n","protected":false},"author":1189,"featured_media":44183,"comment_status":"closed","ping_status":"closed","sticky":false,"template":"","format":"standard","meta":{"_monsterinsights_skip_tracking":false,"_monsterinsights_sitenote_active":false,"_monsterinsights_sitenote_note":"","_monsterinsights_sitenote_category":0,"footnotes":"","_links_to":"","_links_to_target":""},"categories":[18,2868,108,3283],"tags":[3179,2996,3064],"class_list":{"0":"post-44182","1":"post","2":"type-post","3":"status-publish","4":"format-standard","5":"has-post-thumbnail","7":"category-es-accion-sindical","8":"category-industria-es","9":"category-es-metal","10":"category-sin-categorizar","11":"tag-destacado-2","12":"tag-industria-es","13":"tag-metal-es"},"_links":{"self":[{"href":"https:\/\/www.lab.eus\/es\/wp-json\/wp\/v2\/posts\/44182","targetHints":{"allow":["GET"]}}],"collection":[{"href":"https:\/\/www.lab.eus\/es\/wp-json\/wp\/v2\/posts"}],"about":[{"href":"https:\/\/www.lab.eus\/es\/wp-json\/wp\/v2\/types\/post"}],"author":[{"embeddable":true,"href":"https:\/\/www.lab.eus\/es\/wp-json\/wp\/v2\/users\/1189"}],"replies":[{"embeddable":true,"href":"https:\/\/www.lab.eus\/es\/wp-json\/wp\/v2\/comments?post=44182"}],"version-history":[{"count":0,"href":"https:\/\/www.lab.eus\/es\/wp-json\/wp\/v2\/posts\/44182\/revisions"}],"wp:featuredmedia":[{"embeddable":true,"href":"https:\/\/www.lab.eus\/es\/wp-json\/wp\/v2\/media\/44183"}],"wp:attachment":[{"href":"https:\/\/www.lab.eus\/es\/wp-json\/wp\/v2\/media?parent=44182"}],"wp:term":[{"taxonomy":"category","embeddable":true,"href":"https:\/\/www.lab.eus\/es\/wp-json\/wp\/v2\/categories?post=44182"},{"taxonomy":"post_tag","embeddable":true,"href":"https:\/\/www.lab.eus\/es\/wp-json\/wp\/v2\/tags?post=44182"}],"curies":[{"name":"wp","href":"https:\/\/api.w.org\/{rel}","templated":true}]}}