{"id":44174,"date":"2022-03-02T12:52:04","date_gmt":"2022-03-02T12:52:04","guid":{"rendered":"https:\/\/www.lab.eus\/?p=44174"},"modified":"2022-03-02T12:52:06","modified_gmt":"2022-03-02T12:52:06","slug":"guardas-forestales-exigen-al-gobierno-de-nafarroa-que-cumpla-el-compromiso-de-crear-15-nuevas-plazas","status":"publish","type":"post","link":"https:\/\/www.lab.eus\/es\/guardas-forestales-exigen-al-gobierno-de-nafarroa-que-cumpla-el-compromiso-de-crear-15-nuevas-plazas\/","title":{"rendered":"Guardas forestales exigen al Gobierno de Nafarroa que cumpla el compromiso de crear 15 nuevas plazas"},"content":{"rendered":"\n<p>Miembros del Guarder\u00edo Forestal de Navarra se han concentrado frente al palacio de Diputaci\u00f3n para exigir que el Gobierno de Navarra cumpla el compromiso acordado de crear 15 nuevas plazas establecidas para 2022 en el Plan Director de Basozainak-Guarder\u00edo de Medio Ambiente.\u00a0<\/p>\n\n\n\n<p>Este colectivo ha expresado su rechazo y estupor porque ahora el Gobierno dice que esas plazas no se pueden crear porque no tienen asignaci\u00f3n presupuestaria, algo que supone un aut\u00e9ntico desprop\u00f3sito porque, precisamente, la creaci\u00f3n de estas plazas es fruto del acuerdo presupuestario firmado entre EH Bildu y el PSN.\u00a0<\/p>\n\n\n\n<p>Por todo ello, el personal del Guarder\u00edo ha exigido al Gobierno que respete los acuerdos que firma y que de manera inmediata dote presupuestariamente y cree las 15 plazas acordadas.<\/p>\n","protected":false},"excerpt":{"rendered":"<p>Miembros del Guarder\u00edo Forestal de Navarra se han concentrado frente al palacio de Diputaci\u00f3n.<\/p>\n","protected":false},"author":1189,"featured_media":44172,"comment_status":"closed","ping_status":"closed","sticky":false,"template":"","format":"standard","meta":{"_monsterinsights_skip_tracking":false,"_monsterinsights_sitenote_active":false,"_monsterinsights_sitenote_note":"","_monsterinsights_sitenote_category":0,"footnotes":"","_links_to":"","_links_to_target":""},"categories":[78,6],"tags":[3178,3196,3171],"class_list":{"0":"post-44174","1":"post","2":"type-post","3":"status-publish","4":"format-standard","5":"has-post-thumbnail","7":"category-es-administracion-de-navarra-es-servicios-publicos","8":"category-es-servicios-publicos","9":"tag-destacado-1","10":"tag-nafarroa-es-2","11":"tag-servicios-publicos-es"},"_links":{"self":[{"href":"https:\/\/www.lab.eus\/es\/wp-json\/wp\/v2\/posts\/44174","targetHints":{"allow":["GET"]}}],"collection":[{"href":"https:\/\/www.lab.eus\/es\/wp-json\/wp\/v2\/posts"}],"about":[{"href":"https:\/\/www.lab.eus\/es\/wp-json\/wp\/v2\/types\/post"}],"author":[{"embeddable":true,"href":"https:\/\/www.lab.eus\/es\/wp-json\/wp\/v2\/users\/1189"}],"replies":[{"embeddable":true,"href":"https:\/\/www.lab.eus\/es\/wp-json\/wp\/v2\/comments?post=44174"}],"version-history":[{"count":0,"href":"https:\/\/www.lab.eus\/es\/wp-json\/wp\/v2\/posts\/44174\/revisions"}],"wp:featuredmedia":[{"embeddable":true,"href":"https:\/\/www.lab.eus\/es\/wp-json\/wp\/v2\/media\/44172"}],"wp:attachment":[{"href":"https:\/\/www.lab.eus\/es\/wp-json\/wp\/v2\/media?parent=44174"}],"wp:term":[{"taxonomy":"category","embeddable":true,"href":"https:\/\/www.lab.eus\/es\/wp-json\/wp\/v2\/categories?post=44174"},{"taxonomy":"post_tag","embeddable":true,"href":"https:\/\/www.lab.eus\/es\/wp-json\/wp\/v2\/tags?post=44174"}],"curies":[{"name":"wp","href":"https:\/\/api.w.org\/{rel}","templated":true}]}}