{"id":44157,"date":"2022-03-02T10:26:35","date_gmt":"2022-03-02T10:26:35","guid":{"rendered":"https:\/\/www.lab.eus\/?p=44157"},"modified":"2022-03-02T10:26:36","modified_gmt":"2022-03-02T10:26:36","slug":"pedimos-a-las-instituciones-que-intervengan-en-defensa-del-empleo-ante-los-despidos-previstos-en-alconza","status":"publish","type":"post","link":"https:\/\/www.lab.eus\/es\/pedimos-a-las-instituciones-que-intervengan-en-defensa-del-empleo-ante-los-despidos-previstos-en-alconza\/","title":{"rendered":"Pedimos a las instituciones que intervengan en defensa del empleo ante los despidos previstos en Alconza"},"content":{"rendered":"\n<p>La plantilla de la empresa Alconza de Berango, perteneciente al Grupo Irizar, <a href=\"https:\/\/twitter.com\/LABsindikatua\/status\/1498234584860966917\">est\u00e1 en huelga indefinida<\/a> por el ERE que contempla el despido de 38 trabajadoras y trabajadores. El comit\u00e9 de empresa ha hecho un llamamiento a las instituciones para que act\u00faen contra la destrucci\u00f3n de empleo y garanticen el futuro de la planta.<\/p>\n\n\n\n<p>As\u00ed, hoy se han movilizado ante el Gobierno Vasco en Bilbo, con la que ten\u00edan prevista una reuni\u00f3n. Ayer hicieron lo propio en Berango. Se reunieron con la Corporaci\u00f3n local, en este caso.<\/p>\n\n\n\n<p>Desde el sindicato LAB queremos destacar que en Alconza no sobra nadie. Pedimos a las instituciones que intervengan en la defensa del empleo y al Gobierno Vasco, en concreto, que no conceda subvenciones mientras haya despidos.<\/p>\n\n\n\n<figure class=\"wp-block-gallery columns-1 is-cropped wp-block-gallery-1 is-layout-flex wp-block-gallery-is-layout-flex\"><ul class=\"blocks-gallery-grid\"><li class=\"blocks-gallery-item\"><figure><img loading=\"lazy\" decoding=\"async\" width=\"1024\" height=\"651\" src=\"https:\/\/www.lab.eus\/wp-content\/uploads\/2022\/03\/Alconza2-1024x651.jpeg\" alt=\"\" data-id=\"44155\" data-full-url=\"https:\/\/www.lab.eus\/wp-content\/uploads\/2022\/03\/Alconza2.jpeg\" data-link=\"https:\/\/www.lab.eus\/es\/alconza2-2\/\" class=\"wp-image-44155\" srcset=\"https:\/\/www.lab.eus\/wp-content\/uploads\/2022\/03\/Alconza2-1024x651.jpeg 1024w, https:\/\/www.lab.eus\/wp-content\/uploads\/2022\/03\/Alconza2-300x191.jpeg 300w, https:\/\/www.lab.eus\/wp-content\/uploads\/2022\/03\/Alconza2-768x489.jpeg 768w, https:\/\/www.lab.eus\/wp-content\/uploads\/2022\/03\/Alconza2-1536x977.jpeg 1536w, https:\/\/www.lab.eus\/wp-content\/uploads\/2022\/03\/Alconza2-150x95.jpeg 150w, https:\/\/www.lab.eus\/wp-content\/uploads\/2022\/03\/Alconza2-696x443.jpeg 696w, https:\/\/www.lab.eus\/wp-content\/uploads\/2022\/03\/Alconza2-1068x679.jpeg 1068w, https:\/\/www.lab.eus\/wp-content\/uploads\/2022\/03\/Alconza2-1920x1221.jpeg 1920w, https:\/\/www.lab.eus\/wp-content\/uploads\/2022\/03\/Alconza2-660x420.jpeg 660w, https:\/\/www.lab.eus\/wp-content\/uploads\/2022\/03\/Alconza2.jpeg 2028w\" sizes=\"auto, (max-width: 1024px) 100vw, 1024px\" \/><\/figure><\/li><\/ul><\/figure>\n","protected":false},"excerpt":{"rendered":"<p>Desde LAB volvemos a remarcar que en la empresa no sobra nadie y pedimos al Gobierno Vasco que no conceda subvenciones mientras haya despidos.<\/p>\n","protected":false},"author":1189,"featured_media":44153,"comment_status":"closed","ping_status":"closed","sticky":false,"template":"","format":"standard","meta":{"_monsterinsights_skip_tracking":false,"_monsterinsights_sitenote_active":false,"_monsterinsights_sitenote_note":"","_monsterinsights_sitenote_category":0,"footnotes":"","_links_to":"","_links_to_target":""},"categories":[18,2868,108],"tags":[3033,3178,2996,3064],"class_list":{"0":"post-44157","1":"post","2":"type-post","3":"status-publish","4":"format-standard","5":"has-post-thumbnail","7":"category-es-accion-sindical","8":"category-industria-es","9":"category-es-metal","10":"tag-accion-sindical-es","11":"tag-destacado-1","12":"tag-industria-es","13":"tag-metal-es"},"_links":{"self":[{"href":"https:\/\/www.lab.eus\/es\/wp-json\/wp\/v2\/posts\/44157","targetHints":{"allow":["GET"]}}],"collection":[{"href":"https:\/\/www.lab.eus\/es\/wp-json\/wp\/v2\/posts"}],"about":[{"href":"https:\/\/www.lab.eus\/es\/wp-json\/wp\/v2\/types\/post"}],"author":[{"embeddable":true,"href":"https:\/\/www.lab.eus\/es\/wp-json\/wp\/v2\/users\/1189"}],"replies":[{"embeddable":true,"href":"https:\/\/www.lab.eus\/es\/wp-json\/wp\/v2\/comments?post=44157"}],"version-history":[{"count":0,"href":"https:\/\/www.lab.eus\/es\/wp-json\/wp\/v2\/posts\/44157\/revisions"}],"wp:featuredmedia":[{"embeddable":true,"href":"https:\/\/www.lab.eus\/es\/wp-json\/wp\/v2\/media\/44153"}],"wp:attachment":[{"href":"https:\/\/www.lab.eus\/es\/wp-json\/wp\/v2\/media?parent=44157"}],"wp:term":[{"taxonomy":"category","embeddable":true,"href":"https:\/\/www.lab.eus\/es\/wp-json\/wp\/v2\/categories?post=44157"},{"taxonomy":"post_tag","embeddable":true,"href":"https:\/\/www.lab.eus\/es\/wp-json\/wp\/v2\/tags?post=44157"}],"curies":[{"name":"wp","href":"https:\/\/api.w.org\/{rel}","templated":true}]}}