{"id":44124,"date":"2022-03-01T12:16:12","date_gmt":"2022-03-01T12:16:12","guid":{"rendered":"https:\/\/www.lab.eus\/?p=44124"},"modified":"2022-03-01T14:54:09","modified_gmt":"2022-03-01T14:54:09","slug":"las-trabajadoras-de-artiach-han-cumplido-cien-dias-de-huelga-en-defensa-de-unas-condiciones-laborales-dignas","status":"publish","type":"post","link":"https:\/\/www.lab.eus\/es\/las-trabajadoras-de-artiach-han-cumplido-cien-dias-de-huelga-en-defensa-de-unas-condiciones-laborales-dignas\/","title":{"rendered":"Las trabajadoras de Artiach han cumplido cien d\u00edas de huelga en defensa de unas condiciones laborales dignas"},"content":{"rendered":"\n<p>Las trabajadores de la empresa Artiach, ubicada en Orozko, han cumplido cien d\u00edas de huelga y, para reafirmar su lucha en defensa unas condiciones laborales dignas, han llevado a cabo una jornada de movilizaci\u00f3n y reivindicaci\u00f3n. Han llevado a cabo una marcha en bicicleta, un acto y una manifestaci\u00f3n, entre otras cosas. En cuanto a la manifestaci\u00f3n, han marchado desde la ribera de Deustu hasta la sede del Gobierno Vasco en Bilbo.<\/p>\n\n\n\n<div class=\"wp-block-file\"><a href=\"https:\/\/www.lab.eus\/wp-content\/uploads\/2022\/03\/01-Artiach_ES.pdf\">Comunicado del comit\u00e9 de empresa<\/a><a href=\"https:\/\/www.lab.eus\/wp-content\/uploads\/2022\/03\/01-Artiach_ES.pdf\" class=\"wp-block-file__button\" download>Deskargatu<\/a><\/div>\n\n\n\n<p>En Artiach est\u00e1n luchando por un convenio digno. La empresa plantea una rebaja salarial, un aumento de la jornada laboral y recortes en complementos. LAB es la primera fuerza en el comit\u00e9 de empresa y desde el sindicato queremos reiterar que, vista la actitud de la direcci\u00f3n, se ha vuelto a poner de manifiesto que la organizaci\u00f3n, la lucha y la movilizaci\u00f3n son el camino para defender las condiciones laborales de las y los trabajadores.<\/p>\n","protected":false},"excerpt":{"rendered":"<p>Han organizado una jornada de movilizaci\u00f3n y reivindicaci\u00f3n, donde han reiterado que seguir\u00e1n firmes en la lucha.<\/p>\n","protected":false},"author":1189,"featured_media":44136,"comment_status":"closed","ping_status":"closed","sticky":false,"template":"","format":"standard","meta":{"_monsterinsights_skip_tracking":false,"_monsterinsights_sitenote_active":false,"_monsterinsights_sitenote_note":"","_monsterinsights_sitenote_category":0,"footnotes":"","_links_to":"","_links_to_target":""},"categories":[18,268,2868,8],"tags":[3033,3295,3178,2996,3172],"class_list":{"0":"post-44124","1":"post","2":"type-post","3":"status-publish","4":"format-standard","5":"has-post-thumbnail","7":"category-es-accion-sindical","8":"category-es-alimentacion-es-servicios-privados","9":"category-industria-es","10":"category-es-servicios-privados","11":"tag-accion-sindical-es","12":"tag-alimentacion-es","13":"tag-destacado-1","14":"tag-industria-es","15":"tag-servicios-privados-es"},"_links":{"self":[{"href":"https:\/\/www.lab.eus\/es\/wp-json\/wp\/v2\/posts\/44124","targetHints":{"allow":["GET"]}}],"collection":[{"href":"https:\/\/www.lab.eus\/es\/wp-json\/wp\/v2\/posts"}],"about":[{"href":"https:\/\/www.lab.eus\/es\/wp-json\/wp\/v2\/types\/post"}],"author":[{"embeddable":true,"href":"https:\/\/www.lab.eus\/es\/wp-json\/wp\/v2\/users\/1189"}],"replies":[{"embeddable":true,"href":"https:\/\/www.lab.eus\/es\/wp-json\/wp\/v2\/comments?post=44124"}],"version-history":[{"count":0,"href":"https:\/\/www.lab.eus\/es\/wp-json\/wp\/v2\/posts\/44124\/revisions"}],"wp:featuredmedia":[{"embeddable":true,"href":"https:\/\/www.lab.eus\/es\/wp-json\/wp\/v2\/media\/44136"}],"wp:attachment":[{"href":"https:\/\/www.lab.eus\/es\/wp-json\/wp\/v2\/media?parent=44124"}],"wp:term":[{"taxonomy":"category","embeddable":true,"href":"https:\/\/www.lab.eus\/es\/wp-json\/wp\/v2\/categories?post=44124"},{"taxonomy":"post_tag","embeddable":true,"href":"https:\/\/www.lab.eus\/es\/wp-json\/wp\/v2\/tags?post=44124"}],"curies":[{"name":"wp","href":"https:\/\/api.w.org\/{rel}","templated":true}]}}