{"id":44027,"date":"2022-02-28T11:34:36","date_gmt":"2022-02-28T11:34:36","guid":{"rendered":"https:\/\/www.lab.eus\/?p=44027"},"modified":"2022-02-28T11:55:29","modified_gmt":"2022-02-28T11:55:29","slug":"si-el-departamento-de-salud-no-da-pasos-para-revertir-la-grave-situacion-en-osakidetza-continuaremos-con-las-movilizaciones","status":"publish","type":"post","link":"https:\/\/www.lab.eus\/es\/si-el-departamento-de-salud-no-da-pasos-para-revertir-la-grave-situacion-en-osakidetza-continuaremos-con-las-movilizaciones\/","title":{"rendered":"\u00abSi el Departamento de Salud no da pasos para revertir la grave situaci\u00f3n en Osakidetza, continuaremos con las movilizaciones\u00bb"},"content":{"rendered":"\n<p>Hicimos huelga el viernes en la Atenci\u00f3n Primaria y realizamos manifestaciones en las capitales el pasado s\u00e1bado. Con la llegada del lunes, esta vez hemos llevado a cabo una huelga en toda Osakidetza, a convocatoria de LAB, SATSE, ELA, CCOO y UGT, para responder a las pol\u00edticas de desmantelamiento de la sanidad p\u00fablica. Los sindicatos hemos insistido en que es momento de movilizarse y obligar a Osakidetza a mover sus posiciones ante la grave situaci\u00f3n de la Sanidad p\u00fablica y la falta de soluciones del Departamento de Salud del Gobierno Vasco. \u00abSi el Departamento de Salud no da pasos para revertir la grave situaci\u00f3n actual en Osakidetza, continuaremos con las movilizaciones\u00bb, hemos advertido los sindicatos.&nbsp;<\/p>\n\n\n\n<div class=\"wp-block-file\"><a href=\"https:\/\/www.lab.eus\/wp-content\/uploads\/2022\/02\/OHARRA.pdf\">Comunicado conjunto de los sindicatos<\/a><a href=\"https:\/\/www.lab.eus\/wp-content\/uploads\/2022\/02\/OHARRA.pdf\" class=\"wp-block-file__button\" download>Deskargatu<\/a><\/div>\n\n\n\n<p>Concretamente, mientras la situaci\u00f3n que se vive en los centros de trabajo es cada vez m\u00e1s precaria, la respuesta de Osakidetza no va m\u00e1s all\u00e1 de volcar sus esfuerzos en campa\u00f1as propagand\u00edsticas y enarbolar excusas sin proponer ni una sola medida y sin atender ni una sola reivindicaci\u00f3n. Es m\u00e1s, la pandemia se ha convertido en la excusa perfecta para seguir adelante con sus pol\u00edticas de recorte, precarizaci\u00f3n, falta de inversi\u00f3n, privatizaci\u00f3n y desmantelamiento de la sanidad p\u00fablica. El colapso y las dificultades para acceder a la atenci\u00f3n sanitaria requerida son ya un clamor entre la ciudadan\u00eda y el hartazgo de la plantilla queda reflejado con claridad, tanto en el masivo seguimiento de las movilizaciones convocadas en las \u00faltimas semanas, como en los diferentes conflictos abiertos.<\/p>\n\n\n\n<p>Para los sindicatos, estas son las reivindicaciones que Osakidetza debe poner en marcha:<\/p>\n\n\n\n<p>-Aumentar el presupuesto de Osakidetza para el ejercicio 2023, hasta llegar a la media de la UE (7% del PIB), destinando un 25% del mismo a la atenci\u00f3n primaria<\/p>\n\n\n\n<p>-Adecuado dimensionamiento de las plantillas con la creaci\u00f3n de miles de puestos de trabajo, que permitan racionalizar las cargas de trabajo y dar una atenci\u00f3n de calidad a la ciudadan\u00eda.<\/p>\n\n\n\n<p>-Acabar con la temporalidad que sufren m\u00e1s de 24.600 trabajadores y trabajadoras hasta rebajarla al 8%, consolidando a las plantillas.<\/p>\n\n\n\n<p>-Recuperaci\u00f3n del poder adquisitivo perdido y reversi\u00f3n de todos los recortes, incluido el aplicado en el Desarrollo Profesional.<\/p>\n\n\n\n<p>-Reversi\u00f3n de todos los recortes aplicados en los PAC: reapertura y\/o restauraci\u00f3n de los horarios de atenci\u00f3n.<\/p>\n\n\n\n<p>-Cobertura inmediata, total y desde el primer d\u00eda, en todas las categor\u00edas, de todas las jubilaciones, vacantes, bajas y otras ausencias.<\/p>\n\n\n\n<p>-Evaluaci\u00f3n de riesgos psicosociales y aplicaci\u00f3n de medidas correctoras, con especial \u00e9nfasis en las cargas de trabajo y en los efectos de la pandemia.<\/p>\n\n\n\n<p>-Medidas efectivas y reales de flexibilidad y\/o conciliaci\u00f3n de la vida laboral y familiar.<\/p>\n\n\n\n<p>-Resolver los conflictos pendientes sobre turnicidad, complemento de hospitalizaci\u00f3n (%4), complemento espec\u00edfico y cierre de urgencias de Santiago<\/p>\n\n\n\n<p>-Medidas que faciliten la jubilaci\u00f3n anticipada de la plantilla.<\/p>\n\n\n\n<figure class=\"wp-block-gallery columns-3 is-cropped wp-block-gallery-1 is-layout-flex wp-block-gallery-is-layout-flex\"><ul class=\"blocks-gallery-grid\"><li class=\"blocks-gallery-item\"><figure><img loading=\"lazy\" decoding=\"async\" width=\"1024\" height=\"511\" src=\"https:\/\/www.lab.eus\/wp-content\/uploads\/2022\/02\/Bilbo1-1-1024x511.jpeg\" alt=\"\" data-id=\"44048\" data-link=\"https:\/\/www.lab.eus\/osasun-sailak-ez-badu-aurrerapausorik-ematen-osakidetzaren-egoera-larriari-buelta-emateko-mobilizazioekin-jarraituko-dugu\/bilbo1-1-2\/\" class=\"wp-image-44048\" srcset=\"https:\/\/www.lab.eus\/wp-content\/uploads\/2022\/02\/Bilbo1-1-1024x511.jpeg 1024w, https:\/\/www.lab.eus\/wp-content\/uploads\/2022\/02\/Bilbo1-1-300x150.jpeg 300w, https:\/\/www.lab.eus\/wp-content\/uploads\/2022\/02\/Bilbo1-1-768x383.jpeg 768w, https:\/\/www.lab.eus\/wp-content\/uploads\/2022\/02\/Bilbo1-1-150x75.jpeg 150w, https:\/\/www.lab.eus\/wp-content\/uploads\/2022\/02\/Bilbo1-1-696x347.jpeg 696w, https:\/\/www.lab.eus\/wp-content\/uploads\/2022\/02\/Bilbo1-1-1068x533.jpeg 1068w, https:\/\/www.lab.eus\/wp-content\/uploads\/2022\/02\/Bilbo1-1-842x420.jpeg 842w, https:\/\/www.lab.eus\/wp-content\/uploads\/2022\/02\/Bilbo1-1.jpeg 1524w\" sizes=\"auto, (max-width: 1024px) 100vw, 1024px\" \/><\/figure><\/li><li class=\"blocks-gallery-item\"><figure><img loading=\"lazy\" decoding=\"async\" width=\"1024\" height=\"461\" src=\"https:\/\/www.lab.eus\/wp-content\/uploads\/2022\/02\/2-1-1024x461.jpeg\" alt=\"\" data-id=\"44053\" data-link=\"https:\/\/www.lab.eus\/osasun-sailak-ez-badu-aurrerapausorik-ematen-osakidetzaren-egoera-larriari-buelta-emateko-mobilizazioekin-jarraituko-dugu\/2-1-3\/\" class=\"wp-image-44053\" srcset=\"https:\/\/www.lab.eus\/wp-content\/uploads\/2022\/02\/2-1-1024x461.jpeg 1024w, https:\/\/www.lab.eus\/wp-content\/uploads\/2022\/02\/2-1-300x135.jpeg 300w, https:\/\/www.lab.eus\/wp-content\/uploads\/2022\/02\/2-1-768x346.jpeg 768w, https:\/\/www.lab.eus\/wp-content\/uploads\/2022\/02\/2-1-1536x692.jpeg 1536w, https:\/\/www.lab.eus\/wp-content\/uploads\/2022\/02\/2-1-150x68.jpeg 150w, https:\/\/www.lab.eus\/wp-content\/uploads\/2022\/02\/2-1-696x313.jpeg 696w, https:\/\/www.lab.eus\/wp-content\/uploads\/2022\/02\/2-1-1068x481.jpeg 1068w, https:\/\/www.lab.eus\/wp-content\/uploads\/2022\/02\/2-1-1920x864.jpeg 1920w, https:\/\/www.lab.eus\/wp-content\/uploads\/2022\/02\/2-1-933x420.jpeg 933w, https:\/\/www.lab.eus\/wp-content\/uploads\/2022\/02\/2-1.jpeg 2048w\" sizes=\"auto, (max-width: 1024px) 100vw, 1024px\" \/><\/figure><\/li><li class=\"blocks-gallery-item\"><figure><img loading=\"lazy\" decoding=\"async\" width=\"1024\" height=\"461\" src=\"https:\/\/www.lab.eus\/wp-content\/uploads\/2022\/02\/3-1-1024x461.jpeg\" alt=\"\" data-id=\"44055\" data-link=\"https:\/\/www.lab.eus\/osasun-sailak-ez-badu-aurrerapausorik-ematen-osakidetzaren-egoera-larriari-buelta-emateko-mobilizazioekin-jarraituko-dugu\/3-1-3\/\" class=\"wp-image-44055\" srcset=\"https:\/\/www.lab.eus\/wp-content\/uploads\/2022\/02\/3-1-1024x461.jpeg 1024w, https:\/\/www.lab.eus\/wp-content\/uploads\/2022\/02\/3-1-300x135.jpeg 300w, https:\/\/www.lab.eus\/wp-content\/uploads\/2022\/02\/3-1-768x346.jpeg 768w, https:\/\/www.lab.eus\/wp-content\/uploads\/2022\/02\/3-1-1536x692.jpeg 1536w, https:\/\/www.lab.eus\/wp-content\/uploads\/2022\/02\/3-1-150x68.jpeg 150w, https:\/\/www.lab.eus\/wp-content\/uploads\/2022\/02\/3-1-696x313.jpeg 696w, https:\/\/www.lab.eus\/wp-content\/uploads\/2022\/02\/3-1-1068x481.jpeg 1068w, https:\/\/www.lab.eus\/wp-content\/uploads\/2022\/02\/3-1-1920x864.jpeg 1920w, https:\/\/www.lab.eus\/wp-content\/uploads\/2022\/02\/3-1-933x420.jpeg 933w, https:\/\/www.lab.eus\/wp-content\/uploads\/2022\/02\/3-1.jpeg 2048w\" sizes=\"auto, (max-width: 1024px) 100vw, 1024px\" \/><\/figure><\/li><li class=\"blocks-gallery-item\"><figure><img loading=\"lazy\" decoding=\"async\" width=\"954\" height=\"575\" src=\"https:\/\/www.lab.eus\/wp-content\/uploads\/2022\/02\/Donostia-3.jpeg\" alt=\"\" data-id=\"44058\" data-full-url=\"https:\/\/www.lab.eus\/wp-content\/uploads\/2022\/02\/Donostia-3.jpeg\" data-link=\"https:\/\/www.lab.eus\/osasun-sailak-ez-badu-aurrerapausorik-ematen-osakidetzaren-egoera-larriari-buelta-emateko-mobilizazioekin-jarraituko-dugu\/donostia-3-4\/\" class=\"wp-image-44059\" srcset=\"https:\/\/www.lab.eus\/wp-content\/uploads\/2022\/02\/Donostia-3.jpeg 954w, https:\/\/www.lab.eus\/wp-content\/uploads\/2022\/02\/Donostia-3-300x181.jpeg 300w, https:\/\/www.lab.eus\/wp-content\/uploads\/2022\/02\/Donostia-3-768x463.jpeg 768w, https:\/\/www.lab.eus\/wp-content\/uploads\/2022\/02\/Donostia-3-150x90.jpeg 150w, https:\/\/www.lab.eus\/wp-content\/uploads\/2022\/02\/Donostia-3-696x419.jpeg 696w, https:\/\/www.lab.eus\/wp-content\/uploads\/2022\/02\/Donostia-3-697x420.jpeg 697w\" sizes=\"auto, (max-width: 954px) 100vw, 954px\" \/><\/figure><\/li><\/ul><\/figure>\n","protected":false},"excerpt":{"rendered":"<p>Hicimos huelga el viernes en la Atenci\u00f3n Primaria y realizamos manifestaciones en las capitales el pasado s\u00e1bado. Con la llegada del lunes, esta vez hemos llevado a cabo una huelga en toda Osakidetza, a convocatoria de LAB, SATSE, ELA, CCOO y UGT, para responder a las pol\u00edticas de desmantelamiento de la sanidad p\u00fablica. Los sindicatos hemos insistido en que es momento de movilizarse y obligar a Osakidetza a mover sus posiciones ante la grave situaci\u00f3n de la Sanidad p\u00fablica y la falta de soluciones del Departamento de Salud del Gobierno Vasco. <\/p>\n","protected":false},"author":1189,"featured_media":44047,"comment_status":"closed","ping_status":"closed","sticky":false,"template":"","format":"standard","meta":{"_monsterinsights_skip_tracking":false,"_monsterinsights_sitenote_active":false,"_monsterinsights_sitenote_note":"","_monsterinsights_sitenote_category":0,"footnotes":"","_links_to":"","_links_to_target":""},"categories":[3097,6,3283],"tags":[3178,3195,3100,3171],"class_list":{"0":"post-44027","1":"post","2":"type-post","3":"status-publish","4":"format-standard","5":"has-post-thumbnail","7":"category-sanidad","8":"category-es-servicios-publicos","9":"category-sin-categorizar","10":"tag-destacado-1","11":"tag-osakidetza-es","12":"tag-sanidad-es","13":"tag-servicios-publicos-es"},"_links":{"self":[{"href":"https:\/\/www.lab.eus\/es\/wp-json\/wp\/v2\/posts\/44027","targetHints":{"allow":["GET"]}}],"collection":[{"href":"https:\/\/www.lab.eus\/es\/wp-json\/wp\/v2\/posts"}],"about":[{"href":"https:\/\/www.lab.eus\/es\/wp-json\/wp\/v2\/types\/post"}],"author":[{"embeddable":true,"href":"https:\/\/www.lab.eus\/es\/wp-json\/wp\/v2\/users\/1189"}],"replies":[{"embeddable":true,"href":"https:\/\/www.lab.eus\/es\/wp-json\/wp\/v2\/comments?post=44027"}],"version-history":[{"count":0,"href":"https:\/\/www.lab.eus\/es\/wp-json\/wp\/v2\/posts\/44027\/revisions"}],"wp:featuredmedia":[{"embeddable":true,"href":"https:\/\/www.lab.eus\/es\/wp-json\/wp\/v2\/media\/44047"}],"wp:attachment":[{"href":"https:\/\/www.lab.eus\/es\/wp-json\/wp\/v2\/media?parent=44027"}],"wp:term":[{"taxonomy":"category","embeddable":true,"href":"https:\/\/www.lab.eus\/es\/wp-json\/wp\/v2\/categories?post=44027"},{"taxonomy":"post_tag","embeddable":true,"href":"https:\/\/www.lab.eus\/es\/wp-json\/wp\/v2\/tags?post=44027"}],"curies":[{"name":"wp","href":"https:\/\/api.w.org\/{rel}","templated":true}]}}