{"id":44016,"date":"2022-02-28T10:28:41","date_gmt":"2022-02-28T10:28:41","guid":{"rendered":"https:\/\/www.lab.eus\/?p=44016"},"modified":"2022-02-28T10:28:43","modified_gmt":"2022-02-28T10:28:43","slug":"las-trabajadoras-del-sector-de-limpieza-de-bizkaia-iran-a-la-huelga-en-vista-de-que-la-patronal-solo-vende-humo","status":"publish","type":"post","link":"https:\/\/www.lab.eus\/es\/las-trabajadoras-del-sector-de-limpieza-de-bizkaia-iran-a-la-huelga-en-vista-de-que-la-patronal-solo-vende-humo\/","title":{"rendered":"Las trabajadoras del sector de limpieza de Bizkaia ir\u00e1n a la huelga en vista de que la patronal solo vende humo"},"content":{"rendered":"\n<p>Comunicado de LAB, ELA y ESK:<\/p>\n\n\n\n<p>Los sindicatos ELA, LAB y ESK, conformando la mayor\u00eda de le mesa en negociaci\u00f3n del convenio de limpieza de edificios y locales de Bizkaia hemos decidido convocar una huelga en el sector de la limpieza de Bizkaia. Llevamos meses negociando el convenio provincial y desde entonces la patronal no nos ha ofrecido mas que migajas. La situaci\u00f3n lo requiere y esta huelga es hist\u00f3rica, por que hac\u00eda casi 30 a\u00f1os que una mayor\u00eda sindical no convocaba huelga en el sector de la limpieza de Bizkaia.<\/p>\n\n\n\n<p>Nuestros salarios no llegan a los 16.000 euros a jornada completa y adem\u00e1s las mayor\u00eda de trabajadoras de limpieza de interiores tenemos jornadas a tiempo parcial. Hasta ahora, la \u00fanica oferta de la patronal ha consistido en lo siguiente:<\/p>\n\n\n\n<p>\u2013&nbsp;2021 0,5%<\/p>\n\n\n\n<p>\u2013&nbsp;2022 2%<\/p>\n\n\n\n<p>\u2013&nbsp;2023 2%<\/p>\n\n\n\n<p>En un contexto econ\u00f3mico en el que el IPC ha alcanzado un m\u00e1ximo hist\u00f3rico, con un encarecimiento de la vida de un 6,5%; nos ofrecen subidas de 18 c\u00e9ntimos. Tras dos a\u00f1os de pandemia en el que hemos tenido que doblarnos el lomo para desinfectar e higienizar concienzudamente los centros, nuestros salarios siguen congelados. Tras denunciar y exigir que las limpiadoras de edificios ganan un 45% menos que los trabajadores de la limpieza viaria, siguen sin reconocer la existencia de la brecha salarial de g\u00e9nero. Por todo ello, hemos decidido parar. Parar para hacernos visibles y salir a luchar por salarios dignos. \u00a1Salarios m\u00ednimos de 1.200 euros en 15 pagas ahora!<\/p>\n\n\n\n<p>El pasado 18 de noviembre iniciamos unas movilizaciones por todo Bizkaia, realizando manifestaciones y concentraciones. Nuestras principales reivindicaciones eran y son&nbsp;acabar con la brecha salarial&nbsp;y un salario m\u00ednimo de 1.200 X 15 pagas.&nbsp;Pero en vista de que la mesa de negociaci\u00f3n est\u00e1 bloqueada y que la patronal no hace sino vender humo,&nbsp;hemos decidido ir a la huelga.<\/p>\n\n\n\n<p>Tal y como dijimos el a\u00f1o pasado, ha quedado patente la capacidad organizativa del sector as\u00ed como la necesidad de mejorar las condiciones de trabajo. Por ello, las movilizaciones que iniciamos no eran mas que el punto de partida y este a\u00f1o continuaremos con esta HUELGA.<\/p>\n\n\n\n<p>Los d\u00edas de huelga ser\u00e1n los siguientes:&nbsp;31 de marzo, 26 y 27 de abril y 10, 11 y 12 de mayo, y estar\u00e1n afectados por la misma todos los centros de trabajo donde resulte de aplicaci\u00f3n el referido convenio de limpieza.<strong>&nbsp;<\/strong>A lo largo de estas jornadas de huelga, le tiene que quedar claro a la patronal que su oferta ni siquiera llega a acercarse a nuestras reivindicaciones y que estamos preparadas para pelear hasta donde haga falta.<\/p>\n\n\n\n<figure class=\"wp-block-image size-large\"><img loading=\"lazy\" decoding=\"async\" width=\"724\" height=\"1024\" src=\"https:\/\/www.lab.eus\/wp-content\/uploads\/2022\/02\/Bizkaia-724x1024.jpeg\" alt=\"\" class=\"wp-image-44020\" srcset=\"https:\/\/www.lab.eus\/wp-content\/uploads\/2022\/02\/Bizkaia-724x1024.jpeg 724w, https:\/\/www.lab.eus\/wp-content\/uploads\/2022\/02\/Bizkaia-212x300.jpeg 212w, https:\/\/www.lab.eus\/wp-content\/uploads\/2022\/02\/Bizkaia-768x1086.jpeg 768w, https:\/\/www.lab.eus\/wp-content\/uploads\/2022\/02\/Bizkaia-1086x1536.jpeg 1086w, https:\/\/www.lab.eus\/wp-content\/uploads\/2022\/02\/Bizkaia-150x212.jpeg 150w, https:\/\/www.lab.eus\/wp-content\/uploads\/2022\/02\/Bizkaia-300x424.jpeg 300w, https:\/\/www.lab.eus\/wp-content\/uploads\/2022\/02\/Bizkaia-696x985.jpeg 696w, https:\/\/www.lab.eus\/wp-content\/uploads\/2022\/02\/Bizkaia-1068x1511.jpeg 1068w, https:\/\/www.lab.eus\/wp-content\/uploads\/2022\/02\/Bizkaia-297x420.jpeg 297w, https:\/\/www.lab.eus\/wp-content\/uploads\/2022\/02\/Bizkaia.jpeg 1131w\" sizes=\"auto, (max-width: 724px) 100vw, 724px\" \/><\/figure>\n","protected":false},"excerpt":{"rendered":"<p>Los d\u00edas de huelga ser\u00e1n el 31 de marzo, 26 y 27 de abril y 10, 11 y 12 de mayo, y estar\u00e1n afectados todos los centros de trabajo donde resulte de aplicaci\u00f3n el convenio de limpieza.<\/p>\n","protected":false},"author":1189,"featured_media":44033,"comment_status":"closed","ping_status":"closed","sticky":false,"template":"","format":"standard","meta":{"_monsterinsights_skip_tracking":false,"_monsterinsights_sitenote_active":false,"_monsterinsights_sitenote_note":"","_monsterinsights_sitenote_category":0,"footnotes":"","_links_to":"","_links_to_target":""},"categories":[18,2944,8,3283],"tags":[3033,3178,3172],"class_list":{"0":"post-44016","1":"post","2":"type-post","3":"status-publish","4":"format-standard","5":"has-post-thumbnail","7":"category-es-accion-sindical","8":"category-limpieza","9":"category-es-servicios-privados","10":"category-sin-categorizar","11":"tag-accion-sindical-es","12":"tag-destacado-1","13":"tag-servicios-privados-es"},"_links":{"self":[{"href":"https:\/\/www.lab.eus\/es\/wp-json\/wp\/v2\/posts\/44016","targetHints":{"allow":["GET"]}}],"collection":[{"href":"https:\/\/www.lab.eus\/es\/wp-json\/wp\/v2\/posts"}],"about":[{"href":"https:\/\/www.lab.eus\/es\/wp-json\/wp\/v2\/types\/post"}],"author":[{"embeddable":true,"href":"https:\/\/www.lab.eus\/es\/wp-json\/wp\/v2\/users\/1189"}],"replies":[{"embeddable":true,"href":"https:\/\/www.lab.eus\/es\/wp-json\/wp\/v2\/comments?post=44016"}],"version-history":[{"count":0,"href":"https:\/\/www.lab.eus\/es\/wp-json\/wp\/v2\/posts\/44016\/revisions"}],"wp:featuredmedia":[{"embeddable":true,"href":"https:\/\/www.lab.eus\/es\/wp-json\/wp\/v2\/media\/44033"}],"wp:attachment":[{"href":"https:\/\/www.lab.eus\/es\/wp-json\/wp\/v2\/media?parent=44016"}],"wp:term":[{"taxonomy":"category","embeddable":true,"href":"https:\/\/www.lab.eus\/es\/wp-json\/wp\/v2\/categories?post=44016"},{"taxonomy":"post_tag","embeddable":true,"href":"https:\/\/www.lab.eus\/es\/wp-json\/wp\/v2\/tags?post=44016"}],"curies":[{"name":"wp","href":"https:\/\/api.w.org\/{rel}","templated":true}]}}