{"id":43949,"date":"2022-02-25T09:43:34","date_gmt":"2022-02-25T09:43:34","guid":{"rendered":"https:\/\/www.lab.eus\/?p=43949"},"modified":"2022-02-25T09:43:35","modified_gmt":"2022-02-25T09:43:35","slug":"nos-hemos-reunido-con-integrantes-de-comision-promotora-de-la-ilp-por-una-renta-basica-incondicional-y-han-solicitado-que-el-parlamento-vasco-la-admita-a-tramite","status":"publish","type":"post","link":"https:\/\/www.lab.eus\/es\/nos-hemos-reunido-con-integrantes-de-comision-promotora-de-la-ilp-por-una-renta-basica-incondicional-y-han-solicitado-que-el-parlamento-vasco-la-admita-a-tramite\/","title":{"rendered":"Nos hemos reunido con integrantes de Comisi\u00f3n Promotora de la ILP por una Renta B\u00e1sica Incondicional y han solicitado que el Parlamento Vasco la admita a tr\u00e1mite"},"content":{"rendered":"\n<p>En la reuni\u00f3n\u00a0han participado, por parte de LAB, los miembros de la secretar\u00eda de Acci\u00f3n Social Josefina Roco \u00abTxefi\u00bb y Endika P\u00e9rez, junto a tres representantes de la promotora de la Iniciativa Legislativa Popular (ILP) por una Renta B\u00e1sica Incondicional (RBI): Mikel Isasi, Angel Abalde e Ignacio Funes.\u00a0<\/p>\n\n\n\n<p>Durante la misma se han contrastado opiniones y la Comisi\u00f3n Promotora ha transmitido que consideran un \u00e9xito el trabajo realizado durante estos \u00faltimos cuatro meses donde se han recogido 22.075 firmas, lo que ha permitido cumplir, con creces, el requisito legal de reunir 10.000 firmas, y lograr que la ILP por una RBI en la CAV, sea tramitada, como proposici\u00f3n de ley.<\/p>\n\n\n\n<p>En ese sentido, la promotora ha manifestado su esperanza de que no sea ahora\u00a0el Parlamento quien rechace dicha Iniciativa Legislativa Popular, y por el contrario se apoye, de forma mayoritaria o un\u00e1nime, su tramitaci\u00f3n como Ley, y que se convierta en una herramienta de pol\u00edtica social y econ\u00f3mica, que nos permita avanzar hacia una sociedad mejor: capaz de acabar definitivamente con la pobreza, y de poner la vida en el centro. Por parte del sindicato LAB, se han expuesto los ejes recogidos en su progr\u00e1ma socioecon\u00f3mico renovado y la propuesta del triple reparto.\u00a0<\/p>\n\n\n\n<p>Tanto la Promotora por la RBI como LAB han coincidido en que es el momento de debatir a fondo las diferencias que se puedan tener sobre esta propuesta y se considera que el Parlamento Vasco es uno de los lugares id\u00f3neo para hacerlo. Por ello se pide a los Grupos Parlamentarios voten a favor de que la ILP se tramite como proyecto de ley.<\/p>\n\n\n\n<p>As\u00ed mismo, se ha dado un importante nivel de coincidencia en el diagnostico de la situaci\u00f3n que atraviesa nuestra sociedad. Compartimos la idea que el actual sistema de protecci\u00f3n social,\u00a0\u00a0como la RGI actual, son incapaces de resolver aquello para lo que supuestamente fueron implementadas.\u00a0<\/p>\n\n\n\n<p>Por \u00faltimo, ambas partes nos hemos comprometido a seguir debatiendo, en el corto plazo, sobre las herramientas que son necesarias implementar para hacer posible una sociedad sin pobreza, m\u00e1s igualitaria, en definitiva, una sociedad mejor.\u00a0<\/p>\n","protected":false},"excerpt":{"rendered":"<p>En la reuni\u00f3n han participado, por parte de LAB, los miembros de la secretar\u00eda de Acci\u00f3n Social Josefina Roco \u00abTxefi\u00bb y Endika P\u00e9rez, junto a tres representantes de la promotora de la Iniciativa Legislativa Popular (ILP) por una Renta B\u00e1sica Incondicional (RBI): Mikel Isasi, Angel Abalde e Ignacio Funes. <\/p>\n","protected":false},"author":1189,"featured_media":43947,"comment_status":"closed","ping_status":"closed","sticky":false,"template":"","format":"standard","meta":{"_monsterinsights_skip_tracking":false,"_monsterinsights_sitenote_active":false,"_monsterinsights_sitenote_note":"","_monsterinsights_sitenote_category":0,"footnotes":"","_links_to":"","_links_to_target":""},"categories":[18,2898],"tags":[3182,3178],"class_list":{"0":"post-43949","1":"post","2":"type-post","3":"status-publish","4":"format-standard","5":"has-post-thumbnail","7":"category-es-accion-sindical","8":"category-precariedad-y-pobreza","9":"tag-accion-social-es","10":"tag-destacado-1"},"_links":{"self":[{"href":"https:\/\/www.lab.eus\/es\/wp-json\/wp\/v2\/posts\/43949","targetHints":{"allow":["GET"]}}],"collection":[{"href":"https:\/\/www.lab.eus\/es\/wp-json\/wp\/v2\/posts"}],"about":[{"href":"https:\/\/www.lab.eus\/es\/wp-json\/wp\/v2\/types\/post"}],"author":[{"embeddable":true,"href":"https:\/\/www.lab.eus\/es\/wp-json\/wp\/v2\/users\/1189"}],"replies":[{"embeddable":true,"href":"https:\/\/www.lab.eus\/es\/wp-json\/wp\/v2\/comments?post=43949"}],"version-history":[{"count":0,"href":"https:\/\/www.lab.eus\/es\/wp-json\/wp\/v2\/posts\/43949\/revisions"}],"wp:featuredmedia":[{"embeddable":true,"href":"https:\/\/www.lab.eus\/es\/wp-json\/wp\/v2\/media\/43947"}],"wp:attachment":[{"href":"https:\/\/www.lab.eus\/es\/wp-json\/wp\/v2\/media?parent=43949"}],"wp:term":[{"taxonomy":"category","embeddable":true,"href":"https:\/\/www.lab.eus\/es\/wp-json\/wp\/v2\/categories?post=43949"},{"taxonomy":"post_tag","embeddable":true,"href":"https:\/\/www.lab.eus\/es\/wp-json\/wp\/v2\/tags?post=43949"}],"curies":[{"name":"wp","href":"https:\/\/api.w.org\/{rel}","templated":true}]}}