{"id":43914,"date":"2022-02-24T14:05:47","date_gmt":"2022-02-24T14:05:47","guid":{"rendered":"https:\/\/www.lab.eus\/?p=43914"},"modified":"2022-02-24T14:05:48","modified_gmt":"2022-02-24T14:05:48","slug":"la-situacion-en-ucrania-necesita-de-una-diplomacia-seria-y-comprometida","status":"publish","type":"post","link":"https:\/\/www.lab.eus\/es\/la-situacion-en-ucrania-necesita-de-una-diplomacia-seria-y-comprometida\/","title":{"rendered":"La situaci\u00f3n en Ucrania necesita de una diplomacia seria y comprometida"},"content":{"rendered":"\n<p>La incursi\u00f3n militar de Rusia en Ucrania es una mala noticia que, desgraciadamente, ha hecho realidad los peores augurios. Una situaci\u00f3n que es consecuencia, entre otras cosas, debido a la escalada b\u00e9lica de la \u00faltimas semanas y el constante incumplimiento de los acuerdos internacionales.\u00a0<\/p>\n\n\n\n<p>La intervenci\u00f3n militar de Rusia en Ucrania evidencia que el mundo camina hacia un nuevo orden mundial y las consecuencias de esta situaci\u00f3n son, a d\u00eda de hoy, inciertas.\u00a0<\/p>\n\n\n\n<p>El sindicato LAB, como lo hizo el pueblo vasco en el refer\u00e9ndum contra la OTAN, ha dicho no a la guerra, y por ello, hacemos un llamamiento a Rusia a que cese las hostilidades y las acciones militares. Pedimos a todas las partes implicadas en el conflicto que agoten todas las v\u00edas diplom\u00e1ticas posibles para llegar a nuevos acuerdos internacionales que sean satisfactorios para todas las partes, que estos acuerdos se cumplan y que se cierren las puertas a una guerra que nadie desea y que ser\u00eda catastr\u00f3fica, ya que supondr\u00eda un empeoramiento de las condiciones de vida de la clase trabajadora y las clases populares.<\/p>\n","protected":false},"excerpt":{"rendered":"<p>Pedimos a todas las partes implicadas en el conflicto que agoten todas las v\u00edas diplom\u00e1ticas posibles para llegar a nuevos acuerdos internacionales que sean satisfactorios para todas las partes, que estos acuerdos se cumplan y que se cierren las puertas a una guerra que nadie desea y que ser\u00eda catastr\u00f3fica.<\/p>\n","protected":false},"author":1189,"featured_media":44311,"comment_status":"closed","ping_status":"closed","sticky":false,"template":"","format":"standard","meta":{"_monsterinsights_skip_tracking":false,"_monsterinsights_sitenote_active":false,"_monsterinsights_sitenote_note":"","_monsterinsights_sitenote_category":0,"footnotes":"","_links_to":"","_links_to_target":""},"categories":[3402,4],"tags":[3178,3173],"class_list":{"0":"post-43914","1":"post","2":"type-post","3":"status-publish","4":"format-standard","5":"has-post-thumbnail","7":"category-accion-politica","8":"category-es-internacional","9":"tag-destacado-1","10":"tag-internacional-es"},"_links":{"self":[{"href":"https:\/\/www.lab.eus\/es\/wp-json\/wp\/v2\/posts\/43914","targetHints":{"allow":["GET"]}}],"collection":[{"href":"https:\/\/www.lab.eus\/es\/wp-json\/wp\/v2\/posts"}],"about":[{"href":"https:\/\/www.lab.eus\/es\/wp-json\/wp\/v2\/types\/post"}],"author":[{"embeddable":true,"href":"https:\/\/www.lab.eus\/es\/wp-json\/wp\/v2\/users\/1189"}],"replies":[{"embeddable":true,"href":"https:\/\/www.lab.eus\/es\/wp-json\/wp\/v2\/comments?post=43914"}],"version-history":[{"count":0,"href":"https:\/\/www.lab.eus\/es\/wp-json\/wp\/v2\/posts\/43914\/revisions"}],"wp:featuredmedia":[{"embeddable":true,"href":"https:\/\/www.lab.eus\/es\/wp-json\/wp\/v2\/media\/44311"}],"wp:attachment":[{"href":"https:\/\/www.lab.eus\/es\/wp-json\/wp\/v2\/media?parent=43914"}],"wp:term":[{"taxonomy":"category","embeddable":true,"href":"https:\/\/www.lab.eus\/es\/wp-json\/wp\/v2\/categories?post=43914"},{"taxonomy":"post_tag","embeddable":true,"href":"https:\/\/www.lab.eus\/es\/wp-json\/wp\/v2\/tags?post=43914"}],"curies":[{"name":"wp","href":"https:\/\/api.w.org\/{rel}","templated":true}]}}