{"id":43837,"date":"2022-02-23T11:56:10","date_gmt":"2022-02-23T11:56:10","guid":{"rendered":"https:\/\/www.lab.eus\/?p=43837"},"modified":"2022-02-23T11:56:12","modified_gmt":"2022-02-23T11:56:12","slug":"los-sindicatos-nos-reafirmamos-en-nuestra-decision-de-no-acudir-a-la-mesa-sectorial-de-sanidad-de-la-cav","status":"publish","type":"post","link":"https:\/\/www.lab.eus\/es\/los-sindicatos-nos-reafirmamos-en-nuestra-decision-de-no-acudir-a-la-mesa-sectorial-de-sanidad-de-la-cav\/","title":{"rendered":"Los sindicatos nos reafirmamos en nuestra decisi\u00f3n de no acudir a la mesa sectorial de Sanidad de la CAV"},"content":{"rendered":"\n<p>Comunicado de los sindicatos LAB, SATSE, ELA, CCOO y UGT:<\/p>\n\n\n\n<p>Los sindicatos confirman su decisi\u00f3n de abandonar estas reuniones vac\u00edas de contenido, al tratarse de actos de propaganda y chantaje a la plantilla de Osakidetza, tal y como ha quedado demostrado en relaci\u00f3n con la convocatoria prevista para ma\u00f1ana, cuyo \u00fanico objetivo es desactivar la huelga y, en ning\u00fan caso, solucionar los graves problemas que nos han llevado a convocar movilizaciones.<\/p>\n\n\n\n<p>\u201cLos sindicatos\u00a0LAB, SATSE, ELA, CCOO y UGT volvemos a trasladarle a la Direcci\u00f3n de\u00a0Osakidetza nuestra negativa a participar, mientras no haya una negociaci\u00f3n real sobre nuestras reivindicaciones, en las reuniones sectoriales que convocan desde el ente p\u00fablico vasco, por tratarse de encuentros vac\u00edos de contenido y con un claro tinte propagand\u00edstico, ya que toda la informaci\u00f3n se traslada previamente a los medios de comunicaci\u00f3n\u201d. De este modo, \u201choy, jueves 23 de febrero, hemos desarrollado diversos actos de protesta en los tres territorios vascos desplegando pancartas gigantes tanto en hospitales como centros de salud con el objetivo de reforzar el llamamiento a las huelgas del d\u00eda 25 y 28, as\u00ed como a las movilizaciones que junto a agentes sociales realizaremos el d\u00eda 26 en las calles de\u00a0Bilbao,\u00a0Donostiay\u00a0Gasteiz\u201d, indican las centrales vascas.\u00a0\u201cEs el momento de salir a la calle y trasladar de manera n\u00edtida el hartazgo de profesionales y ciudadan\u00eda, no es momento de salidas en falso\u201d, a\u00f1aden.<\/p>\n\n\n\n<p>Los puntos que Osakidetza incorpor\u00f3 al orden del d\u00eda de la mesa sectorial \u201cfarsa\u201d convocada ayer no van acompa\u00f1ados de documentaci\u00f3n enviada de manera previa y con tiempo suficiente para poder ser analizada ya que lo \u00fanico que buscaba era desactivar las\u00a0pr\u00f3ximas convocatorias de huelga: 25 en la Atenci\u00f3n Primaria y 28 de febrero en todo el Servicio Vasco de Salud. Adem\u00e1s de esto, \u201cOsakidetza no ha incorporado, a ese orden del d\u00eda, los puntos solicitados por la parte sindical que, el pasado viernes, envi\u00f3 una comunicaci\u00f3n a la Direcci\u00f3n de Recursos Humanos con los puntos que queremos tratar, cuestiones todas ellas encaminadas a solucionar los graves problemas estructurales del ente p\u00fablico. A puertas de dos jornadas de huelga, ni se mencionan cuestiones claves como la ampliaci\u00f3n de plantilla, su estabilizaci\u00f3n o la reversi\u00f3n de los recortes aplicados\u201d, denuncian los sindicatos. Adem\u00e1s, \u201clos puntos del orden del d\u00eda tienen un car\u00e1cter informativo por lo que el ente p\u00fablico vasco sigue certificando su nula voluntad negociadora\u201d, contin\u00faan.<\/p>\n\n\n\n<p>Es especialmente llamativo el asunto relativo al desarrollo profesional, porque son los medios de comunicaci\u00f3n quienes saben m\u00e1s que los propios firmantes y el resto de miembros de la Mesa. \u201cEstas filtraciones a los medios de comunicaci\u00f3n ha sido otra de las actitudes que llevan repiti\u00e9ndose en los \u00faltimos a\u00f1os y que tambi\u00e9n ha provocado el hast\u00edo y la denuncia de todos y todas nosotras\u201d, reprochan las centrales sindicales.&nbsp;<\/p>\n\n\n\n<p>El desarrollo profesional es un acuerdo que Osakidetza unilateralmente ha decidido no cumplir hasta la fecha, desde su firma en el pasado mes de julio. Lo \u00fanico que cabe en relaci\u00f3n a ese punto es dejarse de chantajes, y cumplir el acuerdo adem\u00e1s del pago de las cantidades adeudadas con las y los trabajadores. Es intolerable que Osakidetza pretenda ahora hacer propaganda a costa de un acuerdo que, de manera unilateral, ha incumplido durante meses. Se trata de la historia de un recorte que se mantiene desde 2011 y que el servicio vasco de salud no tiene voluntad de revertir en su totalidad.<\/p>\n\n\n\n<p>\u201cQueremos trasladar a la plantilla la certeza de que Osakidetza tendr\u00e1 que mover sus posiciones si empujamos con decisi\u00f3n, si una convocatoria de huelga consigue desbloquear asuntos como el desarrollo profesional, debemos hacer la reflexi\u00f3n de lo que podemos conseguir con la acci\u00f3n conjunta que supone una huelga\u201d, inciden los sindicatos.<\/p>\n\n\n\n<p>Asimismo, \u201cqueremos transmitir a la ciudadan\u00eda en general que la lucha que estamos llevando a cabo no s\u00f3lo tiene como eje las condiciones laborales, sino que los sindicatos convocantes entendemos que trabajadores\/as y usuarios\/as nos movilizamos conjuntamente ante el deterioro de nuestro sistema sanitario p\u00fablico, por lo que el movimiento de Osakidetza de intentar neutralizar la huelga con los anuncios hechos p\u00fablicos ayer, caer\u00e1 en saco roto\u201d.&nbsp;<\/p>\n\n\n\n<p>Finalmente,\u00a0LAB, SATSE, ELA, CCOO\u00a0y UGT reiteran su compromiso absoluto con la sanidad p\u00fablica vasca y contra los ataques que est\u00e1 sufriendo por parte del Gobierno de EAJ-PNV, \u201ca la vez que decimos alto y claro que es el momento de empujar, de movilizarse, de salir a la huelga, no es momento de excusas ni de sentarse a mesas que Osakidetza ha convertido hace tiempo en un instrumento propagand\u00edstico\u201d, finalizan los sindicatos.\u00a0<\/p>\n","protected":false},"excerpt":{"rendered":"<p>Es momento de salir a la calle y trasladar de manera n\u00edtida el hartazgo de profesionales y ciudadan\u00eda, no es momento de salidas en falso.<\/p>\n","protected":false},"author":1189,"featured_media":43836,"comment_status":"closed","ping_status":"closed","sticky":false,"template":"","format":"standard","meta":{"_monsterinsights_skip_tracking":false,"_monsterinsights_sitenote_active":false,"_monsterinsights_sitenote_note":"","_monsterinsights_sitenote_category":0,"footnotes":"","_links_to":"","_links_to_target":""},"categories":[3097,6],"tags":[3178,3195,3100,3171],"class_list":{"0":"post-43837","1":"post","2":"type-post","3":"status-publish","4":"format-standard","5":"has-post-thumbnail","7":"category-sanidad","8":"category-es-servicios-publicos","9":"tag-destacado-1","10":"tag-osakidetza-es","11":"tag-sanidad-es","12":"tag-servicios-publicos-es"},"_links":{"self":[{"href":"https:\/\/www.lab.eus\/es\/wp-json\/wp\/v2\/posts\/43837","targetHints":{"allow":["GET"]}}],"collection":[{"href":"https:\/\/www.lab.eus\/es\/wp-json\/wp\/v2\/posts"}],"about":[{"href":"https:\/\/www.lab.eus\/es\/wp-json\/wp\/v2\/types\/post"}],"author":[{"embeddable":true,"href":"https:\/\/www.lab.eus\/es\/wp-json\/wp\/v2\/users\/1189"}],"replies":[{"embeddable":true,"href":"https:\/\/www.lab.eus\/es\/wp-json\/wp\/v2\/comments?post=43837"}],"version-history":[{"count":0,"href":"https:\/\/www.lab.eus\/es\/wp-json\/wp\/v2\/posts\/43837\/revisions"}],"wp:featuredmedia":[{"embeddable":true,"href":"https:\/\/www.lab.eus\/es\/wp-json\/wp\/v2\/media\/43836"}],"wp:attachment":[{"href":"https:\/\/www.lab.eus\/es\/wp-json\/wp\/v2\/media?parent=43837"}],"wp:term":[{"taxonomy":"category","embeddable":true,"href":"https:\/\/www.lab.eus\/es\/wp-json\/wp\/v2\/categories?post=43837"},{"taxonomy":"post_tag","embeddable":true,"href":"https:\/\/www.lab.eus\/es\/wp-json\/wp\/v2\/tags?post=43837"}],"curies":[{"name":"wp","href":"https:\/\/api.w.org\/{rel}","templated":true}]}}