{"id":43829,"date":"2022-02-23T11:27:31","date_gmt":"2022-02-23T11:27:31","guid":{"rendered":"https:\/\/www.lab.eus\/?p=43829"},"modified":"2022-02-23T11:27:32","modified_gmt":"2022-02-23T11:27:32","slug":"el-tribunal-supremo-nos-da-la-razon-las-y-los-83-trabajadores-despedidos-volveran-a-sus-puestos-en-pcb-itp-lortudugu","status":"publish","type":"post","link":"https:\/\/www.lab.eus\/es\/el-tribunal-supremo-nos-da-la-razon-las-y-los-83-trabajadores-despedidos-volveran-a-sus-puestos-en-pcb-itp-lortudugu\/","title":{"rendered":"El Tribunal Supremo nos da la raz\u00f3n: las y los 83 trabajadores despedidos volver\u00e1n a sus puestos en PCB-ITP #LortuDugu"},"content":{"rendered":"\n<p>En PCB-ITP, 83 trabajadores y trabajadoras volver\u00e1n a sus puestos de trabajo. El Tribunal Supremo espa\u00f1ol ha declarado nulo el despido colectivo de PCB-ITP, desestima el recurso presentado por la empresa y la condena a readmitir a los 83 trabajadores y trabajadoras despedidas. La sentencia del Tribunal Supremo viene a ratificar y a dar la raz\u00f3n a lo que desde un principio dijimos, en PCB no sobra nadie.<\/p>\n\n\n\n<p>Desde LAB tenemos claro que esta sentencia es fruto de la lucha. Cuando en noviembre de 2020 la Direcci\u00f3n de PCB plante\u00f3 el despido de estos trabajadores y trabajadoras, la plantilla entendi\u00f3 que el camino para evitarlo era la lucha.<\/p>\n\n\n\n<p>Una lucha que traspas\u00f3 los muros de la empresa, una lucha en la que se involucr\u00f3 toda la comarca de Ezkerraldea. Movimiento juvenil, movimiento de pensionistas, movimiento feminista, organizaciones sociales&#8230; todas luchando por el futuro de Ezkerraldea, una comarca olvidada por las instituciones y castigada por un proceso de des-industrializaci\u00f3n continuo y con las tasas de paro m\u00e1s altas de Euskal Herria.<\/p>\n\n\n\n<p>Una lucha que hicimos de la mano de otras plantillas que compart\u00edan un mismo objetivo; la defensa de los puestos de trabajo, de las condiciones de trabajo y el futuro industrial de Euskal Herria. Las plantilla de PCB-ITP, junto con las plantillas de Aernnova, Alestis, Tubacex, Petronor recorrieron las calles de Ezkerraldea, Aiaraldea, Gasteiz.<\/p>\n\n\n\n<p>Ante la prepotencia y avaricia desmedida de la direcci\u00f3n de PCB-ITP y ante el abandono total por parte de las instituciones, especialmente del Gobierno Vasco, las alianzas sindicales, sociales y en definitiva, de la clase trabajadora, han demostrado cu\u00e1l es el camino y la alternativa para la defensa de los puestos de trabajo, de unas condiciones dignas de trabajo y en consecuencia de una vida digna en Euskal Herria.<\/p>\n\n\n\n<p>En LAB tenemos claro que este es el \u00fanico camino y por eso seguiremos trabajando en esta direcci\u00f3n en cualquier empresa de Euskal Herria que decida atacar los derechos de los y las trabajadoras. La sentencia del Tribunal Supremo \u00fanicamente ha sido el \u00faltimo escal\u00f3n de la lucha. Zorionak PCBeko langileak, Zorionak Ezkerraldea!<\/p>\n","protected":false},"excerpt":{"rendered":"<p>Se ha declarado nulo el despido colectivo, desestimando as\u00ed el recurso presentado por la empresa. Ante la prepotencia y avaricia desmedida de la direcci\u00f3n de PCB-ITP y ante el abandono total por parte de las instituciones, especialmente del Gobierno Vasco, las alianzas sindicales y sociales han demostrado cu\u00e1l es el camino.<\/p>\n","protected":false},"author":1189,"featured_media":43827,"comment_status":"closed","ping_status":"closed","sticky":false,"template":"","format":"standard","meta":{"_monsterinsights_skip_tracking":false,"_monsterinsights_sitenote_active":false,"_monsterinsights_sitenote_note":"","_monsterinsights_sitenote_category":0,"footnotes":"","_links_to":"","_links_to_target":""},"categories":[18,2868,108],"tags":[3033,3179,2996,3064],"class_list":{"0":"post-43829","1":"post","2":"type-post","3":"status-publish","4":"format-standard","5":"has-post-thumbnail","7":"category-es-accion-sindical","8":"category-industria-es","9":"category-es-metal","10":"tag-accion-sindical-es","11":"tag-destacado-2","12":"tag-industria-es","13":"tag-metal-es"},"_links":{"self":[{"href":"https:\/\/www.lab.eus\/es\/wp-json\/wp\/v2\/posts\/43829","targetHints":{"allow":["GET"]}}],"collection":[{"href":"https:\/\/www.lab.eus\/es\/wp-json\/wp\/v2\/posts"}],"about":[{"href":"https:\/\/www.lab.eus\/es\/wp-json\/wp\/v2\/types\/post"}],"author":[{"embeddable":true,"href":"https:\/\/www.lab.eus\/es\/wp-json\/wp\/v2\/users\/1189"}],"replies":[{"embeddable":true,"href":"https:\/\/www.lab.eus\/es\/wp-json\/wp\/v2\/comments?post=43829"}],"version-history":[{"count":0,"href":"https:\/\/www.lab.eus\/es\/wp-json\/wp\/v2\/posts\/43829\/revisions"}],"wp:featuredmedia":[{"embeddable":true,"href":"https:\/\/www.lab.eus\/es\/wp-json\/wp\/v2\/media\/43827"}],"wp:attachment":[{"href":"https:\/\/www.lab.eus\/es\/wp-json\/wp\/v2\/media?parent=43829"}],"wp:term":[{"taxonomy":"category","embeddable":true,"href":"https:\/\/www.lab.eus\/es\/wp-json\/wp\/v2\/categories?post=43829"},{"taxonomy":"post_tag","embeddable":true,"href":"https:\/\/www.lab.eus\/es\/wp-json\/wp\/v2\/tags?post=43829"}],"curies":[{"name":"wp","href":"https:\/\/api.w.org\/{rel}","templated":true}]}}