{"id":43818,"date":"2022-02-23T11:05:01","date_gmt":"2022-02-23T11:05:01","guid":{"rendered":"https:\/\/www.lab.eus\/?p=43818"},"modified":"2022-02-23T11:06:48","modified_gmt":"2022-02-23T11:06:48","slug":"hemos-senalado-en-el-escenario-de-la-ultima-muerte-laboral-que-todos-y-cada-uno-de-los-accidentes-que-se-producen-al-caer-de-altura-pueden-evitarse","status":"publish","type":"post","link":"https:\/\/www.lab.eus\/es\/hemos-senalado-en-el-escenario-de-la-ultima-muerte-laboral-que-todos-y-cada-uno-de-los-accidentes-que-se-producen-al-caer-de-altura-pueden-evitarse\/","title":{"rendered":"Hemos se\u00f1alado en el escenario de la \u00faltima muerte laboral que todos y cada uno de los accidentes que se producen al caer de altura pueden evitarse"},"content":{"rendered":"\n<p>Los sindicatos que conformamos la mayor\u00eda sindical vasca hemos denunciado <a href=\"https:\/\/www.lab.eus\/es\/las-muertes-en-el-trabajo-por-caidas-en-altura-estan-batiendo-todos-los-records\/\">la muerte laboral ocurrida el s\u00e1bado en Deustu<\/a>. Lo hemos hecho en el mismo lugar donde se produjo el accidente laboral mortal. Un trabajador de la construcci\u00f3n de 47 a\u00f1os perdi\u00f3 la vida tras caer de una altura y en lo que va de a\u00f1o son ya cuatro las personas trabajadoras que han fallecido en Euskal Herria por esta misma causa. Hemos destacado que todo este tipo de accidentes son evitables si se llevan a cabo pol\u00edticas de prevenci\u00f3n reales desde las instituciones.<\/p>\n\n\n\n<figure class=\"wp-block-image size-large\"><img loading=\"lazy\" decoding=\"async\" width=\"1024\" height=\"625\" src=\"https:\/\/www.lab.eus\/wp-content\/uploads\/2022\/02\/Deustu-1024x625.jpg\" alt=\"\" class=\"wp-image-43816\" srcset=\"https:\/\/www.lab.eus\/wp-content\/uploads\/2022\/02\/Deustu-1024x625.jpg 1024w, https:\/\/www.lab.eus\/wp-content\/uploads\/2022\/02\/Deustu-300x183.jpg 300w, https:\/\/www.lab.eus\/wp-content\/uploads\/2022\/02\/Deustu-768x469.jpg 768w, https:\/\/www.lab.eus\/wp-content\/uploads\/2022\/02\/Deustu-150x92.jpg 150w, https:\/\/www.lab.eus\/wp-content\/uploads\/2022\/02\/Deustu-696x425.jpg 696w, https:\/\/www.lab.eus\/wp-content\/uploads\/2022\/02\/Deustu-1068x652.jpg 1068w, https:\/\/www.lab.eus\/wp-content\/uploads\/2022\/02\/Deustu-688x420.jpg 688w, https:\/\/www.lab.eus\/wp-content\/uploads\/2022\/02\/Deustu.jpg 1178w\" sizes=\"auto, (max-width: 1024px) 100vw, 1024px\" \/><\/figure>\n","protected":false},"excerpt":{"rendered":"<p>Desde la mayor\u00eda sindical vasca hemos denunciado la muerte laboral ocurrida el s\u00e1bado en Deustu. En lo que va de a\u00f1o son ya cuatro las personas trabajadoras que han fallecido en Euskal Herria por esta misma causa.<\/p>\n","protected":false},"author":1189,"featured_media":43814,"comment_status":"closed","ping_status":"closed","sticky":false,"template":"","format":"standard","meta":{"_monsterinsights_skip_tracking":false,"_monsterinsights_sitenote_active":false,"_monsterinsights_sitenote_note":"","_monsterinsights_sitenote_category":0,"footnotes":"","_links_to":"","_links_to_target":""},"categories":[18,96,2868,130,15],"tags":[3033,3200,3178,2996,3263,3083],"class_list":{"0":"post-43818","1":"post","2":"type-post","3":"status-publish","4":"format-standard","5":"has-post-thumbnail","7":"category-es-accion-sindical","8":"category-es-construccion","9":"category-industria-es","10":"category-es-la-precariedad-mata-es-salud-laboral","11":"category-es-salud-laboral","12":"tag-accion-sindical-es","13":"tag-construccion-es","14":"tag-destacado-1","15":"tag-industria-es","16":"tag-la-precariedad-mata-es-2","17":"tag-salud-laboral-es"},"_links":{"self":[{"href":"https:\/\/www.lab.eus\/es\/wp-json\/wp\/v2\/posts\/43818","targetHints":{"allow":["GET"]}}],"collection":[{"href":"https:\/\/www.lab.eus\/es\/wp-json\/wp\/v2\/posts"}],"about":[{"href":"https:\/\/www.lab.eus\/es\/wp-json\/wp\/v2\/types\/post"}],"author":[{"embeddable":true,"href":"https:\/\/www.lab.eus\/es\/wp-json\/wp\/v2\/users\/1189"}],"replies":[{"embeddable":true,"href":"https:\/\/www.lab.eus\/es\/wp-json\/wp\/v2\/comments?post=43818"}],"version-history":[{"count":0,"href":"https:\/\/www.lab.eus\/es\/wp-json\/wp\/v2\/posts\/43818\/revisions"}],"wp:featuredmedia":[{"embeddable":true,"href":"https:\/\/www.lab.eus\/es\/wp-json\/wp\/v2\/media\/43814"}],"wp:attachment":[{"href":"https:\/\/www.lab.eus\/es\/wp-json\/wp\/v2\/media?parent=43818"}],"wp:term":[{"taxonomy":"category","embeddable":true,"href":"https:\/\/www.lab.eus\/es\/wp-json\/wp\/v2\/categories?post=43818"},{"taxonomy":"post_tag","embeddable":true,"href":"https:\/\/www.lab.eus\/es\/wp-json\/wp\/v2\/tags?post=43818"}],"curies":[{"name":"wp","href":"https:\/\/api.w.org\/{rel}","templated":true}]}}