{"id":43788,"date":"2022-02-23T08:50:15","date_gmt":"2022-02-23T08:50:15","guid":{"rendered":"https:\/\/www.lab.eus\/?p=43788"},"modified":"2022-02-23T08:50:16","modified_gmt":"2022-02-23T08:50:16","slug":"hemos-conseguido-anular-los-pliegos-que-pretendian-privatizar-tareas-de-mantenimiento-en-la-osi-araba-evitando-que-500-000-euros-vayan-a-parar-a-empresas-privadas-lortudugu","status":"publish","type":"post","link":"https:\/\/www.lab.eus\/es\/hemos-conseguido-anular-los-pliegos-que-pretendian-privatizar-tareas-de-mantenimiento-en-la-osi-araba-evitando-que-500-000-euros-vayan-a-parar-a-empresas-privadas-lortudugu\/","title":{"rendered":"Hemos conseguido anular los pliegos que pretend\u00edan privatizar tareas de mantenimiento en la OSI Araba, evitando que 500.000 euros vayan a parar a empresas privadas #LortuDugu"},"content":{"rendered":"\n<p>El \u00d3rgano Administrativo de Recursos Contractuales ha estimado el recurso especial presentado por LAB hace tres meses y anula los pliegos del contrato y cancela la licitaci\u00f3n que pretend\u00eda privatizar el servicio de mantenimiento de las instalaciones t\u00e9rmicas del nuevo edificio de servicios generales de Txagorritxu.<\/p>\n\n\n\n<p>Osakidetza, de la mano de su Gerente en la OSI Araba, pretend\u00eda abrir las puertas del nuevo edificio de servicios generales a empresas externas para que cobrasen 500.000&nbsp;\u20ac&nbsp;por realizar tareas de mantenimiento de instalaciones t\u00e9rmicas para lo que tenemos personal sobradamente cualificado.<\/p>\n\n\n\n<p>P\u00e9rez Ramos, Gerente de la OSI Araba lleva semanas hablando de las bondades del nuevo edificio para contrarrestar el malestar de la ciudadan\u00eda por el cierre de las Urgencias de Santiago que sigue siendo objeto de acciones de protesta. Al mismo tiempo, contin\u00faa fuera de los focos de la prensa, despreciando la profesionalidad de la plantilla y aplicando con suma lealtad la hoja de ruta del gobierno del PNV de recorte y desmantelamiento de la sanidad p\u00fablica.<\/p>\n\n\n\n<p>En esta ocasi\u00f3n, sus planes no se materializar\u00e1n gracias a la acci\u00f3n de LAB, y hemos evitado que 500.000\u20ac&nbsp;acaben en manos de empresas privadas. Ahora se abre la puerta a hacer esas tareas con personal propio y por una cantidad econ\u00f3mica muy inferior.<\/p>\n\n\n\n<p>Mientras Osakidetza roba a sus trabajadores y trabajadoras la carrera profesional, incumpliendo el acuerdo alcanzado en julio del a\u00f1o pasado con este sindicato; mientras se niega a reconocer el 4% a la plantilla del centro vasco de transfusiones y a la red salud mental de Bizkaia y mientras intenta recortar conceptos como la turnicidad, Osakidetza no duda en inyectar esos millones robados a los y las trabajadoras a empresas externas para realizar trabajos que la Ley de Contrataci\u00f3n del Sector P\u00fablico le impide.<\/p>\n\n\n\n<p>En su defensa de los pliegos Osakidetza utiliza la \u201cfalta de personal\u201d como \u00fanica justificaci\u00f3n para privatizar cuando \u00e9sa cuesti\u00f3n se soluciona contratando. No hay nada m\u00e1s. Lo que queda claro es que Osakidetza, tras a\u00f1os debilitando la estructura sanitaria, no quiere contratar personal pero s\u00ed quiere externalizar servicios como el de mantenimiento. Esta \u201cmanera de hacer\u201d es un peligro para la totalidad de la plantilla como dictamina la resoluci\u00f3n del OARC\/KEO:<\/p>\n\n\n\n<p>\u201cLa Explicaci\u00f3n dada por Osakidetza para justificar la licitaci\u00f3n, se revela a todas luces insuficiente [&#8230;] hasta el punto de que, por su generalidad y abstracci\u00f3n, sirve para justificar la provisi\u00f3n externa de cualesquiera de los servicios que se presten en sus centros\u201d.<\/p>\n\n\n\n<p>A d\u00eda de hoy, tras la apertura del edificio nuevo de Txagorritxu, las tareas de mantenimiento de esas instalaciones se est\u00e1n realizando ya por oficiales de mantenimiento de Osakidetza. Esa carga de trabajo no estaba contemplada dado que iba a ser realizada por una empresa externa, por lo que urgimos a la OSI Araba y a su gerente a ponerse manos a la obra para realizar los tr\u00e1mites suficientes para poder realizar esas tareas con arreglo a la norma y a contratar el personal suficiente para asumir un trabajo que jam\u00e1s debi\u00f3 intentar privatizarse.<\/p>\n\n\n\n<p>Esto es lo que est\u00e1 sucediendo, Osakidetza lleva a\u00f1os mermando las plantillas, haciendo insoportable las cargas de trabajo y generando un problema estructural para plantear de manera paralela la privatizaci\u00f3n o la colaboraci\u00f3n publico- privada como soluci\u00f3n a esa falta de estructura. Es tan sencillo como inaceptable. El ataque a la sanidad p\u00fablica que se est\u00e1 acometiendo no tiene precedentes y tiene m\u00faltiples frentes. La privatizaci\u00f3n es el frente de una batalla que ha de darse y en el que LAB viene manteniendo una postura muy clara como ha demostrado impugnando dichos pliegos y logrando anularlos.<\/p>\n\n\n\n<p>Independientemente de la configuraci\u00f3n puntual de una huelga, de una movilizaci\u00f3n o acto de denuncia, en Osakidetza la situaci\u00f3n exige una movilizaci\u00f3n continuada en el tiempo, firme y constante, que no baje la guardia y traslade la tensi\u00f3n y malestar de la plantilla y ciudadan\u00eda a los centros de decisi\u00f3n. Debemos mandar un mensaje claro a los gestores de la sanidad p\u00fablica de que no vamos a permitir que lleven a t\u00e9rmino sus planes de desmantelamiento y privatizaci\u00f3n. Para ello, aprovechamos una vez m\u00e1s para animar a la plantilla y a la poblaci\u00f3n a movilizarse en cuantos actos de defensa de la sanidad p\u00fablica se organicen, dentro y fuera de los centros de trabajo, esta semana en las diferentes convocatorias de huelga planteadas para el dia 25 y 28 de febrero y llamamos a la ciudadan\u00eda a participar en las movilizaciones que recorrer\u00e1n las 3 capitales de la CAV el d\u00eda 26.<\/p>\n\n\n\n<p>Debemos fiscalizar todas las actuaciones del ente p\u00fablico porque las pol\u00edticas que se est\u00e1n aplicando en el sector de la sanidad p\u00fablica vasca son contrarias a los intereses de la plantilla y la poblaci\u00f3n.<\/p>\n","protected":false},"excerpt":{"rendered":"<p>El \u00d3rgano Administrativo de Recursos Contractuales ha estimado el recurso especial presentado por LAB hace tres meses y anula los pliegos del contrato y cancela la licitaci\u00f3n que pretend\u00eda privatizar el servicio de mantenimiento de las instalaciones t\u00e9rmicas del nuevo edificio de servicios generales de Txagorritxu.<\/p>\n","protected":false},"author":1189,"featured_media":43786,"comment_status":"closed","ping_status":"closed","sticky":false,"template":"","format":"standard","meta":{"_monsterinsights_skip_tracking":false,"_monsterinsights_sitenote_active":false,"_monsterinsights_sitenote_note":"","_monsterinsights_sitenote_category":0,"footnotes":"","_links_to":"","_links_to_target":""},"categories":[3097,6],"tags":[3179,3195,3100,3171],"class_list":{"0":"post-43788","1":"post","2":"type-post","3":"status-publish","4":"format-standard","5":"has-post-thumbnail","7":"category-sanidad","8":"category-es-servicios-publicos","9":"tag-destacado-2","10":"tag-osakidetza-es","11":"tag-sanidad-es","12":"tag-servicios-publicos-es"},"_links":{"self":[{"href":"https:\/\/www.lab.eus\/es\/wp-json\/wp\/v2\/posts\/43788","targetHints":{"allow":["GET"]}}],"collection":[{"href":"https:\/\/www.lab.eus\/es\/wp-json\/wp\/v2\/posts"}],"about":[{"href":"https:\/\/www.lab.eus\/es\/wp-json\/wp\/v2\/types\/post"}],"author":[{"embeddable":true,"href":"https:\/\/www.lab.eus\/es\/wp-json\/wp\/v2\/users\/1189"}],"replies":[{"embeddable":true,"href":"https:\/\/www.lab.eus\/es\/wp-json\/wp\/v2\/comments?post=43788"}],"version-history":[{"count":0,"href":"https:\/\/www.lab.eus\/es\/wp-json\/wp\/v2\/posts\/43788\/revisions"}],"wp:featuredmedia":[{"embeddable":true,"href":"https:\/\/www.lab.eus\/es\/wp-json\/wp\/v2\/media\/43786"}],"wp:attachment":[{"href":"https:\/\/www.lab.eus\/es\/wp-json\/wp\/v2\/media?parent=43788"}],"wp:term":[{"taxonomy":"category","embeddable":true,"href":"https:\/\/www.lab.eus\/es\/wp-json\/wp\/v2\/categories?post=43788"},{"taxonomy":"post_tag","embeddable":true,"href":"https:\/\/www.lab.eus\/es\/wp-json\/wp\/v2\/tags?post=43788"}],"curies":[{"name":"wp","href":"https:\/\/api.w.org\/{rel}","templated":true}]}}