{"id":43766,"date":"2022-02-22T14:48:29","date_gmt":"2022-02-22T14:48:29","guid":{"rendered":"https:\/\/www.lab.eus\/?p=43766"},"modified":"2022-02-22T14:48:31","modified_gmt":"2022-02-22T14:48:31","slug":"hemos-denunciado-que-las-trabajadoras-de-intervencion-social-de-gipuzkoa-siguen-sin-recibir-las-subidas-salariales-que-les-corresponden","status":"publish","type":"post","link":"https:\/\/www.lab.eus\/es\/hemos-denunciado-que-las-trabajadoras-de-intervencion-social-de-gipuzkoa-siguen-sin-recibir-las-subidas-salariales-que-les-corresponden\/","title":{"rendered":"Hemos denunciado que las trabajadoras de Intervenci\u00f3n Social de Gipuzkoa siguen sin recibir las subidas salariales que les corresponden"},"content":{"rendered":"\n<p>Comunicado de LAB y CCOO:<\/p>\n\n\n\n<p>La defensa del convenio colectivo nos ha llevado a realizar la movilizaci\u00f3n y la denuncia de hoy. Ten\u00edamos una reuni\u00f3n con la patronal HEDATZEN y hemos llevado a cabo una concentraci\u00f3n para denunciar que las trabajadoras de Intervenci\u00f3n Social de Gipuzkoa seguimos sin recibir las subidas salariales que nos corresponden.<\/p>\n\n\n\n<p>En el III Convenio Colectivo de Intervenci\u00f3n Social de Gipuzkoa se acord\u00f3 el incremento del IPC del a\u00f1o 2021 para el a\u00f1o 2022 del 6,3% a partir del 1 de enero. Salvo excepciones, estamos a 22 de febrero y la patronal no ha aplicado a\u00fan las subidas salariales mientras el tiempo sigue.<\/p>\n\n\n\n<p>Aunque HEDATZEN se reafirma en su compromiso de cumplir el Convenio Colectivo de Trabajo y aplicar incrementos salariales, insiste en que si no recibe dinero de parte de la Administraci\u00f3n P\u00fablica, la mayor\u00eda de las asociaciones no podr\u00e1n hacer frente a los incrementos salariales. Adem\u00e1s, tambi\u00e9n se atrevi\u00f3 a proponer que no se apliquen subidas salariales hasta finales de a\u00f1o.<\/p>\n\n\n\n<p>La privatizaci\u00f3n de los Servicios Sociales no s\u00f3lo precariza la situaci\u00f3n de las y los trabajadores (se busca reducir el gasto social, privatizando los beneficios) sino que supone un empeoramiento de la calidad de los servicios en detrimento de la ciudadan\u00eda en situaci\u00f3n de exclusi\u00f3n.<\/p>\n\n\n\n<p>Es un derecho de todos los gipuzkoanos y gipuzkoanaz contar con Servicios Sociales P\u00fablicos de Calidad, por eso es una obligaci\u00f3n de todos defender las condiciones laborales de los trabajadores y trabajadoras que sacan adelante estos Servicios Sociales. Porque esto no es un simple conflicto laboral entre las y los trabajadores y la patronal, sino una cuesti\u00f3n social que afecta directamente a la sociedad guipuzcoana.<\/p>\n\n\n\n<p>Desde LAB y CCOO queremos hacer un llamamiento a los trabajadores del sector y a la ciudadan\u00eda gipuzkoana a participar en las movilizaciones que puedan tener lugar a lo largo de los pr\u00f3ximos meses.<\/p>\n\n\n\n<p>Por otro lado, exigimos a la Administraci\u00f3n P\u00fablica que garantice las condiciones laborales y el poder adquisitivo del personal que presta sus servicios en los Servicios Sociales, as\u00ed como a la Patronal que sus servicios para el cumplimiento del Convenio Colectivo que suscribieron sean abonados a la mayor brevedad posible. Que cumplan el convenio firmado. Que dejen de jugar con nuestro pan.<\/p>\n","protected":false},"excerpt":{"rendered":"<p>Ten\u00edamos una reuni\u00f3n con la patronal Hedatzen y hemos llevado a cabo una concentraci\u00f3n para denunciar que las trabajadoras de Intervenci\u00f3n Social de Gipuzkoa seguimos sin recibir las subidas salariales que nos corresponden.<\/p>\n","protected":false},"author":1189,"featured_media":43750,"comment_status":"closed","ping_status":"closed","sticky":false,"template":"","format":"standard","meta":{"_monsterinsights_skip_tracking":false,"_monsterinsights_sitenote_active":false,"_monsterinsights_sitenote_note":"","_monsterinsights_sitenote_category":0,"footnotes":"","_links_to":"","_links_to_target":""},"categories":[18,3000,6,3283],"tags":[3033,3178,3217,3171],"class_list":{"0":"post-43766","1":"post","2":"type-post","3":"status-publish","4":"format-standard","5":"has-post-thumbnail","7":"category-es-accion-sindical","8":"category-servicio-sociocomunitario","9":"category-es-servicios-publicos","10":"category-sin-categorizar","11":"tag-accion-sindical-es","12":"tag-destacado-1","13":"tag-servicios-sociocomunitarios","14":"tag-servicios-publicos-es"},"_links":{"self":[{"href":"https:\/\/www.lab.eus\/es\/wp-json\/wp\/v2\/posts\/43766","targetHints":{"allow":["GET"]}}],"collection":[{"href":"https:\/\/www.lab.eus\/es\/wp-json\/wp\/v2\/posts"}],"about":[{"href":"https:\/\/www.lab.eus\/es\/wp-json\/wp\/v2\/types\/post"}],"author":[{"embeddable":true,"href":"https:\/\/www.lab.eus\/es\/wp-json\/wp\/v2\/users\/1189"}],"replies":[{"embeddable":true,"href":"https:\/\/www.lab.eus\/es\/wp-json\/wp\/v2\/comments?post=43766"}],"version-history":[{"count":0,"href":"https:\/\/www.lab.eus\/es\/wp-json\/wp\/v2\/posts\/43766\/revisions"}],"wp:featuredmedia":[{"embeddable":true,"href":"https:\/\/www.lab.eus\/es\/wp-json\/wp\/v2\/media\/43750"}],"wp:attachment":[{"href":"https:\/\/www.lab.eus\/es\/wp-json\/wp\/v2\/media?parent=43766"}],"wp:term":[{"taxonomy":"category","embeddable":true,"href":"https:\/\/www.lab.eus\/es\/wp-json\/wp\/v2\/categories?post=43766"},{"taxonomy":"post_tag","embeddable":true,"href":"https:\/\/www.lab.eus\/es\/wp-json\/wp\/v2\/tags?post=43766"}],"curies":[{"name":"wp","href":"https:\/\/api.w.org\/{rel}","templated":true}]}}