{"id":43689,"date":"2022-02-22T10:15:37","date_gmt":"2022-02-22T10:15:37","guid":{"rendered":"https:\/\/www.lab.eus\/?p=43689"},"modified":"2022-02-22T10:15:38","modified_gmt":"2022-02-22T10:15:38","slug":"nos-hemos-concentrado-frente-al-ayuntamiento-de-irunea-para-denunciar-el-fraude-en-la-limpieza-de-las-escuelas-publicas","status":"publish","type":"post","link":"https:\/\/www.lab.eus\/es\/nos-hemos-concentrado-frente-al-ayuntamiento-de-irunea-para-denunciar-el-fraude-en-la-limpieza-de-las-escuelas-publicas\/","title":{"rendered":"Nos hemos concentrado frente al ayuntamiento de Iru\u00f1ea para denunciar el fraude en la limpieza de las escuelas p\u00fablicas"},"content":{"rendered":"\n<p>En la concentraci\u00f3n llevada a cabo por trabajadoras de limpieza y miembros del sindicato, hemos se\u00f1alado que el fraude realizado por las subcontratas alcanza cerca de medio mill\u00f3n de euros. \u00abCifras escandalosas que demuestran un absoluto descontrol sobre las subcontratas\u00bb, en palabras de las representantes de LAB.<\/p>\n\n\n\n<p>La pol\u00e9mica en torno al incumplimiento de los pliegos surgi\u00f3 a ra\u00edz de una partida aprobada de 82.000\u20ac destinada a limpiezas de cristales y suelos de las escuelas, limpiezas a las que las empresas estaban obligadas por los pliegos pero llevaban a\u00f1os sin realizar. Este hecho trajo que el sindicato LAB interpusiera una denuncia ante el \u00f3rgano de contrataci\u00f3n; posteriormente fue la oposici\u00f3n del Ayuntamiento de Pamplona quien denuncio el caso en Comisi\u00f3n.<\/p>\n\n\n\n<p>As\u00ed, hoy, LAB y las trabajadoras han denunciado que \u00abes indecente que el Ayuntamiento pague el doble a estas empresas mientras mantiene a las trabajadoras con las jornadas recortadas\u00bb. Las participantes han lanzado billetes, representando el fraude que los t\u00e9cnicos y el equipo de Gobierno han sido incapaces de detectar.<\/p>\n\n\n\n<p>Por \u00faltimo, han reclamado que, mientras no se publifiquen los servicios, se vuelvan a abrir a los sindicatos el foro de seguimiento a la subcontrataci\u00f3n puesto en marcha en la anterior legislatura para tratar de atajar el fraude.<\/p>\n","protected":false},"excerpt":{"rendered":"<p>En la concentraci\u00f3n realizada por trabajadoras de limpieza y miembros del sindicato, hemos se\u00f1alado que el fraude realizado por las subcontratas alcanza cerca de medio mill\u00f3n de euros.<\/p>\n","protected":false},"author":1189,"featured_media":43687,"comment_status":"closed","ping_status":"closed","sticky":false,"template":"","format":"standard","meta":{"_monsterinsights_skip_tracking":false,"_monsterinsights_sitenote_active":false,"_monsterinsights_sitenote_note":"","_monsterinsights_sitenote_category":0,"footnotes":"","_links_to":"","_links_to_target":""},"categories":[18,2944,8],"tags":[3033,3178,3172],"class_list":{"0":"post-43689","1":"post","2":"type-post","3":"status-publish","4":"format-standard","5":"has-post-thumbnail","7":"category-es-accion-sindical","8":"category-limpieza","9":"category-es-servicios-privados","10":"tag-accion-sindical-es","11":"tag-destacado-1","12":"tag-servicios-privados-es"},"_links":{"self":[{"href":"https:\/\/www.lab.eus\/es\/wp-json\/wp\/v2\/posts\/43689","targetHints":{"allow":["GET"]}}],"collection":[{"href":"https:\/\/www.lab.eus\/es\/wp-json\/wp\/v2\/posts"}],"about":[{"href":"https:\/\/www.lab.eus\/es\/wp-json\/wp\/v2\/types\/post"}],"author":[{"embeddable":true,"href":"https:\/\/www.lab.eus\/es\/wp-json\/wp\/v2\/users\/1189"}],"replies":[{"embeddable":true,"href":"https:\/\/www.lab.eus\/es\/wp-json\/wp\/v2\/comments?post=43689"}],"version-history":[{"count":0,"href":"https:\/\/www.lab.eus\/es\/wp-json\/wp\/v2\/posts\/43689\/revisions"}],"wp:featuredmedia":[{"embeddable":true,"href":"https:\/\/www.lab.eus\/es\/wp-json\/wp\/v2\/media\/43687"}],"wp:attachment":[{"href":"https:\/\/www.lab.eus\/es\/wp-json\/wp\/v2\/media?parent=43689"}],"wp:term":[{"taxonomy":"category","embeddable":true,"href":"https:\/\/www.lab.eus\/es\/wp-json\/wp\/v2\/categories?post=43689"},{"taxonomy":"post_tag","embeddable":true,"href":"https:\/\/www.lab.eus\/es\/wp-json\/wp\/v2\/tags?post=43689"}],"curies":[{"name":"wp","href":"https:\/\/api.w.org\/{rel}","templated":true}]}}