{"id":43601,"date":"2022-02-18T10:40:59","date_gmt":"2022-02-18T10:40:59","guid":{"rendered":"https:\/\/www.lab.eus\/?p=43601"},"modified":"2022-02-18T10:45:10","modified_gmt":"2022-02-18T10:45:10","slug":"exigimos-al-gobierno-de-nafarroa-la-anulacion-del-psis-que-desarrolla-el-proyecto-de-aroztegia","status":"publish","type":"post","link":"https:\/\/www.lab.eus\/es\/exigimos-al-gobierno-de-nafarroa-la-anulacion-del-psis-que-desarrolla-el-proyecto-de-aroztegia\/","title":{"rendered":"Exigimos al Gobierno de Nafarroa la anulaci\u00f3n del PSIS que desarrolla el proyecto de Aroztegia"},"content":{"rendered":"\n<p>La Sala de lo Contencioso-Administrativo del Tribunal Superior de Justicia de Navarra (TSJN)\u00a0da la raz\u00f3n a LAB y confirma la reclamaci\u00f3n del sindicato<strong>\u00a0<\/strong>que el Tribunal Administrativo de Contratos P\u00fablicos de Navarra resolvi\u00f3 en su d\u00eda\u00a0anulando el pliego y declarando la imposibilidad de continuar con el procedimiento de adjudicaci\u00f3n.<\/p>\n\n\n\n<p>El pasado mes de mayo de 2021 el sindicato LAB exigi\u00f3 p\u00fablicamente la paralizaci\u00f3n de las obras de Aroztegia, puesto que eran ilegales. Entend\u00eda que el inicio de unas obras cuyo pliego estaba anulado y su adjudicaci\u00f3n paralizada era adem\u00e1s de contrario a Derecho, inaceptable.\u00a0Una vez que se le ha vuelto a dar la raz\u00f3n en su reclamaci\u00f3n, el sindicato LAB exige al Gobierno de Navarra la anulaci\u00f3n del PSIS que desarrolla el proyecto de Aroztegia, algo para lo que el Gobierno tiene plenas competencias.<\/p>\n\n\n\n<p>La promotora, denominada Junta de Compensaci\u00f3n del \u00e1rea tur\u00edstica, hotelera, deportiva y residencial del entorno del Palacio de Aroztegia, y la empresa OBRAS Y SERVICIOS TEX SL encargada de las obras,\u00a0cometieron una gamberrada dentro de una estrategia de hechos consumados. As\u00ed, buscaron, por todos los medios, un inicio de las obras que posibilitar\u00e1 el acceso a posibles indemnizaciones ante el futuro incierto de un proyecto contrario a la voluntad popular de las vecinas de la zona, que de manera mayoritaria se opusieron al proyecto de Aroztegia en refer\u00e9ndum.<\/p>\n\n\n\n<p>Sin embargo, una vez m\u00e1s la realidad es un claro ejemplo de la l\u00f3gica de las cosas en un mundo en el que manda el capital. As\u00ed,\u00a0quienes han actuado ilegalmente de forma contraria a Derecho con consecuencias irreparables, adem\u00e1s de salir impunes tratan de criminalizar a las vecinas y vecinos de Baztan.<strong>\u00a0<\/strong>No se depuran las responsabilidades de los responsables pol\u00edticos y empresarios involucrados en el inicio de unas obras contrarias a Derecho. Ning\u00fan responsable de la promotora ni de la empresa encargada de las obras han acabado en la Audiencia de Navarra.Por el contrario, s\u00ed lo han hecho, vecinas y vecinos de Baztan por realizar un trabajo que debiera haber llevado a cabo la Administraci\u00f3n.<\/p>\n\n\n\n<p>Por \u00faltimo, LAB quiere subrayar que esta decisi\u00f3n judicial da la raz\u00f3n a la poblaci\u00f3n de Baztan, y quiere poner en valor su activaci\u00f3n contra la especulaci\u00f3n, su lucha en favor de garantizar un trabajo y vida digna en el valle de Baztan, cuidando el entorno y de acuerdo a las necesidades y realidad socio-econ\u00f3mica de la zona.<\/p>\n","protected":false},"excerpt":{"rendered":"<p>La Sala de lo Contencioso-Administrativo del Tribunal Superior de Justicia de Navarra (TSJN) da la raz\u00f3n a LAB y confirma la reclamaci\u00f3n del sindicato que el Tribunal Administrativo de Contratos P\u00fablicos de Navarra resolvi\u00f3 en su d\u00eda anulando el pliego y declarando la imposibilidad de continuar con el procedimiento de adjudicaci\u00f3n.<\/p>\n","protected":false},"author":1189,"featured_media":43599,"comment_status":"closed","ping_status":"closed","sticky":false,"template":"","format":"standard","meta":{"_monsterinsights_skip_tracking":false,"_monsterinsights_sitenote_active":false,"_monsterinsights_sitenote_note":"","_monsterinsights_sitenote_category":0,"footnotes":"","_links_to":"","_links_to_target":""},"categories":[2994,3301,3283],"tags":[3182,3178,3231,3196],"class_list":{"0":"post-43601","1":"post","2":"type-post","3":"status-publish","4":"format-standard","5":"has-post-thumbnail","7":"category-accion-social","8":"category-euskal-herria-es-2","9":"category-sin-categorizar","10":"tag-accion-social-es","11":"tag-destacado-1","12":"tag-euskal-herria-es","13":"tag-nafarroa-es-2"},"_links":{"self":[{"href":"https:\/\/www.lab.eus\/es\/wp-json\/wp\/v2\/posts\/43601","targetHints":{"allow":["GET"]}}],"collection":[{"href":"https:\/\/www.lab.eus\/es\/wp-json\/wp\/v2\/posts"}],"about":[{"href":"https:\/\/www.lab.eus\/es\/wp-json\/wp\/v2\/types\/post"}],"author":[{"embeddable":true,"href":"https:\/\/www.lab.eus\/es\/wp-json\/wp\/v2\/users\/1189"}],"replies":[{"embeddable":true,"href":"https:\/\/www.lab.eus\/es\/wp-json\/wp\/v2\/comments?post=43601"}],"version-history":[{"count":0,"href":"https:\/\/www.lab.eus\/es\/wp-json\/wp\/v2\/posts\/43601\/revisions"}],"wp:featuredmedia":[{"embeddable":true,"href":"https:\/\/www.lab.eus\/es\/wp-json\/wp\/v2\/media\/43599"}],"wp:attachment":[{"href":"https:\/\/www.lab.eus\/es\/wp-json\/wp\/v2\/media?parent=43601"}],"wp:term":[{"taxonomy":"category","embeddable":true,"href":"https:\/\/www.lab.eus\/es\/wp-json\/wp\/v2\/categories?post=43601"},{"taxonomy":"post_tag","embeddable":true,"href":"https:\/\/www.lab.eus\/es\/wp-json\/wp\/v2\/tags?post=43601"}],"curies":[{"name":"wp","href":"https:\/\/api.w.org\/{rel}","templated":true}]}}