{"id":43548,"date":"2022-02-17T10:11:00","date_gmt":"2022-02-17T10:11:00","guid":{"rendered":"https:\/\/www.lab.eus\/?p=43548"},"modified":"2022-02-17T13:14:45","modified_gmt":"2022-02-17T13:14:45","slug":"denunciamos-la-conjura-en-nuestra-contra-del-resto-de-sindicatos-en-la-empresa-fcc-limpiezas-viarias-de-irunea","status":"publish","type":"post","link":"https:\/\/www.lab.eus\/es\/denunciamos-la-conjura-en-nuestra-contra-del-resto-de-sindicatos-en-la-empresa-fcc-limpiezas-viarias-de-irunea\/","title":{"rendered":"Denunciamos la conjura en nuestra contra del resto de sindicatos en la empresa FCC Limpiezas Viarias de Iru\u00f1ea"},"content":{"rendered":"\n<p>El sindicato LAB quiere denunciar que los sindicatos UGT, ATSU y CCOO han unido sus fuerzas y formado un bloque contra los representantes de este sindicato, y han revocado a los delegados de LAB de los puestos de secretario y delegado de salud laboral en el Comit\u00e9 de Empresa. Esta \u00faltima acci\u00f3n, en sinton\u00eda con la actitud que han tenido desde que decidieron desmantelar la lucha unitaria, ha vuelto a dejar en evidencia la prioridad que le dan estos tres sindicatos a defender los intereses de la empresa por encima de los derechos de los trabajadores y trabajadoras.<\/p>\n\n\n\n<p>Por primera vez en 32 a\u00f1os, en diciembre de 2021, se celebraron los primeros paros para revindicar las demandas de la plantilla de FCC Limpieza Viaria de Pamplona: desbloqueo de la negociaci\u00f3n del convenio, subida salarial del IPC, aumento del servicio de limpieza, conciliaci\u00f3n familiar con una jornada de lunes a viernes, y criterios de contrataciones justas. Tambi\u00e9n se celebr\u00f3 un d\u00eda entero de huelga seguido por el 95% de la plantilla.<\/p>\n\n\n\n<p>Tras la primera jornada de huelga, visto el gran seguimiento de la plantilla, el Comit\u00e9 de Empresa acord\u00f3 seguir con la lucha y convocar nueve d\u00edas seguidos de paro, llegando a convocar y firmar todos los sindicatos la convocatoria de la huelga para el principio de a\u00f1o de 2022.<\/p>\n\n\n\n<p>Pero acto seguido, la empresa convoc\u00f3 a las representaciones sindicales de manera individual, a lo que LAB se neg\u00f3, ya que pretend\u00edan negociar fuera de las reuniones del Comit\u00e9, e hizo un llamamiento a la unidad sindical y de la plantilla; algo que obviamente no fue respetado por los dem\u00e1s sindicatos.<\/p>\n\n\n\n<p>Esos sindicatos, que pocos d\u00edas antes clamaban por una huelga indefinida, cambiaron de postura repentinamente e hicieron que sus simpatizantes pararan la lucha sin tener ninguna oferta encima de la mesa, justificando que ten\u00edan buenas sensaciones despu\u00e9s de un encuentro con el equipo del Ayuntamiento, en el cual se hablaba de una subida m\u00e1xima del 2%, muy lejos del la subida del IPC en 2021.<\/p>\n\n\n\n<p>UGT, ATSU y CCOO prometieron una respuesta del Ayuntamiento de Pamplona durante el mes de enero; una respuesta que a d\u00eda de hoy no ha llegado. De todas formas, LAB considera que siendo trabajadores y trabajadoras de FCC Medio Ambiente no puede ser que se exijan soluciones \u00fanica y exclusivamente al Ayuntamiento, cuando las condiciones laborales las impone la empresa.<\/p>\n\n\n\n<p>Desde el sindicato LAB queremos resaltar que una vez m\u00e1s estos sindicatos est\u00e1n vendiendo a la plantilla, compartiendo con la empresa el empobrecimiento de los y las trabajadoras, sin tener en cuenta que por primera vez en muchos a\u00f1os la plantilla hab\u00eda unido sus fuerzas para conseguir una reivindicaciones m\u00e1s que justas.<\/p>\n\n\n\n<p>No obstante, y a pesar de que UGT, ATSU y CCOO han abandonado las reivindicaciones unitarias y pretenden marginar a LAB&nbsp;\u2015tal y como demuestra la revocaci\u00f3n de sus dos delegados\u2015, este sindicato tiene claro que seguir\u00e1 luchando por las demandas de la plantilla, para beneficio de todas y todos.<\/p>\n","protected":false},"excerpt":{"rendered":"<p>UGT, ATSU y CCOO han revocado a los delegados de LAB de los puestos de secretario y delegado de salud laboral en el Comit\u00e9 de Empresa.<\/p>\n","protected":false},"author":1189,"featured_media":43547,"comment_status":"closed","ping_status":"closed","sticky":false,"template":"","format":"standard","meta":{"_monsterinsights_skip_tracking":false,"_monsterinsights_sitenote_active":false,"_monsterinsights_sitenote_note":"","_monsterinsights_sitenote_category":0,"footnotes":"","_links_to":"","_links_to_target":""},"categories":[2944,8,3283],"tags":[3178,3172],"class_list":{"0":"post-43548","1":"post","2":"type-post","3":"status-publish","4":"format-standard","5":"has-post-thumbnail","7":"category-limpieza","8":"category-es-servicios-privados","9":"category-sin-categorizar","10":"tag-destacado-1","11":"tag-servicios-privados-es"},"_links":{"self":[{"href":"https:\/\/www.lab.eus\/es\/wp-json\/wp\/v2\/posts\/43548","targetHints":{"allow":["GET"]}}],"collection":[{"href":"https:\/\/www.lab.eus\/es\/wp-json\/wp\/v2\/posts"}],"about":[{"href":"https:\/\/www.lab.eus\/es\/wp-json\/wp\/v2\/types\/post"}],"author":[{"embeddable":true,"href":"https:\/\/www.lab.eus\/es\/wp-json\/wp\/v2\/users\/1189"}],"replies":[{"embeddable":true,"href":"https:\/\/www.lab.eus\/es\/wp-json\/wp\/v2\/comments?post=43548"}],"version-history":[{"count":0,"href":"https:\/\/www.lab.eus\/es\/wp-json\/wp\/v2\/posts\/43548\/revisions"}],"wp:featuredmedia":[{"embeddable":true,"href":"https:\/\/www.lab.eus\/es\/wp-json\/wp\/v2\/media\/43547"}],"wp:attachment":[{"href":"https:\/\/www.lab.eus\/es\/wp-json\/wp\/v2\/media?parent=43548"}],"wp:term":[{"taxonomy":"category","embeddable":true,"href":"https:\/\/www.lab.eus\/es\/wp-json\/wp\/v2\/categories?post=43548"},{"taxonomy":"post_tag","embeddable":true,"href":"https:\/\/www.lab.eus\/es\/wp-json\/wp\/v2\/tags?post=43548"}],"curies":[{"name":"wp","href":"https:\/\/api.w.org\/{rel}","templated":true}]}}