{"id":43540,"date":"2022-02-17T08:32:00","date_gmt":"2022-02-17T08:32:00","guid":{"rendered":"https:\/\/www.lab.eus\/?p=43540"},"modified":"2022-02-17T12:35:58","modified_gmt":"2022-02-17T12:35:58","slug":"participaremos-en-la-movilizacion-convocada-por-la-plataforma-osasun-bidasoa-para-reivindicar-transparencia-y-el-mantenimiento-de-todos-los-servicicios-de-cirugia-en-la-osi-bidasoa","status":"publish","type":"post","link":"https:\/\/www.lab.eus\/es\/participaremos-en-la-movilizacion-convocada-por-la-plataforma-osasun-bidasoa-para-reivindicar-transparencia-y-el-mantenimiento-de-todos-los-servicicios-de-cirugia-en-la-osi-bidasoa\/","title":{"rendered":"Participaremos en la movilizaci\u00f3n convocada por la plataforma Osasun Bidasoa para reivindicar transparencia y el mantenimiento de todos los servicicios de cirug\u00eda en la OSI Bidasoa"},"content":{"rendered":"\n<p>Osakidetza, fiel a su modelo de gesti\u00f3n, ha llevado el proceso de renovaci\u00f3n del bloque quir\u00fargico del Hospital Bidasoa de forma opaca, ocultando informaci\u00f3n tanto a la plantilla y sus representantes como a la sociedad en general y a los distintos organismos sociales. Una vez m\u00e1s, no ha existido ning\u00fan tipo de negociaci\u00f3n previa en cuanto al proyecto, movilidad del personal afectado, sus condiciones laborales, pago de dietas, aumento de jornada entre otras muchas cuestiones, y se ha limitado a comunicar decisiones ya tomadas.<\/p>\n\n\n\n<p>Si bien, y siempre que suponga una mejora, no se pueden poner pegas a la modernizaci\u00f3n de los servicios que ofrece la Sanidad P\u00fablica, en este caso nos supone motivo de preocupaci\u00f3n que el Servicio de Anatom\u00eda Patol\u00f3gica vaya a ser trasladado al Hospital Donostia sin garant\u00edas de vuelta al Hospital Bidasoa. Este hecho supondr\u00eda una considerable limitaci\u00f3n de procesos quir\u00fargicos, con la consecuente p\u00e9rdida de calidad asistencial para la comarca y un despilfarro de recursos p\u00fablicos. Debemos denunciar que este servicio est\u00e1 ya de por s\u00ed saturado y que su personal sufre cargas de trabajo inasumibles.<\/p>\n\n\n\n<p>En este sentido, desde LAB no tenemos m\u00e1s que preguntas que hasta ahora no han encontrado respuesta \u00bfqu\u00e9 suceder\u00e1 con los an\u00e1lisis de patolog\u00eda intra operatoria? \u00bfYa no se realizar\u00e1n? O quiz\u00e1, ya que al no disponer del servicio de Anatom\u00eda Patol\u00f3gica en el centro y se limita mucho el tipo de intervenciones quir\u00fargicas, la pregunta debe ser \u00bfqu\u00e9 tipo de intervenciones quir\u00fargicas van a quedar en la OSI Bidasoa?<\/p>\n\n\n\n<p>Creemos que Osakidetza no est\u00e1 dando toda la informaci\u00f3n. No es l\u00f3gico que, por un lado, se realice una inversi\u00f3n tan grande en la renovaci\u00f3n y equipamiento de los quir\u00f3fanos y al mismo tiempo desaparezca o se traslade el servicio de Anatom\u00eda Patol\u00f3gica al Hospital Donostia, con la p\u00e9rdida de calidad que esto supone a la hora de afrontar muchas intervenciones.<\/p>\n\n\n\n<p>Es por ello que LAB se adhiere a la manifestaci\u00f3n convocada por la Plataforma Osasun Bidasoa bajo el lema de \u201cAMPLIAR, RENOVAR, MEJORAR \u2013 GURE OSASUNAREN ALDE\u201d que saldr\u00e1 el 19 de febrero a las 18:00 horas de la plaza San Juan de Irun.<\/p>\n","protected":false},"excerpt":{"rendered":"<p>Osakidetza, fiel a su modelo de gesti\u00f3n, ha llevado el proceso de renovaci\u00f3n del bloque quir\u00fargico del Hospital Bidasoa de forma opaca, ocultando informaci\u00f3n tanto a la plantilla y sus representantes como a la sociedad en general y a los distintos organismos sociales.<\/p>\n","protected":false},"author":1189,"featured_media":43537,"comment_status":"closed","ping_status":"closed","sticky":false,"template":"","format":"standard","meta":{"_monsterinsights_skip_tracking":false,"_monsterinsights_sitenote_active":false,"_monsterinsights_sitenote_note":"","_monsterinsights_sitenote_category":0,"footnotes":"","_links_to":"","_links_to_target":""},"categories":[3097,6,3283],"tags":[3178,3100,3171],"class_list":{"0":"post-43540","1":"post","2":"type-post","3":"status-publish","4":"format-standard","5":"has-post-thumbnail","7":"category-sanidad","8":"category-es-servicios-publicos","9":"category-sin-categorizar","10":"tag-destacado-1","11":"tag-sanidad-es","12":"tag-servicios-publicos-es"},"_links":{"self":[{"href":"https:\/\/www.lab.eus\/es\/wp-json\/wp\/v2\/posts\/43540","targetHints":{"allow":["GET"]}}],"collection":[{"href":"https:\/\/www.lab.eus\/es\/wp-json\/wp\/v2\/posts"}],"about":[{"href":"https:\/\/www.lab.eus\/es\/wp-json\/wp\/v2\/types\/post"}],"author":[{"embeddable":true,"href":"https:\/\/www.lab.eus\/es\/wp-json\/wp\/v2\/users\/1189"}],"replies":[{"embeddable":true,"href":"https:\/\/www.lab.eus\/es\/wp-json\/wp\/v2\/comments?post=43540"}],"version-history":[{"count":0,"href":"https:\/\/www.lab.eus\/es\/wp-json\/wp\/v2\/posts\/43540\/revisions"}],"wp:featuredmedia":[{"embeddable":true,"href":"https:\/\/www.lab.eus\/es\/wp-json\/wp\/v2\/media\/43537"}],"wp:attachment":[{"href":"https:\/\/www.lab.eus\/es\/wp-json\/wp\/v2\/media?parent=43540"}],"wp:term":[{"taxonomy":"category","embeddable":true,"href":"https:\/\/www.lab.eus\/es\/wp-json\/wp\/v2\/categories?post=43540"},{"taxonomy":"post_tag","embeddable":true,"href":"https:\/\/www.lab.eus\/es\/wp-json\/wp\/v2\/tags?post=43540"}],"curies":[{"name":"wp","href":"https:\/\/api.w.org\/{rel}","templated":true}]}}