{"id":43482,"date":"2022-02-16T08:14:00","date_gmt":"2022-02-16T08:14:00","guid":{"rendered":"https:\/\/www.lab.eus\/?p=43482"},"modified":"2022-02-16T14:19:51","modified_gmt":"2022-02-16T14:19:51","slug":"hemos-llamado-a-la-manifestacion-de-este-viernes-en-defensa-de-la-sanidad-publica-y-por-la-mejora-de-las-condiciones-laborales-del-personal-de-osasunbidea","status":"publish","type":"post","link":"https:\/\/www.lab.eus\/es\/hemos-llamado-a-la-manifestacion-de-este-viernes-en-defensa-de-la-sanidad-publica-y-por-la-mejora-de-las-condiciones-laborales-del-personal-de-osasunbidea\/","title":{"rendered":"Hemos llamado a participar en la manifestaci\u00f3n de este viernes en defensa de la sanidad p\u00fablica y por la mejora de las condiciones laborales del personal de Osasunbidea"},"content":{"rendered":"\n<p>Los sindicatos LAB, ELA, CCOO, ESK, Steilas, CGT, CNT y Solidari han ofrecido esta ma\u00f1ana una rueda de prensa en Pamplona para hacer p\u00fablica una lectura compartida de la situaci\u00f3n del sistema sanitario en Navarra y sumarse a la manifestaci\u00f3n convocada por la Plataforma de Salud de Navarra para el 18 de febrero por la tarde en la capital navarra.<\/p>\n\n\n\n<p>La crisis sanitaria provocada por la Covid 19 ha supuesto un cambio social sin precedentes, en t\u00e9rminos generales, y en el \u00e1mbito de la salud, en particular. Se han puesto de manifiesto una serie de fallos del sistema de car\u00e1cter estructural que ponen a los\/las trabajadores\/as de la Sanidad P\u00fablica contra las cuerdas, con una merma en las condiciones laborales que les impide en muchos servicios y \u00e1reas poder proporcionar una atenci\u00f3n de calidad en los cuidados y una m\u00ednima seguridad al paciente.<\/p>\n\n\n\n<p>Gestionar una pandemia no puede ser tarea f\u00e1cil para ninguna Administraci\u00f3n pero, despu\u00e9s de dos a\u00f1os, la direcci\u00f3n de Osasunbidea no ha establecido en ning\u00fan momento una hoja de ruta concreta por la que transitar. Al contrario, ha mostrado una completa falta de previsi\u00f3n, actuando en una permanente improvisaci\u00f3n en materia de personal, sin anteponerse a las olas y variantes generadas por el Covid. A pesar de que al comienzo de la primera ola en marzo de 2020 se dio una apuesta de afrontamiento ambiciosa en lo cuantitativo, con un volumen de contrataci\u00f3n amplio, no podemos decir lo mismo a nivel cualitativo pues no se han implementado unas adecuadas condiciones laborales del personal, tanto sanitario como no sanitario. Destaca la situaci\u00f3n del personal contratado, siendo el m\u00e1s afectado, el cual se ve abocado a asumir y prorrogar contratos muy precarizados, en lugar de acceder a una contrataci\u00f3n digna y estable.<\/p>\n\n\n\n<p>Todos estos factores, han multiplicado el agotamiento f\u00edsico, emocional y psicol\u00f3gico al que la plantilla de Osasunbidea est\u00e1 siendo sometida desde hace dos a\u00f1os, y han terminado por llenar una mochila de deficiencias que se ven\u00edan arrastrando desde hace muchos a\u00f1os. Definitivamente, la Administraci\u00f3n ha suspendido en su obligaci\u00f3n de cuidar a qui\u00e9nes cuidan.<\/p>\n\n\n\n<p>El estado actual de la plantilla es de desmotivaci\u00f3n, decepci\u00f3n y hartazgo, una situaci\u00f3n ante la cual lo \u00fanico que no se puede hacer es no hacer nada. La plantilla de Osasunbidea demanda respuestas decididas por parte de sus representantes sindicales. Tambi\u00e9n organizaciones ciudadanas y sociales aglutinadas en la Plataforma Navarra de Salud\/Nafarroako Osasun Plataforma, preocupadas por la situaci\u00f3n de la Sanidad P\u00fablica navarra, conscientes de que el adecuado servicio p\u00fablico de salud pasa por unas condiciones laborales dignas para su personal, han considerado oportuno aunar fuerzas en defensa de este objetivo com\u00fan que tenemos usuarios\/as y profesionales, la salvaguarda de la Sanidad P\u00fablica.<\/p>\n\n\n\n<p>Por este motivo, varios sindicatos, haci\u00e9ndonos eco de la demanda de las trabajadoras\/os de Osasunbidea y de los usuarios\/as representados en \u00e9sta Plataforma, hemos entendido que es el momento de aunar esfuerzos y de dejar a un lado diferencias que en otras circunstancias nos pueden llegar a separar.<\/p>\n\n\n\n<p>Es el momento de dar un pu\u00f1etazo encima de la mesa y exigir soluciones ya, por lo que nos sumamos a la manifestaci\u00f3n que impulsa la Plataforma Navarra de Salud\/Nafarroako Osasun Plataforma y a la que invitamos a asistir tanto a trabajadores\/as como a usuarios\/as de Sanidad P\u00fablica navarra, que tendr\u00e1 lugar el viernes 18 de febrero de 2022, con salida a las 19h desde Baluarte.<\/p>\n\n\n\n<p>El espectro de reivindicaciones sindicales es amplio pero son estos los ejes que entendemos se deben atender prioritariamente:<\/p>\n\n\n\n<ul class=\"wp-block-list\"><li>Dimensionamiento y estabilizaci\u00f3n de la plantilla, atajando las intolerables tasas de temporalidad y la saturaci\u00f3n en muchos servicios.<\/li><li>Dignificaci\u00f3n de la contrataci\u00f3n, tanto del personal temporal de Osasunbidea (acceso a la formaci\u00f3n, limitaci\u00f3n de la movilidad, contratos de mayor duraci\u00f3n), como de las contratas de limpieza o lavander\u00eda en las cuales se soportan altas cargas de trabajo, tendiendo a su progresiva publificaci\u00f3n.<\/li><li>Fin de las discriminaciones, tal y como ocurre en el acceso a la carrera profesional, la cual debe implementarse para todo el personal, tanto funcionario como contratado; o en el reconocimiento de complementos como el de riesgos.<\/li><li>Captaci\u00f3n de los fondos p\u00fablicos que actualmente se destinan a Mutua Navarra para la cobertura de las contingencias comunes, concertando \u00e9sta con el Sistema Sanitario P\u00fablico.<\/li><li>Optimizaci\u00f3n de los recursos p\u00fablicos evitando los altos pagos en productividades en las actividades extraordinarias que suponen un gasto innecesario que puede ser revertido en redistribuci\u00f3n salarial al conjunto de todos\/as l@s trabajador@s y otras medidas de mejora para actuar contra las listas de espera.<\/li><\/ul>\n\n\n\n<p>Por \u00faltimo, quisi\u00e9ramos incidir con mayor \u00e9nfasis en algo tan b\u00e1sico como lo es la exigencia de que el Departamento de Salud implemente las medidas comprometidas para la mejora de la Atenci\u00f3n Primaria. Demandamos que se pase de las palabras a los hechos de manera urgente y que se anuncien las fechas concretas en las que dichas medidas ver\u00e1n la luz.<\/p>\n\n\n\n<p>Insistimos, sin unas adecuadas condiciones laborales no se puede garantizar una adecuada atenci\u00f3n a la poblaci\u00f3n. Por ello, desde la unidad sindical y desde la confluencia de usuarios\/as y profesionales, llenemos las calles el pr\u00f3ximo 18 de febrero, en defensa de ese bien com\u00fan e indispensable que es nuestra Sanidad P\u00fablica.<\/p>\n\n\n\n<figure class=\"wp-block-image size-large\"><img loading=\"lazy\" decoding=\"async\" width=\"724\" height=\"1024\" src=\"https:\/\/www.lab.eus\/wp-content\/uploads\/2022\/02\/Osasunbidea-724x1024.jpg\" alt=\"\" class=\"wp-image-43480\" srcset=\"https:\/\/www.lab.eus\/wp-content\/uploads\/2022\/02\/Osasunbidea-724x1024.jpg 724w, https:\/\/www.lab.eus\/wp-content\/uploads\/2022\/02\/Osasunbidea-212x300.jpg 212w, https:\/\/www.lab.eus\/wp-content\/uploads\/2022\/02\/Osasunbidea-768x1086.jpg 768w, https:\/\/www.lab.eus\/wp-content\/uploads\/2022\/02\/Osasunbidea-1086x1536.jpg 1086w, https:\/\/www.lab.eus\/wp-content\/uploads\/2022\/02\/Osasunbidea-150x212.jpg 150w, https:\/\/www.lab.eus\/wp-content\/uploads\/2022\/02\/Osasunbidea-300x424.jpg 300w, https:\/\/www.lab.eus\/wp-content\/uploads\/2022\/02\/Osasunbidea-696x985.jpg 696w, https:\/\/www.lab.eus\/wp-content\/uploads\/2022\/02\/Osasunbidea-1068x1511.jpg 1068w, https:\/\/www.lab.eus\/wp-content\/uploads\/2022\/02\/Osasunbidea-297x420.jpg 297w, https:\/\/www.lab.eus\/wp-content\/uploads\/2022\/02\/Osasunbidea.jpg 1131w\" sizes=\"auto, (max-width: 724px) 100vw, 724px\" \/><\/figure>\n","protected":false},"excerpt":{"rendered":"<p>Sindicatos hemos realizado una rueda de prensa en Iru\u00f1ea para hacer p\u00fablica una lectura compartida de la situaci\u00f3n del sistema sanitario en Navarra y sumarnos a la manifestaci\u00f3n convocada por la Plataforma de Salud de Navarra para el 18 de febrero por la tarde en la capital navarra.<\/p>\n","protected":false},"author":1189,"featured_media":43478,"comment_status":"closed","ping_status":"closed","sticky":false,"template":"","format":"standard","meta":{"_monsterinsights_skip_tracking":false,"_monsterinsights_sitenote_active":false,"_monsterinsights_sitenote_note":"","_monsterinsights_sitenote_category":0,"footnotes":"","_links_to":"","_links_to_target":""},"categories":[3097,6,3283],"tags":[3178,3355,3100,3171],"class_list":{"0":"post-43482","1":"post","2":"type-post","3":"status-publish","4":"format-standard","5":"has-post-thumbnail","7":"category-sanidad","8":"category-es-servicios-publicos","9":"category-sin-categorizar","10":"tag-destacado-1","11":"tag-osasunbidea-es","12":"tag-sanidad-es","13":"tag-servicios-publicos-es"},"_links":{"self":[{"href":"https:\/\/www.lab.eus\/es\/wp-json\/wp\/v2\/posts\/43482","targetHints":{"allow":["GET"]}}],"collection":[{"href":"https:\/\/www.lab.eus\/es\/wp-json\/wp\/v2\/posts"}],"about":[{"href":"https:\/\/www.lab.eus\/es\/wp-json\/wp\/v2\/types\/post"}],"author":[{"embeddable":true,"href":"https:\/\/www.lab.eus\/es\/wp-json\/wp\/v2\/users\/1189"}],"replies":[{"embeddable":true,"href":"https:\/\/www.lab.eus\/es\/wp-json\/wp\/v2\/comments?post=43482"}],"version-history":[{"count":0,"href":"https:\/\/www.lab.eus\/es\/wp-json\/wp\/v2\/posts\/43482\/revisions"}],"wp:featuredmedia":[{"embeddable":true,"href":"https:\/\/www.lab.eus\/es\/wp-json\/wp\/v2\/media\/43478"}],"wp:attachment":[{"href":"https:\/\/www.lab.eus\/es\/wp-json\/wp\/v2\/media?parent=43482"}],"wp:term":[{"taxonomy":"category","embeddable":true,"href":"https:\/\/www.lab.eus\/es\/wp-json\/wp\/v2\/categories?post=43482"},{"taxonomy":"post_tag","embeddable":true,"href":"https:\/\/www.lab.eus\/es\/wp-json\/wp\/v2\/tags?post=43482"}],"curies":[{"name":"wp","href":"https:\/\/api.w.org\/{rel}","templated":true}]}}