{"id":43424,"date":"2022-02-16T12:16:04","date_gmt":"2022-02-16T12:16:04","guid":{"rendered":"https:\/\/www.lab.eus\/?p=43424"},"modified":"2022-02-16T12:16:06","modified_gmt":"2022-02-16T12:16:06","slug":"hemos-convocado-otra-jornada-de-huelga-en-las-residencias-de-mayores-de-navarra-para-el-23-de-febrero","status":"publish","type":"post","link":"https:\/\/www.lab.eus\/es\/hemos-convocado-otra-jornada-de-huelga-en-las-residencias-de-mayores-de-navarra-para-el-23-de-febrero\/","title":{"rendered":"Hemos convocado otra jornada de huelga en las residencias de mayores de Navarra para el 23 de febrero"},"content":{"rendered":"\n<p>En mayo del a\u00f1o pasado, los cuatro sindicatos mayoritarios del sector de la dependencia LAB, ELA, UGT y CCOO presentamos una propuesta conjunta a las patronales y Gobierno de Navarra para firmar el primer convenio sectorial de centros de tercera edad en Navarra.<\/p>\n\n\n\n<p>Este convenio debe servir para mejorar las condiciones de trabajo a las m\u00e1s de 4.500 trabajadoras navarras, repartidas en m\u00e1s de 70 centros. La mejora de condiciones laborales se materializa en contrataciones de calidad, medidas efectivas de seguridad y protecci\u00f3n, limitar e impedir fondos buitre en el sector, gesti\u00f3n p\u00fablica de los servicios, formaci\u00f3n y profesionalizaci\u00f3n del sistema y fortalecer las inspecciones.<\/p>\n\n\n\n<p>Las patronales siguen bloqueando cualquier avance en la negociaci\u00f3n, por lo que las movilizaciones van a seguir hasta conseguir unas condiciones laborales dignas y un cambio en el modelo de atenci\u00f3n a la dependencia. Hay que poner por delante los intereses de las personas atendidas y de los y las trabajadoras que les atienden por encima de los intereses econ\u00f3micos de las patronales.<\/p>\n\n\n\n<p>El 11 de enero nos concentramos frente al Parlamento de Navarra, el 13 de enero se hizo una jornada de huelga, y el 23 de febrero est\u00e1 convocada otra jornada de huelga en el sector con actos reivindicativos en Tudela y Pamplona.<\/p>\n\n\n\n<p>Se trata de un sector sustentado con dinero p\u00fablico, por lo que las administraciones p\u00fablicas tienen que asumir su responsabilidad de prestar unos servicios de calidad, protegiendo al sector de la dependencia de modelos empresariales incompatibles con un servicio tan esencial como es el de la atenci\u00f3n a las personas mayores y dependientes.<\/p>\n","protected":false},"excerpt":{"rendered":"<p>Ante el bloqueo de las patronales y la pasividad del Gobierno de Navarra, los sindicatos seguimos con las movilizaciones por unas condiciones de trabajo dignas y un servicio de calidad.<\/p>\n","protected":false},"author":1189,"featured_media":43422,"comment_status":"closed","ping_status":"closed","sticky":false,"template":"","format":"standard","meta":{"_monsterinsights_skip_tracking":false,"_monsterinsights_sitenote_active":false,"_monsterinsights_sitenote_note":"","_monsterinsights_sitenote_category":0,"footnotes":"","_links_to":"","_links_to_target":""},"categories":[18,3000,6],"tags":[3033,3178,3217,3171],"class_list":{"0":"post-43424","1":"post","2":"type-post","3":"status-publish","4":"format-standard","5":"has-post-thumbnail","7":"category-es-accion-sindical","8":"category-servicio-sociocomunitario","9":"category-es-servicios-publicos","10":"tag-accion-sindical-es","11":"tag-destacado-1","12":"tag-servicios-sociocomunitarios","13":"tag-servicios-publicos-es"},"_links":{"self":[{"href":"https:\/\/www.lab.eus\/es\/wp-json\/wp\/v2\/posts\/43424","targetHints":{"allow":["GET"]}}],"collection":[{"href":"https:\/\/www.lab.eus\/es\/wp-json\/wp\/v2\/posts"}],"about":[{"href":"https:\/\/www.lab.eus\/es\/wp-json\/wp\/v2\/types\/post"}],"author":[{"embeddable":true,"href":"https:\/\/www.lab.eus\/es\/wp-json\/wp\/v2\/users\/1189"}],"replies":[{"embeddable":true,"href":"https:\/\/www.lab.eus\/es\/wp-json\/wp\/v2\/comments?post=43424"}],"version-history":[{"count":0,"href":"https:\/\/www.lab.eus\/es\/wp-json\/wp\/v2\/posts\/43424\/revisions"}],"wp:featuredmedia":[{"embeddable":true,"href":"https:\/\/www.lab.eus\/es\/wp-json\/wp\/v2\/media\/43422"}],"wp:attachment":[{"href":"https:\/\/www.lab.eus\/es\/wp-json\/wp\/v2\/media?parent=43424"}],"wp:term":[{"taxonomy":"category","embeddable":true,"href":"https:\/\/www.lab.eus\/es\/wp-json\/wp\/v2\/categories?post=43424"},{"taxonomy":"post_tag","embeddable":true,"href":"https:\/\/www.lab.eus\/es\/wp-json\/wp\/v2\/tags?post=43424"}],"curies":[{"name":"wp","href":"https:\/\/api.w.org\/{rel}","templated":true}]}}