{"id":43338,"date":"2022-02-16T11:50:24","date_gmt":"2022-02-16T11:50:24","guid":{"rendered":"https:\/\/www.lab.eus\/?p=43338"},"modified":"2022-02-16T13:43:47","modified_gmt":"2022-02-16T13:43:47","slug":"hemos-vuelto-a-visibilizar-en-la-calle-el-conflicto-de-las-residencias-de-mayores-de-gipuzkoa","status":"publish","type":"post","link":"https:\/\/www.lab.eus\/es\/hemos-vuelto-a-visibilizar-en-la-calle-el-conflicto-de-las-residencias-de-mayores-de-gipuzkoa\/","title":{"rendered":"Hemos vuelto a visibilizar en la calle el conflicto de las residencias de mayores de Gipuzkoa"},"content":{"rendered":"\n<p><a href=\"https:\/\/www.lab.eus\/es\/hemos-convocado-huelga-en-las-residencias-de-mayores-de-gipuzkoa-para-el-16-de-febrero-y-24-de-marzo\/\">Hemos llevado a cabo una nueva jornada de huelga<\/a> en las residencias de mayores de Gipuzkoa para denunciar que la situaci\u00f3n que viven las trabajadoras es insostenible. Concretamente, nos hemos manifestado en Donostia, partiendo del Boulevard y realizando una sentada final ante la Diputaci\u00f3n, para reivindicar unas condiciones de trabajo dignas para prestar un servicio y un cuidado de calidad.<\/p>\n\n\n\n<div class=\"wp-block-file\"><a href=\"https:\/\/www.lab.eus\/wp-content\/uploads\/2022\/02\/16-LAB_Gipuzkoako-egoitzak_ES.pdf\">LAB sindikatuaren oharra, greba egunaren harira<\/a><a href=\"https:\/\/www.lab.eus\/wp-content\/uploads\/2022\/02\/16-LAB_Gipuzkoako-egoitzak_ES.pdf\" class=\"wp-block-file__button\" download>Deskargatu<\/a><\/div>\n\n\n\n<div class=\"wp-block-file\"><a href=\"https:\/\/www.lab.eus\/wp-content\/uploads\/2022\/02\/Atxikimenduak.pdf\">Adhesiones<\/a><a href=\"https:\/\/www.lab.eus\/wp-content\/uploads\/2022\/02\/Atxikimenduak.pdf\" class=\"wp-block-file__button\" download>Deskargatu<\/a><\/div>\n\n\n\n<p>Hace meses que hicimos una petici\u00f3n de reuni\u00f3n a Maite Pe\u00f1a, diputada de Pol\u00edtica Social, pero no hemos recibido respuesta, como si el conflicto que vivimos en el sector no fuera un problema de la Diputaci\u00f3n. En este sentido, en la jornada de huelga de hoy hemos vuelto a realizar otra petici\u00f3n de reuni\u00f3n y hemos remarcado que no se trata de un simple conflicto laboral entre trabajadoras y patronal, sino una cuesti\u00f3n social que afecta a la sociedad guipuzcoana. El derecho a disponer de servicios de cuidados de calidad y a prestar esos cuidados en condiciones dignas est\u00e1 siendo vulnerado y consideramos que la Diputaci\u00f3n no puede mirar para otro lado.<\/p>\n\n\n\n<figure class=\"wp-block-embed is-type-video is-provider-youtube wp-block-embed-youtube wp-embed-aspect-16-9 wp-has-aspect-ratio\"><div class=\"wp-block-embed__wrapper\">\n<div class=\"youtube-embed\" data-video_id=\"E31OF6-IC4A\"><iframe loading=\"lazy\" title=\"Gipuzkoako helduen egoitzetako gatazka kalera eraman dugu berriro\" width=\"696\" height=\"392\" src=\"https:\/\/www.youtube.com\/embed\/E31OF6-IC4A?feature=oembed&#038;enablejsapi=1\" frameborder=\"0\" allow=\"accelerometer; autoplay; clipboard-write; encrypted-media; gyroscope; picture-in-picture\" allowfullscreen><\/iframe><\/div>\n<\/div><\/figure>\n\n\n\n<p>As\u00ed las cosas, hemos registrado la nueva solicitud de reuni\u00f3n, con el apoyo de m\u00e1s de 50 agentes sociales, para desbloquear el conflicto.<\/p>\n\n\n\n<p>Desde LAB, insistimos en que esta situaci\u00f3n se debe a la privatizaci\u00f3n de los servicios p\u00fablicos, a la precariedad laboral y a la falta de reconocimiento social y econ\u00f3mico de los sectores feminizados. Por eso, queremos poner sobre la mesa la necesidad de un cambio de modelo estructural del cuidado y de los Servicios Sociales en el camino hacia un sistema p\u00fablico-comunitario de cuidados de calidad.<\/p>\n\n\n\n<p>Es momento de reactivar la negociaci\u00f3n colectiva y desbloquear este conflicto, de poner sobre la mesa el esfuerzo y sacrificio de las trabajadoras durante la Emergencia Sanitaria y exigir tanto a la Administraci\u00f3n P\u00fablica como a la patronal el reconocimiento social y econ\u00f3mico que merecen las trabajadoras. Es el momento de seguir sensibilizando a la sociedad y multiplicar la presi\u00f3n social a trav\u00e9s de la lucha sindical. As\u00ed las cosas, la siguiente cita ser\u00e1 el 24 de marzo. Ese d\u00eda realizaremos otra jornada de huelga y movilizaci\u00f3n.<\/p>\n\n\n\n<figure class=\"wp-block-image size-large\"><img loading=\"lazy\" decoding=\"async\" width=\"1024\" height=\"724\" src=\"https:\/\/www.lab.eus\/wp-content\/uploads\/2022\/02\/Egoitzak-1-1024x724.jpg\" alt=\"\" class=\"wp-image-43406\" srcset=\"https:\/\/www.lab.eus\/wp-content\/uploads\/2022\/02\/Egoitzak-1-1024x724.jpg 1024w, https:\/\/www.lab.eus\/wp-content\/uploads\/2022\/02\/Egoitzak-1-300x212.jpg 300w, https:\/\/www.lab.eus\/wp-content\/uploads\/2022\/02\/Egoitzak-1-768x543.jpg 768w, https:\/\/www.lab.eus\/wp-content\/uploads\/2022\/02\/Egoitzak-1-1536x1086.jpg 1536w, https:\/\/www.lab.eus\/wp-content\/uploads\/2022\/02\/Egoitzak-1-2048x1449.jpg 2048w, https:\/\/www.lab.eus\/wp-content\/uploads\/2022\/02\/Egoitzak-1-150x106.jpg 150w, https:\/\/www.lab.eus\/wp-content\/uploads\/2022\/02\/Egoitzak-1-696x492.jpg 696w, https:\/\/www.lab.eus\/wp-content\/uploads\/2022\/02\/Egoitzak-1-1068x755.jpg 1068w, https:\/\/www.lab.eus\/wp-content\/uploads\/2022\/02\/Egoitzak-1-1920x1358.jpg 1920w, https:\/\/www.lab.eus\/wp-content\/uploads\/2022\/02\/Egoitzak-1-594x420.jpg 594w, https:\/\/www.lab.eus\/wp-content\/uploads\/2022\/02\/Egoitzak-1-100x70.jpg 100w\" sizes=\"auto, (max-width: 1024px) 100vw, 1024px\" \/><\/figure>\n","protected":false},"excerpt":{"rendered":"<p>Hemos llevado a cabo una nueva jornada de huelga en las residencias de mayores de Gipuzkoa para denunciar que la situaci\u00f3n que viven las trabajadoras es insostenible. Concretamente, nos hemos manifestado en Donostia, partiendo del Boulevard y realizando una sentada final ante la Diputaci\u00f3n, para reivindicar unas condiciones de trabajo dignas para prestar un servicio y un cuidado de calidad. Hemos registrado una nueva solicitud de reuni\u00f3n en el Palacio Foral, con el apoyo de m\u00e1s de 50 agentes sociales, para desbloquear el conflicto.<\/p>\n","protected":false},"author":1189,"featured_media":43429,"comment_status":"closed","ping_status":"closed","sticky":false,"template":"","format":"video","meta":{"_monsterinsights_skip_tracking":false,"_monsterinsights_sitenote_active":false,"_monsterinsights_sitenote_note":"","_monsterinsights_sitenote_category":0,"footnotes":"","_links_to":"","_links_to_target":""},"categories":[18,3000,6,3283],"tags":[3033,3178,3217,3171],"class_list":{"0":"post-43338","1":"post","2":"type-post","3":"status-publish","4":"format-video","5":"has-post-thumbnail","7":"category-es-accion-sindical","8":"category-servicio-sociocomunitario","9":"category-es-servicios-publicos","10":"category-sin-categorizar","11":"tag-accion-sindical-es","12":"tag-destacado-1","13":"tag-servicios-sociocomunitarios","14":"tag-servicios-publicos-es","15":"post_format-post-format-video"},"_links":{"self":[{"href":"https:\/\/www.lab.eus\/es\/wp-json\/wp\/v2\/posts\/43338","targetHints":{"allow":["GET"]}}],"collection":[{"href":"https:\/\/www.lab.eus\/es\/wp-json\/wp\/v2\/posts"}],"about":[{"href":"https:\/\/www.lab.eus\/es\/wp-json\/wp\/v2\/types\/post"}],"author":[{"embeddable":true,"href":"https:\/\/www.lab.eus\/es\/wp-json\/wp\/v2\/users\/1189"}],"replies":[{"embeddable":true,"href":"https:\/\/www.lab.eus\/es\/wp-json\/wp\/v2\/comments?post=43338"}],"version-history":[{"count":0,"href":"https:\/\/www.lab.eus\/es\/wp-json\/wp\/v2\/posts\/43338\/revisions"}],"wp:featuredmedia":[{"embeddable":true,"href":"https:\/\/www.lab.eus\/es\/wp-json\/wp\/v2\/media\/43429"}],"wp:attachment":[{"href":"https:\/\/www.lab.eus\/es\/wp-json\/wp\/v2\/media?parent=43338"}],"wp:term":[{"taxonomy":"category","embeddable":true,"href":"https:\/\/www.lab.eus\/es\/wp-json\/wp\/v2\/categories?post=43338"},{"taxonomy":"post_tag","embeddable":true,"href":"https:\/\/www.lab.eus\/es\/wp-json\/wp\/v2\/tags?post=43338"}],"curies":[{"name":"wp","href":"https:\/\/api.w.org\/{rel}","templated":true}]}}