{"id":43331,"date":"2022-02-15T15:04:30","date_gmt":"2022-02-15T15:04:30","guid":{"rendered":"https:\/\/www.lab.eus\/?p=43331"},"modified":"2022-02-15T15:04:32","modified_gmt":"2022-02-15T15:04:32","slug":"exigimos-que-se-resuelva-la-denuncia-por-fraude-que-interpusimos-frente-a-las-diferentes-empresas-que-limpian-los-colegios-publicos-de-irunea-por-no-realizar-las-limpiezas-especiales","status":"publish","type":"post","link":"https:\/\/www.lab.eus\/es\/exigimos-que-se-resuelva-la-denuncia-por-fraude-que-interpusimos-frente-a-las-diferentes-empresas-que-limpian-los-colegios-publicos-de-irunea-por-no-realizar-las-limpiezas-especiales\/","title":{"rendered":"Exigimos que se resuelva la denuncia por fraude que interpusimos frente a las diferentes empresas que limpian los colegios p\u00fablicos de Iru\u00f1ea por no realizar las limpiezas especiales"},"content":{"rendered":"\n<p>Desde LAB queremos informar que interpusimos una denuncia ante las autoridades competentes, en el que d\u00e1bamos a conocer el fraude generalizado llevado a cabo por las empresas, al no realizar el trabajo exigido por la ley.<\/p>\n\n\n\n<p>Estas practicas empresariales suponen la destrucci\u00f3n de puestos de trabajo por los que el ayuntamiento ha puntuado a estas empresas, adem\u00e1s de una carga para aquellas trabajadoras que se ven obligadas a asumir determinadas tareas sin ser reconocida su categor\u00eda, ni recibir compensaci\u00f3n por ello.<\/p>\n\n\n\n<p>Adem\u00e1s de esto, remitimos una solicitud a los grupos municipales para participar en la Comisi\u00f3n de Ciudadan\u00eda, y todav\u00eda no hemos recibido respuesta alguna.<\/p>\n\n\n\n<p>Por ultimo, hacemos un llamamiento a todas las trabajadoras de estos centros a participar en la concentraci\u00f3n de denuncia de este fraude que llevaremos a cabo el martes d\u00eda 22, a las 10:30, en la plaza del Ayuntamiento.<\/p>\n","protected":false},"excerpt":{"rendered":"<p>Hacemos un llamamiento a todas las trabajadoras de estos centros a participar en la concentraci\u00f3n de denuncia que llevaremos a cabo el d\u00eda 22, a las 10:30, en la plaza del Ayuntamiento.<\/p>\n","protected":false},"author":1189,"featured_media":36428,"comment_status":"closed","ping_status":"closed","sticky":false,"template":"","format":"standard","meta":{"_monsterinsights_skip_tracking":false,"_monsterinsights_sitenote_active":false,"_monsterinsights_sitenote_note":"","_monsterinsights_sitenote_category":0,"footnotes":"","_links_to":"","_links_to_target":""},"categories":[18,2944,8],"tags":[3033,3178,3172],"class_list":{"0":"post-43331","1":"post","2":"type-post","3":"status-publish","4":"format-standard","5":"has-post-thumbnail","7":"category-es-accion-sindical","8":"category-limpieza","9":"category-es-servicios-privados","10":"tag-accion-sindical-es","11":"tag-destacado-1","12":"tag-servicios-privados-es"},"_links":{"self":[{"href":"https:\/\/www.lab.eus\/es\/wp-json\/wp\/v2\/posts\/43331","targetHints":{"allow":["GET"]}}],"collection":[{"href":"https:\/\/www.lab.eus\/es\/wp-json\/wp\/v2\/posts"}],"about":[{"href":"https:\/\/www.lab.eus\/es\/wp-json\/wp\/v2\/types\/post"}],"author":[{"embeddable":true,"href":"https:\/\/www.lab.eus\/es\/wp-json\/wp\/v2\/users\/1189"}],"replies":[{"embeddable":true,"href":"https:\/\/www.lab.eus\/es\/wp-json\/wp\/v2\/comments?post=43331"}],"version-history":[{"count":0,"href":"https:\/\/www.lab.eus\/es\/wp-json\/wp\/v2\/posts\/43331\/revisions"}],"wp:featuredmedia":[{"embeddable":true,"href":"https:\/\/www.lab.eus\/es\/wp-json\/wp\/v2\/media\/36428"}],"wp:attachment":[{"href":"https:\/\/www.lab.eus\/es\/wp-json\/wp\/v2\/media?parent=43331"}],"wp:term":[{"taxonomy":"category","embeddable":true,"href":"https:\/\/www.lab.eus\/es\/wp-json\/wp\/v2\/categories?post=43331"},{"taxonomy":"post_tag","embeddable":true,"href":"https:\/\/www.lab.eus\/es\/wp-json\/wp\/v2\/tags?post=43331"}],"curies":[{"name":"wp","href":"https:\/\/api.w.org\/{rel}","templated":true}]}}