{"id":43319,"date":"2022-02-15T14:31:00","date_gmt":"2022-02-15T14:31:00","guid":{"rendered":"https:\/\/www.lab.eus\/?p=43319"},"modified":"2022-02-15T14:36:55","modified_gmt":"2022-02-15T14:36:55","slug":"las-trabajadoras-de-limpieza-subcontratadas-de-los-edificios-de-la-diputacion-foral-de-gipuzkoa-convocan-la-huelga-para-el-22-23-24-y-25-de-febrero","status":"publish","type":"post","link":"https:\/\/www.lab.eus\/es\/las-trabajadoras-de-limpieza-subcontratadas-de-los-edificios-de-la-diputacion-foral-de-gipuzkoa-convocan-la-huelga-para-el-22-23-24-y-25-de-febrero\/","title":{"rendered":"Las trabajadoras de limpieza subcontratadas de los edificios de la Diputaci\u00f3n Foral de Gipuzkoa convocan la huelga para el 22, 23, 24 y 25 de febrero"},"content":{"rendered":"\n<p>A llamamiento de los sindicatos LAB, ELA y ESK, trabajadoras de limpieza subcontratadas de los edificios dependientes de la Diputaci\u00f3n Foral de Gipuzkoa han comparecido para anunciar cuatro d\u00edas de huelga, dando continuidad as\u00ed <a href=\"https:\/\/www.lab.eus\/es\/la-limpieza-ha-sido-un-servicio-esencial-y-la-patronal-nos-plantea-congelacion-salarial-es-inaceptable\/\">a la movilizaci\u00f3n realizada el viernes<\/a> ante el Palacio Foral. Este colectivo, que cuenta con unas 120 trabajadoras, est\u00e1\u00a0compuesto casi en su totalidad por mujeres y la parcialidad existente en el sector ronda el 80%.<\/p>\n\n\n\n<p>Seg\u00fan han explicado, \u00abdesde mayo de 2021 estamos negociando el convenio colectivo para el sector con la empresa EULEN, concesionaria actual del servicio. Tras varias reuniones, la situaci\u00f3n de la negociaci\u00f3n ha llegado a un bloqueo absoluto. La empresa EULEN ha dejado claro en mesa negociadora que no tiene ning\u00fana voluntad de asegurar el poder adquisitivo a las trabajadoras. EULEN realiza planteamientos sin ninguna vinculaci\u00f3n al IPC y desde los sindicatos nos parece inadmisible\u00bb.<\/p>\n\n\n\n<p>La no vinculaci\u00f3n al IPC de los planteamientos econ\u00f3micos acarrea un directo empobrecimiento de las trabajadoras, \u00aby no lo vamos a aceptar.&nbsp;&nbsp;En este punto, queremos denunciar la actitud de la patronal en la negociaci\u00f3n colectiva, que hace vinculaciones al IPC en los sectores masculinizados mientras que no quiere ni oir hablar de ello en los sectores feminizados. Nosotras no creemos en las casualidades y pelearemos para conseguir la vinculaci\u00f3n del IPC\u00bb.<\/p>\n\n\n\n<p>Pero no solo eso, la empresa EULEN, adem\u00e1s de no hacer vinculaci\u00f3n al IPC, ha realizado un planteamiento de congelaci\u00f3n salarial para el a\u00f1o 2021, a\u00f1o de pandemia, a\u00f1o de servicios esenciales: \u00abPero, para qu\u00e9 son esenciales las limpiadoras? Para establecer los servicios m\u00ednimos? Para la propaganda pol\u00edtica y empresarial? Es inaceptable que las empresas planteen congelaciones salariales cuando el servicio no es que se haya detenido, sino que se ha reforzado y aumentado. Una vez m\u00e1s, est\u00e1n jugando con las trabajadoras para aumentar sus beneficios empresariales\u00bb.<\/p>\n\n\n\n<p>Desde los sindicatos LAB, ELA y ESK tenemos claro que la Diputaci\u00f3n Foral es el \u00faltimo responsable de este servicio: \u00abNosotras somos trabajadoras subcontratadas por decisi\u00f3n pol\u00edtica y econ\u00f3mica de la propia Diputaci\u00f3n, que responde solamente a una estrategia economicista. Por ello, exigimos responsabilidades. Hemos tenido que solicitar tres reuniones y solo se nos ha atendido con un preaviso de huelga encima de la mesa\u00bb.<\/p>\n\n\n\n<p>Est\u00e1n en marcha los pliegos del servicio y ayer tuvieron una reuni\u00f3n con la Diputaci\u00f3n: \u00abEn la reuni\u00f3n hemos exigido que no adjudiquen los pliegos por criterios econ\u00f3micos. Est\u00e1 en manos de la Diputaci\u00f3n no adjudicar el servicio al pateamiento econ\u00f3mico m\u00e1s bajo, pero, \u00bfqu\u00e9 es lo que van a hacer? \u00bfVelar por los intereses empresariales o por los intereses de las trabajadoras? Si la misma Diputaci\u00f3n hace una estimaci\u00f3n de la cuant\u00eda presupuestar\u00eda para este servicio, \u00bfc\u00f3mo piensan que se puede garantizar el mismo servicio por con un 15% menos del presupuesto? \u00bfEsa baja de las ofertas econ\u00f3micas a qui\u00e9n influye? \u00bfLo van a permitir? No lo vamos ha aceptar. La administraci\u00f3n p\u00fablica nos ha dejado claro que no va a participar en la mesa negociadora ni va a intervenir en el conflicto, pero nos ha dicho que ha realizado alegaciones de los servicios m\u00ednimos. Entonces, \u00bfla administraci\u00f3n s\u00ed va a intervenir para que nos decreten SSMM pero no para que mejoren nuestras condiciones laborales? \u00bfSolo somos esenciales para los SSMM? Nos parece muy grave la postura de la administraci\u00f3n\u00bb.<\/p>\n\n\n\n<p>Por todo ello, saldr\u00e1n a la huelga los d\u00edas 22, 23, 24 y 25 de febrero, \u00abporque no aceptaremos que ni las empresas privadas ni las administraciones nos quieran m\u00e1s pobres y sumisas. Porque hemos dicho basta y tenemos claro que pelearemos para asegurar no perder el poder adquisitivo. Porque es el momento, los d\u00edas 22, 23, 24 y 25 saldremos a la calle, porque sin IPC no nos pondremos ni los guantes\u00bb.<\/p>\n","protected":false},"excerpt":{"rendered":"<p>Este colectivo, que cuenta con unas 120 trabajadoras, est\u00e1 compuesto casi en su totalidad por mujeres y la parcialidad existente en el sector ronda el 80%. Est\u00e1n luchando por no perder poder adquisitivo.<\/p>\n","protected":false},"author":1189,"featured_media":43315,"comment_status":"closed","ping_status":"closed","sticky":false,"template":"","format":"standard","meta":{"_monsterinsights_skip_tracking":false,"_monsterinsights_sitenote_active":false,"_monsterinsights_sitenote_note":"","_monsterinsights_sitenote_category":0,"footnotes":"","_links_to":"","_links_to_target":""},"categories":[18,2944,8],"tags":[3033,3178,3172],"class_list":{"0":"post-43319","1":"post","2":"type-post","3":"status-publish","4":"format-standard","5":"has-post-thumbnail","7":"category-es-accion-sindical","8":"category-limpieza","9":"category-es-servicios-privados","10":"tag-accion-sindical-es","11":"tag-destacado-1","12":"tag-servicios-privados-es"},"_links":{"self":[{"href":"https:\/\/www.lab.eus\/es\/wp-json\/wp\/v2\/posts\/43319","targetHints":{"allow":["GET"]}}],"collection":[{"href":"https:\/\/www.lab.eus\/es\/wp-json\/wp\/v2\/posts"}],"about":[{"href":"https:\/\/www.lab.eus\/es\/wp-json\/wp\/v2\/types\/post"}],"author":[{"embeddable":true,"href":"https:\/\/www.lab.eus\/es\/wp-json\/wp\/v2\/users\/1189"}],"replies":[{"embeddable":true,"href":"https:\/\/www.lab.eus\/es\/wp-json\/wp\/v2\/comments?post=43319"}],"version-history":[{"count":0,"href":"https:\/\/www.lab.eus\/es\/wp-json\/wp\/v2\/posts\/43319\/revisions"}],"wp:featuredmedia":[{"embeddable":true,"href":"https:\/\/www.lab.eus\/es\/wp-json\/wp\/v2\/media\/43315"}],"wp:attachment":[{"href":"https:\/\/www.lab.eus\/es\/wp-json\/wp\/v2\/media?parent=43319"}],"wp:term":[{"taxonomy":"category","embeddable":true,"href":"https:\/\/www.lab.eus\/es\/wp-json\/wp\/v2\/categories?post=43319"},{"taxonomy":"post_tag","embeddable":true,"href":"https:\/\/www.lab.eus\/es\/wp-json\/wp\/v2\/tags?post=43319"}],"curies":[{"name":"wp","href":"https:\/\/api.w.org\/{rel}","templated":true}]}}