{"id":43269,"date":"2022-02-14T13:28:04","date_gmt":"2022-02-14T13:28:04","guid":{"rendered":"https:\/\/www.lab.eus\/?p=43269"},"modified":"2022-02-14T13:28:05","modified_gmt":"2022-02-14T13:28:05","slug":"son-necesarias-huelgas-en-el-metal-de-araba-para-dignificar-las-condiciones-laborales","status":"publish","type":"post","link":"https:\/\/www.lab.eus\/es\/son-necesarias-huelgas-en-el-metal-de-araba-para-dignificar-las-condiciones-laborales\/","title":{"rendered":"Son necesarias huelgas en el metal de Araba para dignificar las condiciones laborales"},"content":{"rendered":"\n<p>Hoy, 14 de febrero, se ha vuelto a reunir la Mesa Negociadora del Metal de Araba. En la reuni\u00f3n, SEA ha presentado su plataforma renovada, que no responde de ninguna manera a las reivindicaciones del sector. Por ello, LAB considera de es necesario convocar huelgas en el sector con el objetivo de conseguir unas condiciones laborales dignas.<\/p>\n\n\n\n<p>Tras presentar LAB, ELA y CCOO una plataforma com\u00fan y despu\u00e9s de que la patronal pidiera en la reuni\u00f3n del 14 de enero un mes para responder a la misma, hoy se ha vuelto a reunir la Mesa Negociadora del Metal de Araba.<\/p>\n\n\n\n<p>En ella, SEA ha presentado su propia plataforma, que LAB considera absolutamente lejana a las reivindicaciones del sector. En ese sentido, SEA descarta la rebaja de la jornada, la mayor, por mucho, del sector en Hego Euskal Herria; no recoge la subrogaci\u00f3n del personal de las subcontratas, ni la limitaci\u00f3n de las ETTs, de la contrataci\u00f3n eventual y la flexibilidad; no incluye medidas contra el fraude en la contrataci\u00f3n, ni contra la siniestralidad laboral; tampoco apuesta por el contrato relevo; ni asume del todo una igualdad real y efectiva, ni dignificar las pr\u00e1cticas y la FP Dual,&#8230;<\/p>\n\n\n\n<p>Respecto a las subidas salariales, adem\u00e1s de ser absolutamente insuficientes, creemos que es totalmente inaceptable que la patronal recurra a la f\u00f3rmula tramposa aplicada a las pensiones, la inflaci\u00f3n media anual, para evitar el IPC real y que las subidas, igual que en el caso de las pensiones, sean m\u00e1s bajas.<\/p>\n\n\n\n<p>Por todo ello, LAB considera que son necesarias huelgas en el Metal de Araba para conseguir unas condiciones laborales dignas. Es momento de activar a los trabajadores y trabajadoras del sector, primero con la manifestaci\u00f3n conjunta que se celebrar\u00e1 este s\u00e1bado d\u00eda 19 en Gasteiz y posteriormente con huelgas que sirvan para presionar a la patronal y dignificar las condiciones del sector.<\/p>\n","protected":false},"excerpt":{"rendered":"<p>Hoy, 14 de febrero, se ha vuelto a reunir la Mesa Negociadora del Metal de Araba. En la reuni\u00f3n, SEA ha presentado su plataforma renovada, que no responde de ninguna manera a las reivindicaciones del sector. Por ello, LAB considera de es necesario convocar huelgas en el sector con el objetivo de conseguir unas condiciones laborales dignas.<\/p>\n","protected":false},"author":1191,"featured_media":43267,"comment_status":"closed","ping_status":"closed","sticky":false,"template":"","format":"standard","meta":{"_monsterinsights_skip_tracking":false,"_monsterinsights_sitenote_active":false,"_monsterinsights_sitenote_note":"","_monsterinsights_sitenote_category":0,"footnotes":"","_links_to":"","_links_to_target":""},"categories":[18,2867,2868,108],"tags":[3033,3178,2996,3064],"class_list":{"0":"post-43269","1":"post","2":"type-post","3":"status-publish","4":"format-standard","5":"has-post-thumbnail","7":"category-es-accion-sindical","8":"category-federaciones","9":"category-industria-es","10":"category-es-metal","11":"tag-accion-sindical-es","12":"tag-destacado-1","13":"tag-industria-es","14":"tag-metal-es"},"_links":{"self":[{"href":"https:\/\/www.lab.eus\/es\/wp-json\/wp\/v2\/posts\/43269","targetHints":{"allow":["GET"]}}],"collection":[{"href":"https:\/\/www.lab.eus\/es\/wp-json\/wp\/v2\/posts"}],"about":[{"href":"https:\/\/www.lab.eus\/es\/wp-json\/wp\/v2\/types\/post"}],"author":[{"embeddable":true,"href":"https:\/\/www.lab.eus\/es\/wp-json\/wp\/v2\/users\/1191"}],"replies":[{"embeddable":true,"href":"https:\/\/www.lab.eus\/es\/wp-json\/wp\/v2\/comments?post=43269"}],"version-history":[{"count":0,"href":"https:\/\/www.lab.eus\/es\/wp-json\/wp\/v2\/posts\/43269\/revisions"}],"wp:featuredmedia":[{"embeddable":true,"href":"https:\/\/www.lab.eus\/es\/wp-json\/wp\/v2\/media\/43267"}],"wp:attachment":[{"href":"https:\/\/www.lab.eus\/es\/wp-json\/wp\/v2\/media?parent=43269"}],"wp:term":[{"taxonomy":"category","embeddable":true,"href":"https:\/\/www.lab.eus\/es\/wp-json\/wp\/v2\/categories?post=43269"},{"taxonomy":"post_tag","embeddable":true,"href":"https:\/\/www.lab.eus\/es\/wp-json\/wp\/v2\/tags?post=43269"}],"curies":[{"name":"wp","href":"https:\/\/api.w.org\/{rel}","templated":true}]}}