{"id":43249,"date":"2022-02-11T12:57:40","date_gmt":"2022-02-11T12:57:40","guid":{"rendered":"https:\/\/www.lab.eus\/?p=43249"},"modified":"2022-02-11T12:57:41","modified_gmt":"2022-02-11T12:57:41","slug":"hemos-denunciado-en-barakaldo-la-ultima-muerte-en-el-trabajo","status":"publish","type":"post","link":"https:\/\/www.lab.eus\/es\/hemos-denunciado-en-barakaldo-la-ultima-muerte-en-el-trabajo\/","title":{"rendered":"Hemos denunciado en Barakaldo la \u00faltima muerte en el trabajo"},"content":{"rendered":"\n<p>A convocatoria de la mayor\u00eda sindical vasca, hemos denunciado en Barakaldo <a href=\"https:\/\/www.lab.eus\/es\/la-precariedad-obliga-a-utilizar-peligrosas-maquinas-averiadas-aunque-se-conozca-el-peligro-que-supone\/\">la \u00faltima muerte laboral<\/a>. En concreto, un operario del sector de la construcci\u00f3n, de 62 a\u00f1os, falleci\u00f3 el martes tras caerse un objeto desde altura cuando trabajaba en la obra y golpearle.<\/p>\n\n\n\n<p>En la movilizaci\u00f3n, hemos destacado que ni el sector ni las y los trabajadores pueden dar por normal esta situaci\u00f3n ni acostumbrarse a ella.<\/p>\n","protected":false},"excerpt":{"rendered":"<p>Hemos destacado que ni el sector ni las y los trabajadores pueden permitir que se normalicen las muertes laborales ni acostumbrarse a ellas.<\/p>\n","protected":false},"author":1189,"featured_media":43247,"comment_status":"closed","ping_status":"closed","sticky":false,"template":"","format":"standard","meta":{"_monsterinsights_skip_tracking":false,"_monsterinsights_sitenote_active":false,"_monsterinsights_sitenote_note":"","_monsterinsights_sitenote_category":0,"footnotes":"","_links_to":"","_links_to_target":""},"categories":[18,96,2868,130,15],"tags":[3033,3200,3178,2996,3263,3083],"class_list":{"0":"post-43249","1":"post","2":"type-post","3":"status-publish","4":"format-standard","5":"has-post-thumbnail","7":"category-es-accion-sindical","8":"category-es-construccion","9":"category-industria-es","10":"category-es-la-precariedad-mata-es-salud-laboral","11":"category-es-salud-laboral","12":"tag-accion-sindical-es","13":"tag-construccion-es","14":"tag-destacado-1","15":"tag-industria-es","16":"tag-la-precariedad-mata-es-2","17":"tag-salud-laboral-es"},"_links":{"self":[{"href":"https:\/\/www.lab.eus\/es\/wp-json\/wp\/v2\/posts\/43249","targetHints":{"allow":["GET"]}}],"collection":[{"href":"https:\/\/www.lab.eus\/es\/wp-json\/wp\/v2\/posts"}],"about":[{"href":"https:\/\/www.lab.eus\/es\/wp-json\/wp\/v2\/types\/post"}],"author":[{"embeddable":true,"href":"https:\/\/www.lab.eus\/es\/wp-json\/wp\/v2\/users\/1189"}],"replies":[{"embeddable":true,"href":"https:\/\/www.lab.eus\/es\/wp-json\/wp\/v2\/comments?post=43249"}],"version-history":[{"count":0,"href":"https:\/\/www.lab.eus\/es\/wp-json\/wp\/v2\/posts\/43249\/revisions"}],"wp:featuredmedia":[{"embeddable":true,"href":"https:\/\/www.lab.eus\/es\/wp-json\/wp\/v2\/media\/43247"}],"wp:attachment":[{"href":"https:\/\/www.lab.eus\/es\/wp-json\/wp\/v2\/media?parent=43249"}],"wp:term":[{"taxonomy":"category","embeddable":true,"href":"https:\/\/www.lab.eus\/es\/wp-json\/wp\/v2\/categories?post=43249"},{"taxonomy":"post_tag","embeddable":true,"href":"https:\/\/www.lab.eus\/es\/wp-json\/wp\/v2\/tags?post=43249"}],"curies":[{"name":"wp","href":"https:\/\/api.w.org\/{rel}","templated":true}]}}