{"id":43241,"date":"2022-02-11T12:25:19","date_gmt":"2022-02-11T12:25:19","guid":{"rendered":"https:\/\/www.lab.eus\/?p=43241"},"modified":"2022-02-11T12:25:21","modified_gmt":"2022-02-11T12:25:21","slug":"la-limpieza-ha-sido-un-servicio-esencial-y-la-patronal-nos-plantea-congelacion-salarial-es-inaceptable","status":"publish","type":"post","link":"https:\/\/www.lab.eus\/es\/la-limpieza-ha-sido-un-servicio-esencial-y-la-patronal-nos-plantea-congelacion-salarial-es-inaceptable\/","title":{"rendered":"\u00abLa limpieza ha sido un servicio esencial y la patronal nos plantea congelaci\u00f3n salarial. Es inaceptable\u00bb"},"content":{"rendered":"\n<p>Las trabajadoras de limpieza subcontratadas de la Diputaci\u00f3n de Gipuzkoa se han concentrado ante el Palacio Foral. Han reivindicado un convenio sin p\u00e9rdidas adquisitivas y han remarcado que no parar\u00e1n hasta conseguirlo.<\/p>\n\n\n\n<p>El convenio colectivo se est\u00e1 negociando desde mayo de 2021. Tras varias reuniones, la empresa EULEN (concensionaria del servicio) ha dejado claro su postura: no har\u00e1 ning\u00fan planteamiento econ\u00f3mico con vinculaci\u00f3n al IPC. Para LAB, ELA y ESK la vinculaci\u00f3n al IPC de las propuestas salariales que se realicen es imprescindible. Es imprescindible para que las trabajadoras no pierdan su poder adquisitivo. Pero, no solo eso, esta empresa pretende congelar el salario de las trabajadoras para el a\u00f1o 2021. A\u00f1o de pandemia, donde la limpieza ha sido un servicio esencial, y la patronal nos plantea congelaci\u00f3n salarial. Es inaceptable.<\/p>\n\n\n\n<p>Los sindicatos somos conscientes de que la Diputaci\u00f3n Foral de Gipuzkoa tambi\u00e9n tiene responsabilidades en este servicio, ya que se acaban de publicar los pliegos y es la administraci\u00f3n p\u00fablica quien tiene que decidir si quiere velar por los intereses de las trabajadoras o por los intereses patronales. Tras varias solicitudes de reuni\u00f3n, la Diputaci\u00f3n Foral esta misma semana nos ha contestado, cit\u00e1ndonos a una reuni\u00f3n para el lunes. En esa reuni\u00f3n exigiremos a la Diputaci\u00f3n que no adjudique los pliegos al precio m\u00e1s bajo, ya que, eso s\u00ed, es su responsabilidad directa.<\/p>\n","protected":false},"excerpt":{"rendered":"<p>Las trabajadoras de limpieza subcontratadas de la Diputaci\u00f3n de Gipuzkoa se han concentrado ante el Palacio Foral. Han reivindicado un convenio sin p\u00e9rdidas adquisitivas y han remarcado que no parar\u00e1n hasta conseguirlo.<\/p>\n","protected":false},"author":1189,"featured_media":43238,"comment_status":"closed","ping_status":"closed","sticky":false,"template":"","format":"standard","meta":{"_monsterinsights_skip_tracking":false,"_monsterinsights_sitenote_active":false,"_monsterinsights_sitenote_note":"","_monsterinsights_sitenote_category":0,"footnotes":"","_links_to":"","_links_to_target":""},"categories":[18,2944,8,3283],"tags":[3033,3178,3172],"class_list":{"0":"post-43241","1":"post","2":"type-post","3":"status-publish","4":"format-standard","5":"has-post-thumbnail","7":"category-es-accion-sindical","8":"category-limpieza","9":"category-es-servicios-privados","10":"category-sin-categorizar","11":"tag-accion-sindical-es","12":"tag-destacado-1","13":"tag-servicios-privados-es"},"_links":{"self":[{"href":"https:\/\/www.lab.eus\/es\/wp-json\/wp\/v2\/posts\/43241","targetHints":{"allow":["GET"]}}],"collection":[{"href":"https:\/\/www.lab.eus\/es\/wp-json\/wp\/v2\/posts"}],"about":[{"href":"https:\/\/www.lab.eus\/es\/wp-json\/wp\/v2\/types\/post"}],"author":[{"embeddable":true,"href":"https:\/\/www.lab.eus\/es\/wp-json\/wp\/v2\/users\/1189"}],"replies":[{"embeddable":true,"href":"https:\/\/www.lab.eus\/es\/wp-json\/wp\/v2\/comments?post=43241"}],"version-history":[{"count":0,"href":"https:\/\/www.lab.eus\/es\/wp-json\/wp\/v2\/posts\/43241\/revisions"}],"wp:featuredmedia":[{"embeddable":true,"href":"https:\/\/www.lab.eus\/es\/wp-json\/wp\/v2\/media\/43238"}],"wp:attachment":[{"href":"https:\/\/www.lab.eus\/es\/wp-json\/wp\/v2\/media?parent=43241"}],"wp:term":[{"taxonomy":"category","embeddable":true,"href":"https:\/\/www.lab.eus\/es\/wp-json\/wp\/v2\/categories?post=43241"},{"taxonomy":"post_tag","embeddable":true,"href":"https:\/\/www.lab.eus\/es\/wp-json\/wp\/v2\/tags?post=43241"}],"curies":[{"name":"wp","href":"https:\/\/api.w.org\/{rel}","templated":true}]}}