{"id":43093,"date":"2022-02-09T11:34:35","date_gmt":"2022-02-09T11:34:35","guid":{"rendered":"https:\/\/www.lab.eus\/?p=43093"},"modified":"2022-02-09T11:34:37","modified_gmt":"2022-02-09T11:34:37","slug":"la-precariedad-obliga-a-utilizar-peligrosas-maquinas-averiadas-aunque-se-conozca-el-peligro-que-supone","status":"publish","type":"post","link":"https:\/\/www.lab.eus\/es\/la-precariedad-obliga-a-utilizar-peligrosas-maquinas-averiadas-aunque-se-conozca-el-peligro-que-supone\/","title":{"rendered":"La precariedad obliga a utilizar peligrosas m\u00e1quinas averiadas aunque se conozca el peligro que supone"},"content":{"rendered":"\n<p>Tenemos que lamentar y denunciar otro accidente laboral mortal, en este caso en Barakaldo. Se trata de la segunda v\u00edctima mortal del a\u00f1o en este municipio. Aunque todav\u00eda tenemos pocos datos, hemos sabido que el obrero de la construcci\u00f3n, de 62 a\u00f1os, estaba trabajando ayer cuando cayo un objeto desde una altura y lo mat\u00f3 al golpearlo. Al parecer, el dispositivo de elevaci\u00f3n de cargas no funcionaba correctamente. El trabajador de la empresa JPSP estaba subcontratado por Construcciones y reformas Andrasa. De nuevo, otro accidente mortal en el sector de la construcci\u00f3n y la rehabilitaci\u00f3n. Desde el sindicato LAB queremos mostrar nuestra solidaridad con la familia, personas allegadas y compa\u00f1eras y compa\u00f1eros del trabajador fallecido.<\/p>\n\n\n\n<p>Ante esta situaci\u00f3n, \u00bfalguien puede creer que estamos ante la casualidad o la mala suerte? Exigimos a las administraciones explicaciones y medidas inmediatas, mayor control y pol\u00edticas concretas para combatir la lacra de los accidentes de trabajo y las enfermedades profesionales.<\/p>\n\n\n\n<p>Con este nuevo nuerte en el trabajo, al menos 7 trabajadoras y trabajadores han perdido la vida en Euskal Herria en lo que va de a\u00f1o, cuando no ha transcurrido mes y medio desde 2022. 3 de estas muertes en el trabajo corresponden al sector de la construcci\u00f3n.<\/p>\n\n\n\n<p>Seg\u00fan los medios de comunicaci\u00f3n, se trata de un trabajador que trabajaba subcontratado. Aunque el dispositivo de elevaci\u00f3n de cargas ten\u00eda problemas y lo sab\u00eda, \u00bfpor qu\u00e9 no ha paralizado la actividad el \u201crecurso preventivo\u201d de la obra? Ahora que la precariedad campa a sus anchas, muchas y muchos trabajadores se ven obligados a seguir trabajando en situaciones de riesgo. El trabajo por delante de la vida. Queremos denunciar que las y los trabajadores subcontratados tienen a\u00fan m\u00e1s dificultades para hacer cumplir sus derechos y esto ocurre tambi\u00e9n en el \u00e1mbito de la salud laboral, por lo que est\u00e1n m\u00e1s expuestos a sufrir accidentes y enfermedades profesionales. Esto es inaceptable.<\/p>\n\n\n\n<p>Pedimos explicaciones a las instituciones para que aumenten las inspecciones y seguimientos en la construcci\u00f3n, haciendo integrar las normas de seguridad, para que de esta manera se adopten las medidas necesarias y se realicen pol\u00edticas preventivas reales. Lamentablemente, en la pr\u00e1ctica, ni la Inspecci\u00f3n de Trabajo ni Osalan aparecen por ninguna parte. Por otro lado, ni el sector ni las y los trabajadores pueden dar por normal esta situaci\u00f3n ni acostumbrarse a ella.<\/p>\n\n\n\n<p>Por \u00faltimo, hacemos un llamamiento a participar en la concentraci\u00f3n que los agentes sociales han convocado para el jueves por la tarde, a las 19:00 en la Plaza Bide Onero, para pedir que se sit\u00fae como prioridad la defensa de la seguridad y salud de las y los trabajadores. Adem\u00e1s, la mayor\u00eda sindical vasca se concentrar\u00e1 este viernes 11 de febrero en la Plaza Bide Onera Barakaldo ante esta nueva muerte en el trabajo. La movilizaci\u00f3n ser\u00e1 a las 11:30.<\/p>\n","protected":false},"excerpt":{"rendered":"<p>Un obrero de la construcci\u00f3n, de 62 a\u00f1os, ha muerto tras caerle un objeto desde una altura. <\/p>\n","protected":false},"author":1189,"featured_media":40636,"comment_status":"closed","ping_status":"closed","sticky":false,"template":"","format":"standard","meta":{"_monsterinsights_skip_tracking":false,"_monsterinsights_sitenote_active":false,"_monsterinsights_sitenote_note":"","_monsterinsights_sitenote_category":0,"footnotes":"","_links_to":"","_links_to_target":""},"categories":[18,130,15],"tags":[3033,3178,3263,3083],"class_list":{"0":"post-43093","1":"post","2":"type-post","3":"status-publish","4":"format-standard","5":"has-post-thumbnail","7":"category-es-accion-sindical","8":"category-es-la-precariedad-mata-es-salud-laboral","9":"category-es-salud-laboral","10":"tag-accion-sindical-es","11":"tag-destacado-1","12":"tag-la-precariedad-mata-es-2","13":"tag-salud-laboral-es"},"_links":{"self":[{"href":"https:\/\/www.lab.eus\/es\/wp-json\/wp\/v2\/posts\/43093","targetHints":{"allow":["GET"]}}],"collection":[{"href":"https:\/\/www.lab.eus\/es\/wp-json\/wp\/v2\/posts"}],"about":[{"href":"https:\/\/www.lab.eus\/es\/wp-json\/wp\/v2\/types\/post"}],"author":[{"embeddable":true,"href":"https:\/\/www.lab.eus\/es\/wp-json\/wp\/v2\/users\/1189"}],"replies":[{"embeddable":true,"href":"https:\/\/www.lab.eus\/es\/wp-json\/wp\/v2\/comments?post=43093"}],"version-history":[{"count":0,"href":"https:\/\/www.lab.eus\/es\/wp-json\/wp\/v2\/posts\/43093\/revisions"}],"wp:featuredmedia":[{"embeddable":true,"href":"https:\/\/www.lab.eus\/es\/wp-json\/wp\/v2\/media\/40636"}],"wp:attachment":[{"href":"https:\/\/www.lab.eus\/es\/wp-json\/wp\/v2\/media?parent=43093"}],"wp:term":[{"taxonomy":"category","embeddable":true,"href":"https:\/\/www.lab.eus\/es\/wp-json\/wp\/v2\/categories?post=43093"},{"taxonomy":"post_tag","embeddable":true,"href":"https:\/\/www.lab.eus\/es\/wp-json\/wp\/v2\/tags?post=43093"}],"curies":[{"name":"wp","href":"https:\/\/api.w.org\/{rel}","templated":true}]}}