{"id":43006,"date":"2022-02-08T10:25:08","date_gmt":"2022-02-08T10:25:08","guid":{"rendered":"https:\/\/www.lab.eus\/?p=43006"},"modified":"2022-02-08T13:41:49","modified_gmt":"2022-02-08T13:41:49","slug":"hemos-realizado-un-corte-de-trafico-en-bilbo-para-reclamar-el-desbloqueo-de-la-negociacion-del-convenio-de-residencias-de-mayores-de-bizkaia","status":"publish","type":"post","link":"https:\/\/www.lab.eus\/es\/hemos-realizado-un-corte-de-trafico-en-bilbo-para-reclamar-el-desbloqueo-de-la-negociacion-del-convenio-de-residencias-de-mayores-de-bizkaia\/","title":{"rendered":"Hemos realizado un corte de tr\u00e1fico en Bilbo para reclamar el desbloqueo de la negociaci\u00f3n del convenio de residencias de mayores de Bizkaia"},"content":{"rendered":"\n<p>Nos hemos concentrado en Bilbo, ante la sede de Juntas Generales, en la segunda jornada de huelga en el sector de las residencias privadas de Bizkaia. Adem\u00e1s, hemos cortado el tr\u00e1fico en la calle Hurtado Am\u00e9zaga para reclamar el desbloqueo de la negociaci\u00f3n del convenio de residencias de mayores.<\/p>\n\n\n\n<p>La mesa de negociaci\u00f3n del convenio de residencias de mayores de Bizkaia sigue bloqueada por parte de la patronal, que se niega a negociar y no atiende a las plataformas presentadas por los sindicatos. La Diputaci\u00f3n de Bizkaia sigue ausente en el conflicto y LAB sigue demandando que debe ser parte activa en la negociaci\u00f3n de este Convenio.<\/p>\n\n\n\n<figure class=\"wp-block-embed is-type-video is-provider-youtube wp-block-embed-youtube wp-embed-aspect-16-9 wp-has-aspect-ratio\"><div class=\"wp-block-embed__wrapper\">\n<div class=\"youtube-embed\" data-video_id=\"bdfdmGbaj3Y\"><iframe loading=\"lazy\" title=\"Trafiko moztu dugu, Bizkaiko helduen egoitzetako hitzarmenaren negoziazioaren desblokeoa eskatzeko\" width=\"696\" height=\"392\" src=\"https:\/\/www.youtube.com\/embed\/bdfdmGbaj3Y?feature=oembed&#038;enablejsapi=1\" frameborder=\"0\" allow=\"accelerometer; autoplay; clipboard-write; encrypted-media; gyroscope; picture-in-picture\" allowfullscreen><\/iframe><\/div>\n<\/div><\/figure>\n\n\n\n<p>Una vez m\u00e1s, reclamamos que es urgente la equiparaci\u00f3n de las condiciones laborales de las trabajadoras de residencias privadas con las de las trabajadoras de residencias p\u00fablicas. Realizamos el mismo trabajo, por ello, las condiciones de trabajo se deben equiparar.<\/p>\n\n\n\n<p>Denunciamos, una vez m\u00e1s, los servicios minimos abusivos impuestos por el Gobierno Vasco, prohibiendo a las trabajadoras del sector el derecho a mejorar sus condiciones laborales y de vida. Desde LAB seguiremos defendiendo la legitimidad y necesidad de las huelgas en los conflictos laborales, por muchos que se nos prohiba.<\/p>\n\n\n\n<p>Se\u00f1alamos como responsables del bloqueo de la negociaci\u00f3n del Convenio a Sergio Murillo, diputado de Acci\u00f3n Social, y a las patronales GESCA, LARES y ELBE.<\/p>\n\n\n\n<figure class=\"wp-block-gallery columns-3 is-cropped wp-block-gallery-1 is-layout-flex wp-block-gallery-is-layout-flex\"><ul class=\"blocks-gallery-grid\"><li class=\"blocks-gallery-item\"><figure><img loading=\"lazy\" decoding=\"async\" width=\"1024\" height=\"769\" src=\"https:\/\/www.lab.eus\/wp-content\/uploads\/2022\/02\/Egoitzak1-1024x769.jpeg\" alt=\"\" data-id=\"43011\" data-link=\"https:\/\/www.lab.eus\/?attachment_id=43011\" class=\"wp-image-43011\" srcset=\"https:\/\/www.lab.eus\/wp-content\/uploads\/2022\/02\/Egoitzak1-1024x769.jpeg 1024w, https:\/\/www.lab.eus\/wp-content\/uploads\/2022\/02\/Egoitzak1-300x225.jpeg 300w, https:\/\/www.lab.eus\/wp-content\/uploads\/2022\/02\/Egoitzak1-768x577.jpeg 768w, https:\/\/www.lab.eus\/wp-content\/uploads\/2022\/02\/Egoitzak1-150x113.jpeg 150w, https:\/\/www.lab.eus\/wp-content\/uploads\/2022\/02\/Egoitzak1-696x523.jpeg 696w, https:\/\/www.lab.eus\/wp-content\/uploads\/2022\/02\/Egoitzak1-1068x802.jpeg 1068w, https:\/\/www.lab.eus\/wp-content\/uploads\/2022\/02\/Egoitzak1-559x420.jpeg 559w, https:\/\/www.lab.eus\/wp-content\/uploads\/2022\/02\/Egoitzak1-80x60.jpeg 80w, https:\/\/www.lab.eus\/wp-content\/uploads\/2022\/02\/Egoitzak1-265x198.jpeg 265w, https:\/\/www.lab.eus\/wp-content\/uploads\/2022\/02\/Egoitzak1.jpeg 1280w\" sizes=\"auto, (max-width: 1024px) 100vw, 1024px\" \/><\/figure><\/li><li class=\"blocks-gallery-item\"><figure><img loading=\"lazy\" decoding=\"async\" width=\"1024\" height=\"769\" src=\"https:\/\/www.lab.eus\/wp-content\/uploads\/2022\/02\/Egoitzak4-1024x769.jpeg\" alt=\"\" data-id=\"43013\" data-link=\"https:\/\/www.lab.eus\/?attachment_id=43013\" class=\"wp-image-43013\" srcset=\"https:\/\/www.lab.eus\/wp-content\/uploads\/2022\/02\/Egoitzak4-1024x769.jpeg 1024w, https:\/\/www.lab.eus\/wp-content\/uploads\/2022\/02\/Egoitzak4-300x225.jpeg 300w, https:\/\/www.lab.eus\/wp-content\/uploads\/2022\/02\/Egoitzak4-768x577.jpeg 768w, https:\/\/www.lab.eus\/wp-content\/uploads\/2022\/02\/Egoitzak4-150x113.jpeg 150w, https:\/\/www.lab.eus\/wp-content\/uploads\/2022\/02\/Egoitzak4-696x523.jpeg 696w, https:\/\/www.lab.eus\/wp-content\/uploads\/2022\/02\/Egoitzak4-1068x802.jpeg 1068w, https:\/\/www.lab.eus\/wp-content\/uploads\/2022\/02\/Egoitzak4-559x420.jpeg 559w, https:\/\/www.lab.eus\/wp-content\/uploads\/2022\/02\/Egoitzak4-80x60.jpeg 80w, https:\/\/www.lab.eus\/wp-content\/uploads\/2022\/02\/Egoitzak4-265x198.jpeg 265w, https:\/\/www.lab.eus\/wp-content\/uploads\/2022\/02\/Egoitzak4.jpeg 1280w\" sizes=\"auto, (max-width: 1024px) 100vw, 1024px\" \/><\/figure><\/li><li class=\"blocks-gallery-item\"><figure><img loading=\"lazy\" decoding=\"async\" width=\"1024\" height=\"658\" src=\"https:\/\/www.lab.eus\/wp-content\/uploads\/2022\/02\/Egoitzak6-1024x658.jpeg\" alt=\"\" data-id=\"43015\" data-full-url=\"https:\/\/www.lab.eus\/wp-content\/uploads\/2022\/02\/Egoitzak6.jpeg\" data-link=\"https:\/\/www.lab.eus\/?attachment_id=43015\" class=\"wp-image-43015\" srcset=\"https:\/\/www.lab.eus\/wp-content\/uploads\/2022\/02\/Egoitzak6-1024x658.jpeg 1024w, https:\/\/www.lab.eus\/wp-content\/uploads\/2022\/02\/Egoitzak6-300x193.jpeg 300w, https:\/\/www.lab.eus\/wp-content\/uploads\/2022\/02\/Egoitzak6-768x493.jpeg 768w, https:\/\/www.lab.eus\/wp-content\/uploads\/2022\/02\/Egoitzak6-150x96.jpeg 150w, https:\/\/www.lab.eus\/wp-content\/uploads\/2022\/02\/Egoitzak6-696x447.jpeg 696w, https:\/\/www.lab.eus\/wp-content\/uploads\/2022\/02\/Egoitzak6-1068x686.jpeg 1068w, https:\/\/www.lab.eus\/wp-content\/uploads\/2022\/02\/Egoitzak6-654x420.jpeg 654w, https:\/\/www.lab.eus\/wp-content\/uploads\/2022\/02\/Egoitzak6.jpeg 1280w\" sizes=\"auto, (max-width: 1024px) 100vw, 1024px\" \/><\/figure><\/li><\/ul><\/figure>\n","protected":false},"excerpt":{"rendered":"<p>Nos hemos concentrado en Bilbo, ante la sede de Juntas Generales, en la segunda jornada de huelga en el sector de las residencias privadas de Bizkaia. Hemos cortado el tr\u00e1fico en la calle Hurtado Am\u00e9zaga y hemos denunciado que la Diputaci\u00f3n sigue ausente en el conflicto.<\/p>\n","protected":false},"author":1189,"featured_media":43010,"comment_status":"closed","ping_status":"closed","sticky":false,"template":"","format":"video","meta":{"_monsterinsights_skip_tracking":false,"_monsterinsights_sitenote_active":false,"_monsterinsights_sitenote_note":"","_monsterinsights_sitenote_category":0,"footnotes":"","_links_to":"","_links_to_target":""},"categories":[18,3000,6],"tags":[3178,3217,3171],"class_list":{"0":"post-43006","1":"post","2":"type-post","3":"status-publish","4":"format-video","5":"has-post-thumbnail","7":"category-es-accion-sindical","8":"category-servicio-sociocomunitario","9":"category-es-servicios-publicos","10":"tag-destacado-1","11":"tag-servicios-sociocomunitarios","12":"tag-servicios-publicos-es","13":"post_format-post-format-video"},"_links":{"self":[{"href":"https:\/\/www.lab.eus\/es\/wp-json\/wp\/v2\/posts\/43006","targetHints":{"allow":["GET"]}}],"collection":[{"href":"https:\/\/www.lab.eus\/es\/wp-json\/wp\/v2\/posts"}],"about":[{"href":"https:\/\/www.lab.eus\/es\/wp-json\/wp\/v2\/types\/post"}],"author":[{"embeddable":true,"href":"https:\/\/www.lab.eus\/es\/wp-json\/wp\/v2\/users\/1189"}],"replies":[{"embeddable":true,"href":"https:\/\/www.lab.eus\/es\/wp-json\/wp\/v2\/comments?post=43006"}],"version-history":[{"count":0,"href":"https:\/\/www.lab.eus\/es\/wp-json\/wp\/v2\/posts\/43006\/revisions"}],"wp:featuredmedia":[{"embeddable":true,"href":"https:\/\/www.lab.eus\/es\/wp-json\/wp\/v2\/media\/43010"}],"wp:attachment":[{"href":"https:\/\/www.lab.eus\/es\/wp-json\/wp\/v2\/media?parent=43006"}],"wp:term":[{"taxonomy":"category","embeddable":true,"href":"https:\/\/www.lab.eus\/es\/wp-json\/wp\/v2\/categories?post=43006"},{"taxonomy":"post_tag","embeddable":true,"href":"https:\/\/www.lab.eus\/es\/wp-json\/wp\/v2\/tags?post=43006"}],"curies":[{"name":"wp","href":"https:\/\/api.w.org\/{rel}","templated":true}]}}