{"id":42855,"date":"2022-02-03T13:10:01","date_gmt":"2022-02-03T13:10:01","guid":{"rendered":"https:\/\/www.lab.eus\/?p=42855"},"modified":"2022-02-03T15:38:26","modified_gmt":"2022-02-03T15:38:26","slug":"la-patronal-del-metal-de-bizkaia-se-niega-a-un-reparto-justo-de-la-riqueza-y-a-dignificar-las-condiciones-laborales-del-sector","status":"publish","type":"post","link":"https:\/\/www.lab.eus\/es\/la-patronal-del-metal-de-bizkaia-se-niega-a-un-reparto-justo-de-la-riqueza-y-a-dignificar-las-condiciones-laborales-del-sector\/","title":{"rendered":"La patronal del Metal de Bizkaia se niega a un reparto justo de la riqueza y a dignificar las condiciones laborales del sector"},"content":{"rendered":"\n<p>Hoy se ha producido la tercera reuni\u00f3n de la mesa negociadora del Metal de Bizkaia. En esta reuni\u00f3n, la patronal FVEM ha presentado su plataforma. Desde LAB, consideramos la propuesta presentada como un insulto a las personas trabajadoras del sector.<\/p>\n\n\n\n<p>Plantea subidas salariales del 2% sin ning\u00fan tipo de referencia al IPC. Al no estar garantizado el IPC, la p\u00e9rdida de poder adquisitivo de los y las trabajadoras es evidente. FVEM no s\u00f3lo se niega a repartir la riqueza y los beneficios de las empresas, sino que pretenden que los y las trabajadoras del sector pierdan dinero por ir a trabajar. Plantea la eliminaci\u00f3n del convenio del art\u00edculo que supone subidas salariales a aquellas personas trabajadoras que tienen salarios por encima de las tablas del convenio, esto es un claro retroceso.<\/p>\n\n\n\n<p>Se niega a reducir las horas de jornada laboral que lleva siendo la misma desde 2003 y, adem\u00e1s, plantea un aumento de las horas de flexibilidad, otro claro retroceso. Estas medidas por una parte impiden la creaci\u00f3n de puestos de trabajo y por otra parte suponen precarizar a\u00fan m\u00e1s las condiciones de trabajo.<\/p>\n\n\n\n<figure class=\"wp-block-embed is-type-video is-provider-youtube wp-block-embed-youtube wp-embed-aspect-16-9 wp-has-aspect-ratio\"><div class=\"wp-block-embed__wrapper\">\n<div class=\"youtube-embed\" data-video_id=\"Ltju4NHPBdI\"><iframe loading=\"lazy\" title=\"Bizkaiko Metalgintzako Hitzarmenaren negoziazio-mahaiaren 3. bilera\" width=\"696\" height=\"392\" src=\"https:\/\/www.youtube.com\/embed\/Ltju4NHPBdI?feature=oembed&#038;enablejsapi=1\" frameborder=\"0\" allow=\"accelerometer; autoplay; clipboard-write; encrypted-media; gyroscope; picture-in-picture\" allowfullscreen><\/iframe><\/div>\n<\/div><\/figure>\n\n\n\n<p>En un d\u00eda en que, lo que llevamos de a\u00f1o, han perdido la vida 6 personas en sus puestos de trabajo y en 2021 fueron 62 en Euskal Herria, la patronal se atreve a plantear en su plataforma limitar los complementos en las bajas por accidente de trabajo determinando, en su opini\u00f3n, lo que es un accidente de trabajo. Sin embargo, a parte de quitar derechos adquiridos en el convenio, no hace ni una sola propuesta en medidas de prevenci\u00f3n para garantizar la salud y la vida de todos los y las trabajadoras del sector.<\/p>\n\n\n\n<p>Con la propuesta de la patronal queda en evidencia que lo \u00fanico que le importa son mantener y aumentar beneficios, no tienen ninguan intenci\u00f3n de dignificar las condiciones laborales del sector, de otro modo no se explica la plataforma planteada que lo \u00fanico que recoge son retrocesos.<\/p>\n\n\n\n<p>Nos reafirmamos en nuestra plataforma presentada. Una plataforma que recoge medidas para la creaci\u00f3n del empleo, medidas para un reparto justo de la riqueza (subidas vinculadas al IPC y subidas a salarios reales), medidas feministas, medidas para dignificar el empleo de las personas m\u00e1s precarias como son las personas j\u00f3venes y personas con diversidad funcional, medidas para preservar la salud y seguridad en el trabajo, medidas contra la reforma laboral&#8230;<\/p>\n\n\n\n<p>Est\u00e1 claro con la propuesta de hoy que la patronal no nos va a dar nada, por ese motivo es evidente que el \u00fanico camino para conseguir el convenio que necesitan los y las trabajadoras del metal de Bizkaia, es la activaci\u00f3n de todo el sector y la lucha de todo el sector, desde la unidad sindical y social m\u00e1s amplia posible.<\/p>\n","protected":false},"excerpt":{"rendered":"<p>La patronal no nos va a dar nada, por ese motivo es evidente que el \u00fanico camino para conseguir el convenio que necesitan los y las trabajadoras del metal de Bizkaia, es la activaci\u00f3n de todo el sector y la lucha de todo el sector.<\/p>\n","protected":false},"author":1189,"featured_media":42852,"comment_status":"closed","ping_status":"closed","sticky":false,"template":"","format":"video","meta":{"_monsterinsights_skip_tracking":false,"_monsterinsights_sitenote_active":false,"_monsterinsights_sitenote_note":"","_monsterinsights_sitenote_category":0,"footnotes":"","_links_to":"","_links_to_target":""},"categories":[18,2868,108,3283],"tags":[3033,3178,2996,3064],"class_list":{"0":"post-42855","1":"post","2":"type-post","3":"status-publish","4":"format-video","5":"has-post-thumbnail","7":"category-es-accion-sindical","8":"category-industria-es","9":"category-es-metal","10":"category-sin-categorizar","11":"tag-accion-sindical-es","12":"tag-destacado-1","13":"tag-industria-es","14":"tag-metal-es","15":"post_format-post-format-video"},"_links":{"self":[{"href":"https:\/\/www.lab.eus\/es\/wp-json\/wp\/v2\/posts\/42855","targetHints":{"allow":["GET"]}}],"collection":[{"href":"https:\/\/www.lab.eus\/es\/wp-json\/wp\/v2\/posts"}],"about":[{"href":"https:\/\/www.lab.eus\/es\/wp-json\/wp\/v2\/types\/post"}],"author":[{"embeddable":true,"href":"https:\/\/www.lab.eus\/es\/wp-json\/wp\/v2\/users\/1189"}],"replies":[{"embeddable":true,"href":"https:\/\/www.lab.eus\/es\/wp-json\/wp\/v2\/comments?post=42855"}],"version-history":[{"count":0,"href":"https:\/\/www.lab.eus\/es\/wp-json\/wp\/v2\/posts\/42855\/revisions"}],"wp:featuredmedia":[{"embeddable":true,"href":"https:\/\/www.lab.eus\/es\/wp-json\/wp\/v2\/media\/42852"}],"wp:attachment":[{"href":"https:\/\/www.lab.eus\/es\/wp-json\/wp\/v2\/media?parent=42855"}],"wp:term":[{"taxonomy":"category","embeddable":true,"href":"https:\/\/www.lab.eus\/es\/wp-json\/wp\/v2\/categories?post=42855"},{"taxonomy":"post_tag","embeddable":true,"href":"https:\/\/www.lab.eus\/es\/wp-json\/wp\/v2\/tags?post=42855"}],"curies":[{"name":"wp","href":"https:\/\/api.w.org\/{rel}","templated":true}]}}