{"id":42787,"date":"2022-02-02T08:54:00","date_gmt":"2022-02-02T08:54:00","guid":{"rendered":"https:\/\/www.lab.eus\/?p=42787"},"modified":"2022-02-02T14:54:39","modified_gmt":"2022-02-02T14:54:39","slug":"reclamamos-el-fin-de-la-escalada-belica-en-ucrania-y-el-despliegue-de-la-otan","status":"publish","type":"post","link":"https:\/\/www.lab.eus\/es\/reclamamos-el-fin-de-la-escalada-belica-en-ucrania-y-el-despliegue-de-la-otan\/","title":{"rendered":"Reclamamos el fin de la escalada b\u00e9lica en Ucrania y el despliegue de la OTAN"},"content":{"rendered":"\n<p>En Ucrania la tensi\u00f3n armada no deja de aumentar en los \u00faltimos meses y los ruidos de guerra que vienen de all\u00ed nos angustian profundamente. De nuevo, los intereses econ\u00f3micos y geo-pol\u00edticos de las grandes potencias amenazan y condicionan la vida de las y los ciudadanos ucranianos.<\/p>\n\n\n\n<p>Desde que en 2014 se dio un golpe leve en favor de los intereses de Estados Unidos y de la Uni\u00f3n Europea conocido como Euromaid\u00e1n, Ucrania vive un conflicto armado permanente y la estrategia de despliegue que lleva la OTAN con el objetivo de rodear Rusia puede llevar a Ucrania y Europa a una guerra que nadie desea.<\/p>\n\n\n\n<p>En este territorio geo-estrat\u00e9gico, clave para el traslado del gas ruso, el control de este pa\u00eds es muy importante para las potencias en disputa. A todo ello hay que a\u00f1adir, en el marco de una lucha m\u00e1s global contra China, el inter\u00e9s de Estados Unidos y de los lobbies vinculados a sus intereses para que Europa sea tambi\u00e9n un foco de tensi\u00f3n.<\/p>\n\n\n\n<p>En este conflicto chocan los intereses de diferentes potencias: por un lado el gobierno ucraniano alineado con la Uni\u00f3n Europea y Estados Unidos y por otro el este de Ucrania, donde sus poblaciones de origen ruso quieren mantener sus lazos hist\u00f3ricos, culturales y pol\u00edticos con Mosc\u00fa.<\/p>\n\n\n\n<p>En la ra\u00edz del conflicto est\u00e1 la estrategia de expansi\u00f3n y guerra de la OTAN, mezclada con las rupturas de los acuerdos de Minsk y de otros tratados internacionales. El sindicato LAB, como siempre ha hecho, denuncia la estrategia de la OTAN y expresa en voz alta que no quiere formar parte de esta estrategia b\u00e9lica. En el refer\u00e9ndum de 1986, Euskal Herria manifest\u00f3 claramente que no quer\u00eda formar parte de la OTAN, y en nuestra memoria colectiva siguen vivas las 1.500 v\u00edctimas de los bombardeos sobre Yugoslavia en 2001, y el recuerdo de las v\u00edctimas de las guerras de Afganist\u00e1n e Irak, entre otras muchas.<\/p>\n\n\n\n<p>En este sentido, pedimos el cierre de la Zona Tiro de las Bardenas, como parte de esta estrategia b\u00e9lica, porque, frente al capitalismo que provoca la destrucci\u00f3n, queremos construir una Euskal Herria que defienda la vida.<\/p>\n\n\n\n<p>Exigimos a la comunidad internacional que lleve a cabo negociaciones que den soluci\u00f3n al conflicto y respeten los acuerdos internacionales. LAB defiende una soluci\u00f3n que ponga en el centro los derechos de todas las personas y de todos los pueblos y que ponga fin a todas las amenazas y conflictos armados. Por eso, pedimos el cese del conflicto armado en Ucrania y el fin de la expansi\u00f3n imperialista, diciendo alto y claro no a la guerra y s\u00ed a la vida.<\/p>\n\n\n\n<p>En este sentido, LAB llama a participar en la concentraci\u00f3n convocada para este domingo, 6 de febrero, a las 12 del mediod\u00eda en el Arriaga de Bilbo.<\/p>\n","protected":false},"excerpt":{"rendered":"<p>Llamamos a participar en la concentraci\u00f3n convocada para este domingo, 6 de febrero, a las 12 del mediod\u00eda en el Arriaga de Bilbao.<\/p>\n","protected":false},"author":1189,"featured_media":44311,"comment_status":"closed","ping_status":"closed","sticky":false,"template":"","format":"standard","meta":{"_monsterinsights_skip_tracking":false,"_monsterinsights_sitenote_active":false,"_monsterinsights_sitenote_note":"","_monsterinsights_sitenote_category":0,"footnotes":"","_links_to":"","_links_to_target":""},"categories":[3402,4,3283],"tags":[3178,3173],"class_list":{"0":"post-42787","1":"post","2":"type-post","3":"status-publish","4":"format-standard","5":"has-post-thumbnail","7":"category-accion-politica","8":"category-es-internacional","9":"category-sin-categorizar","10":"tag-destacado-1","11":"tag-internacional-es"},"_links":{"self":[{"href":"https:\/\/www.lab.eus\/es\/wp-json\/wp\/v2\/posts\/42787","targetHints":{"allow":["GET"]}}],"collection":[{"href":"https:\/\/www.lab.eus\/es\/wp-json\/wp\/v2\/posts"}],"about":[{"href":"https:\/\/www.lab.eus\/es\/wp-json\/wp\/v2\/types\/post"}],"author":[{"embeddable":true,"href":"https:\/\/www.lab.eus\/es\/wp-json\/wp\/v2\/users\/1189"}],"replies":[{"embeddable":true,"href":"https:\/\/www.lab.eus\/es\/wp-json\/wp\/v2\/comments?post=42787"}],"version-history":[{"count":0,"href":"https:\/\/www.lab.eus\/es\/wp-json\/wp\/v2\/posts\/42787\/revisions"}],"wp:featuredmedia":[{"embeddable":true,"href":"https:\/\/www.lab.eus\/es\/wp-json\/wp\/v2\/media\/44311"}],"wp:attachment":[{"href":"https:\/\/www.lab.eus\/es\/wp-json\/wp\/v2\/media?parent=42787"}],"wp:term":[{"taxonomy":"category","embeddable":true,"href":"https:\/\/www.lab.eus\/es\/wp-json\/wp\/v2\/categories?post=42787"},{"taxonomy":"post_tag","embeddable":true,"href":"https:\/\/www.lab.eus\/es\/wp-json\/wp\/v2\/tags?post=42787"}],"curies":[{"name":"wp","href":"https:\/\/api.w.org\/{rel}","templated":true}]}}