{"id":42474,"date":"2022-02-01T07:05:00","date_gmt":"2022-02-01T07:05:00","guid":{"rendered":"https:\/\/www.lab.eus\/?p=42474"},"modified":"2022-02-01T11:43:03","modified_gmt":"2022-02-01T11:43:03","slug":"las-y-los-trabajadores-de-intervencion-social-de-bizkaia-se-movilizan-en-favor-de-un-convenio-digno","status":"publish","type":"post","link":"https:\/\/www.lab.eus\/es\/las-y-los-trabajadores-de-intervencion-social-de-bizkaia-se-movilizan-en-favor-de-un-convenio-digno\/","title":{"rendered":"Las y los trabajadores de intervenci\u00f3n social de Bizkaia se movilizan en favor de un convenio digno"},"content":{"rendered":"\n<p>Nos hemos concentrado frente a la Diputaci\u00f3n Foral de Bizkaia para informar sobre la situaci\u00f3n que viven las y los trabajadores de intervenci\u00f3n social. Concretamente, llevan muchos a\u00f1os luchando por sus condiciones de trabajo y su salud laboral.<\/p>\n\n\n\n<p>En tiempos de pandemia, a las y los trabajadores del sector se les dijo que eran esenciales, al igual que a otros colectivos, por lo que estuvieron en primera l\u00ednea. Dadas las circunstancias, se les comunic\u00f3 que vendr\u00edan cambios y que se pondr\u00eda en valor su trabajo. Pero muchas veces las palabras y los hechos no coinciden y la realidad nos ha demostrado, en este caso tambi\u00e9n, que las palabras se las lleva el viento.<\/p>\n\n\n\n<p>Desde entonces, este sector plural, feminizado y complejo no ha recibido m\u00e1s que agresiones: despidos, empeoramiento de las condiciones laborales, aumento de las subcontrataciones, descuelgue por parte de algunas empresas del convenio, etc. Es decir, empeoramiento de las condiciones laborales de las y los trabajadores para inter\u00e9s y beneficio de algunos.<\/p>\n\n\n\n<p>Y es que los servicios sociales que deber\u00edan ser p\u00fablicos est\u00e1n en manos de empresas, asociaciones y entidades privadas, ante la indiferencia de la Diputaci\u00f3n Foral de Bizkaia. Consecuencia de esto, las y los trabajadores del sector conviven con condiciones precarias. La privatizaci\u00f3n de los servicios sociales est\u00e1 directamente relacionada con esto.<\/p>\n\n\n\n<p>Convenio tras convenio, LAB considera que no han desaparecido algunos de los principales problemas existentes en el sector y que ello conlleva consecuencias negativas para las condiciones de vida y trabajo de las y los trabajadores.<\/p>\n\n\n\n<p>Llevamos muchos a\u00f1os denunciando los insoportables ratios que sufren la plantilla, luchando contra contrataciones precarias cada vez m\u00e1s evidentes, buscando un convenio colectivo lo m\u00e1s digno posible en beneficio de las y los trabajadores y de sus jubilaciones, poniendo en valor la salud y prevenci\u00f3n laboral, impulsando planes reales de igualdad y conciliaci\u00f3n, y, c\u00f3mo no, actuando contra la subcontrataci\u00f3n que sufre el sector.<\/p>\n\n\n\n<p>Por ello, consideramos imprescindible luchar por todos estos derechos laborales y apelamos a la uni\u00f3n entre trabajadoras y trabajadores y sindicatos.<\/p>\n","protected":false},"excerpt":{"rendered":"<p>Nos hemos concentrado frente a la Diputaci\u00f3n Foral de Bizkaia para informar sobre la situaci\u00f3n que se vive en el sector. <\/p>\n","protected":false},"author":1189,"featured_media":42491,"comment_status":"closed","ping_status":"closed","sticky":false,"template":"","format":"standard","meta":{"_monsterinsights_skip_tracking":false,"_monsterinsights_sitenote_active":false,"_monsterinsights_sitenote_note":"","_monsterinsights_sitenote_category":0,"footnotes":"","_links_to":"","_links_to_target":""},"categories":[18,3119,3000,6,3283],"tags":[3033,3178,3217,3171],"class_list":{"0":"post-42474","1":"post","2":"type-post","3":"status-publish","4":"format-standard","5":"has-post-thumbnail","7":"category-es-accion-sindical","8":"category-intervencion-y-accion-social","9":"category-servicio-sociocomunitario","10":"category-es-servicios-publicos","11":"category-sin-categorizar","12":"tag-accion-sindical-es","13":"tag-destacado-1","14":"tag-servicios-sociocomunitarios","15":"tag-servicios-publicos-es"},"_links":{"self":[{"href":"https:\/\/www.lab.eus\/es\/wp-json\/wp\/v2\/posts\/42474","targetHints":{"allow":["GET"]}}],"collection":[{"href":"https:\/\/www.lab.eus\/es\/wp-json\/wp\/v2\/posts"}],"about":[{"href":"https:\/\/www.lab.eus\/es\/wp-json\/wp\/v2\/types\/post"}],"author":[{"embeddable":true,"href":"https:\/\/www.lab.eus\/es\/wp-json\/wp\/v2\/users\/1189"}],"replies":[{"embeddable":true,"href":"https:\/\/www.lab.eus\/es\/wp-json\/wp\/v2\/comments?post=42474"}],"version-history":[{"count":0,"href":"https:\/\/www.lab.eus\/es\/wp-json\/wp\/v2\/posts\/42474\/revisions"}],"wp:featuredmedia":[{"embeddable":true,"href":"https:\/\/www.lab.eus\/es\/wp-json\/wp\/v2\/media\/42491"}],"wp:attachment":[{"href":"https:\/\/www.lab.eus\/es\/wp-json\/wp\/v2\/media?parent=42474"}],"wp:term":[{"taxonomy":"category","embeddable":true,"href":"https:\/\/www.lab.eus\/es\/wp-json\/wp\/v2\/categories?post=42474"},{"taxonomy":"post_tag","embeddable":true,"href":"https:\/\/www.lab.eus\/es\/wp-json\/wp\/v2\/tags?post=42474"}],"curies":[{"name":"wp","href":"https:\/\/api.w.org\/{rel}","templated":true}]}}