{"id":4215,"date":"2015-03-03T06:17:48","date_gmt":"2015-03-03T06:17:48","guid":{"rendered":"https:\/\/www.lab.eus\/el-comite-de-icf-presenta-un-plan-economicamente-viable-y-sin-ningun-despido\/"},"modified":"2015-03-03T06:17:48","modified_gmt":"2015-03-03T06:17:48","slug":"el-comite-de-icf-presenta-un-plan-economicamente-viable-y-sin-ningun-despido","status":"publish","type":"post","link":"https:\/\/www.lab.eus\/es\/el-comite-de-icf-presenta-un-plan-economicamente-viable-y-sin-ningun-despido\/","title":{"rendered":"El Comit\u00e9 de ICF presenta un plan econ\u00f3micamente viable y sin ning\u00fan despido"},"content":{"rendered":"<p> <em><span style=\"font-size: small; \">El Comit&eacute; de Empresa de ICF present&oacute; a la representaci&oacute;n de las multinacionales un plan de viabilidad. Este plan fue refrendado ayer lunes por la asamblea de trabajadores\/as, donde tambi&eacute;n se consensu&oacute; un calendario de movilizaciones as&iacute; como continuar en huelga indefinida.<\/span><\/em><\/p>\n<p> <\/p>\n<div style=\"padding-right:15px;width:345px; float:left; border-right-style:solid; border-right-width:1px; border-right-color:#dddddd\">Dicho plan consta de 4 puntos:<br \/> Proponer bajas incentivadas voluntarias para que todo aquel que as&iacute; lo desee, pueda causar baja de la empresa de una manera voluntaria.<\/p>\n<p> Un plan de prejubilaciones conjunto para Faurecia ICF y Faurecia Orkoien, al que se podr&iacute;an acoger hasta 51 personas.<br \/> Recolocaciones en las plantas de Tecnoconfort y Faurecia Orkoien. De ser aceptada la propuesta del comit&eacute; podr&iacute;an ser recolocadas hasta 77 personas.<\/p>\n<p> Que se mantengan las producciones en ICF con el personal necesario para realizarlas o que se habilite una zona en la planta de Faurecia Orkoien y trasladar al personal y maquinaria necesaria para producirlas.<\/p>\n<p> Este plan fue presentado a la representaci&oacute;n de las multinacionales y en la reuni&oacute;n del mi&eacute;rcoles se les facilitar&aacute; por escrito aportando todos los informes que avalan, que este es un plan econ&oacute;micamente viable, con perfecto encaje legal y que t&eacute;cnicamente es posible realizarlo.<\/p>\n<p> Desde el Comit&eacute; queremos emplazar al Gobierno de Navarra para que apoye de una manera clara y contundente este plan y criticamos que seamos los\/as trabajadores\/as los que tengamos que elaborar un plan para que el negocio y las producciones se tengan que quedar en Navarra, para que ninguna persona sea despedida y para que la multinacional siga ganando m&aacute;s dinero.<\/p>\n<p> Tambi&eacute;n queremos informar que hoy a la tarde el Comit&eacute; nos juntaremos con la consejera del Gobierno de Navarra Lourdes Goicoechea para explicar el plan de viabilidad as&iacute; como ma&ntilde;ana miercoles se explicar&aacute; a los representantes de las multinacionales.<\/p>\n<p> El Comit&eacute; anima a toda la sociedad de Nafarroa a secundar las distintas movilizaciones convocadas por la plantilla de ICF as&iacute; como a participar en la manifestaci&oacute;n que se celebrar&aacute; el viernes 6 de Marzo a las 19:30 desde la Plaza del Ayuntamiento de Burlada.<\/p>\n<p> El comit&eacute; de empresa convoca a todos los medios de comunicaci&oacute;n a una rueda de prensa que daremos en la sede de CCOO ma&ntilde;ana mi&eacute;rcoles a la 17:00 horas donde se explicar&aacute; el plan de viabilidad y la propuesta realizada por las multinacionales.<br \/> &nbsp;<\/div>\n<div style=\"width:180px; float:left; padding-left:15px;\">\n<div style=\"text-align: center; \"><a href=\"\/rssak\"><input type=\"image\" src=\"\/materiala\/argazkiak\/feed.png\" alt=\"RSSak\" width=\"30\" height=\"30\" longdesc=\"undefined\" \/><\/a><a target=\"_blank\" href=\"http:\/\/www.facebook.com\/pages\/LAB-sindikatua\/292846207397345\" rel=\"noopener noreferrer\"><input type=\"image\" src=\"\/modules\/mod_socialmediacloud\/icons\/facebook.png\" alt=\"LAB Facebooken\" width=\"30\" height=\"30\" longdesc=\"undefined\" \/><\/a><a target=\"_blank\" href=\"http:\/\/issuu.com\/lab_argitalpenak\" rel=\"noopener noreferrer\"><input type=\"image\" src=\"\/modules\/mod_socialmediacloud\/icons\/issuu.png\" width=\"30\" height=\"30\" longdesc=\"undefined\" \/><\/a><a target=\"_blank\" href=\"http:\/\/es.scribd.com\/LABsindikatua\" rel=\"noopener noreferrer\"><input type=\"image\" src=\"\/modules\/mod_socialmediacloud\/icons\/scribd.png\" width=\"30\" height=\"30\" longdesc=\"undefined\" \/><br \/> <\/a><\/div>\n<div style=\"text-align: center; \"><a target=\"_blank\" href=\"http:\/\/twitter.com\/LABsindikatua\" rel=\"noopener noreferrer\"><input type=\"image\" src=\"\/modules\/mod_socialmediacloud\/icons\/twitter.png\" width=\"30\" height=\"30\" longdesc=\"undefined\" \/><\/a><a target=\"_blank\" href=\"http:\/\/www.youtube.com\/user\/labsindikatua\" rel=\"noopener noreferrer\"><input type=\"image\" src=\"\/modules\/mod_socialmediacloud\/icons\/youtube.png\" width=\"30\" height=\"30\" longdesc=\"undefined\" \/><\/a><a target=\"_blank\" href=\"http:\/\/www.flickr.com\/photos\/lab-sindikatua\/\" rel=\"noopener noreferrer\"><input type=\"image\" src=\"\/modules\/mod_socialmediacloud\/icons\/flickr.png\" width=\"30\" height=\"30\" longdesc=\"undefined\" \/><\/a><a href=\"http:\/\/www.labsindikatua.org\/eu\/hasiera\/upload\"><input type=\"image\" src=\"\/modules\/mod_socialmediacloud\/icons\/igo.png\" width=\"30\" height=\"30\" longdesc=\"undefined\" \/><\/a><\/div>\n<p> &nbsp;<\/p><\/div>\n<p> &nbsp;&nbsp;<\/p>\n","protected":false},"excerpt":{"rendered":"<p>El Comit&eacute; de Empresa de ICF present&oacute; a la representaci&oacute;n de las multinacionales un plan de viabilidad. Este plan fue refrendado ayer lunes por la asamblea de trabajadores\/as, donde tambi&eacute;n se consensu&oacute; un calendario de movilizaciones as&iacute; como continuar en huelga indefinida. Dicho plan consta de 4 puntos: Proponer bajas incentivadas voluntarias para que todo [&hellip;]<\/p>\n","protected":false},"author":1,"featured_media":0,"comment_status":"open","ping_status":"open","sticky":false,"template":"","format":"standard","meta":{"_monsterinsights_skip_tracking":false,"_monsterinsights_sitenote_active":false,"_monsterinsights_sitenote_note":"","_monsterinsights_sitenote_category":0,"footnotes":"","_links_to":"","_links_to_target":""},"categories":[107],"tags":[939,1767,591,566,574],"class_list":{"0":"post-4215","1":"post","2":"type-post","3":"status-publish","4":"format-standard","6":"category-metalgintza","7":"tag-faurecia","8":"tag-icf","9":"tag-industria","10":"tag-metalgintza","11":"tag-nafarroa"},"_links":{"self":[{"href":"https:\/\/www.lab.eus\/es\/wp-json\/wp\/v2\/posts\/4215","targetHints":{"allow":["GET"]}}],"collection":[{"href":"https:\/\/www.lab.eus\/es\/wp-json\/wp\/v2\/posts"}],"about":[{"href":"https:\/\/www.lab.eus\/es\/wp-json\/wp\/v2\/types\/post"}],"author":[{"embeddable":true,"href":"https:\/\/www.lab.eus\/es\/wp-json\/wp\/v2\/users\/1"}],"replies":[{"embeddable":true,"href":"https:\/\/www.lab.eus\/es\/wp-json\/wp\/v2\/comments?post=4215"}],"version-history":[{"count":0,"href":"https:\/\/www.lab.eus\/es\/wp-json\/wp\/v2\/posts\/4215\/revisions"}],"wp:attachment":[{"href":"https:\/\/www.lab.eus\/es\/wp-json\/wp\/v2\/media?parent=4215"}],"wp:term":[{"taxonomy":"category","embeddable":true,"href":"https:\/\/www.lab.eus\/es\/wp-json\/wp\/v2\/categories?post=4215"},{"taxonomy":"post_tag","embeddable":true,"href":"https:\/\/www.lab.eus\/es\/wp-json\/wp\/v2\/tags?post=4215"}],"curies":[{"name":"wp","href":"https:\/\/api.w.org\/{rel}","templated":true}]}}