{"id":41911,"date":"2022-01-21T11:09:59","date_gmt":"2022-01-21T11:09:59","guid":{"rendered":"https:\/\/www.lab.eus\/?p=41911"},"modified":"2022-01-21T11:10:02","modified_gmt":"2022-01-21T11:10:02","slug":"hemos-denunciado-ante-la-patronal-alavesa-la-ultima-muerte-en-el-trabajo","status":"publish","type":"post","link":"https:\/\/www.lab.eus\/es\/hemos-denunciado-ante-la-patronal-alavesa-la-ultima-muerte-en-el-trabajo\/","title":{"rendered":"Hemos denunciado ante la patronal alavesa la \u00faltima muerte en el trabajo"},"content":{"rendered":"\n<p>A convocatoria de la mayor\u00eda sindical vasca, nos hemos movilizado en Gasteiz para denunciar la \u00faltima muerte laboral. Lo hemos hecho frente a la sede de la patronal SEA. Concretamente, el mi\u00e9rcoles, <a href=\"https:\/\/www.lab.eus\/es\/las-muertes-en-el-trabajo-son-el-resultado-de-las-condiciones-laborales-y-formas-de-trabajar-que-impone-la-patronal\/\">un trabajador de Maderas Melchor G\u00f3mez muri\u00f3<\/a> mientras trabajaba en las monta\u00f1as del t\u00e9rmino de Pipa\u00f3n. <\/p>\n\n\n\n<p>En lo que va de a\u00f1o, al menos <a href=\"https:\/\/www.lab.eus\/es\/2022an-lan-istripuan-hildako-langileak\/\">cuatro personas han muerto<\/a> como consecuencia de un accidente laboral. En la concentraci\u00f3n, hemos denunciado que la precariedad sigue matando y hemos pedido a la patronal que asuma su responsabilidad, al tiempo que hemos exigido a las instituciones que dejen de mirar hacia otro lado.<\/p>\n\n\n\n<figure class=\"wp-block-image size-large\"><img loading=\"lazy\" decoding=\"async\" width=\"1024\" height=\"768\" src=\"https:\/\/www.lab.eus\/wp-content\/uploads\/2022\/01\/Gasteiz2-1024x768.jpeg\" alt=\"\" class=\"wp-image-41947\" srcset=\"https:\/\/www.lab.eus\/wp-content\/uploads\/2022\/01\/Gasteiz2-1024x768.jpeg 1024w, https:\/\/www.lab.eus\/wp-content\/uploads\/2022\/01\/Gasteiz2-300x225.jpeg 300w, https:\/\/www.lab.eus\/wp-content\/uploads\/2022\/01\/Gasteiz2-768x576.jpeg 768w, https:\/\/www.lab.eus\/wp-content\/uploads\/2022\/01\/Gasteiz2-150x113.jpeg 150w, https:\/\/www.lab.eus\/wp-content\/uploads\/2022\/01\/Gasteiz2-696x522.jpeg 696w, https:\/\/www.lab.eus\/wp-content\/uploads\/2022\/01\/Gasteiz2-1068x801.jpeg 1068w, https:\/\/www.lab.eus\/wp-content\/uploads\/2022\/01\/Gasteiz2-560x420.jpeg 560w, https:\/\/www.lab.eus\/wp-content\/uploads\/2022\/01\/Gasteiz2-80x60.jpeg 80w, https:\/\/www.lab.eus\/wp-content\/uploads\/2022\/01\/Gasteiz2-265x198.jpeg 265w, https:\/\/www.lab.eus\/wp-content\/uploads\/2022\/01\/Gasteiz2.jpeg 1280w\" sizes=\"auto, (max-width: 1024px) 100vw, 1024px\" \/><\/figure>\n","protected":false},"excerpt":{"rendered":"<p>Hemos denunciado que la precariedad sigue matando y hemos pedido a la patronal que asuma su responsabilidad, al tiempo que hemos exigido a las instituciones que dejen de mirar hacia otro lado.<\/p>\n","protected":false},"author":1189,"featured_media":41945,"comment_status":"closed","ping_status":"closed","sticky":false,"template":"","format":"standard","meta":{"_monsterinsights_skip_tracking":false,"_monsterinsights_sitenote_active":false,"_monsterinsights_sitenote_note":"","_monsterinsights_sitenote_category":0,"footnotes":"","_links_to":"","_links_to_target":""},"categories":[18,130,15,3283],"tags":[3033,3178,3263,3083],"class_list":{"0":"post-41911","1":"post","2":"type-post","3":"status-publish","4":"format-standard","5":"has-post-thumbnail","7":"category-es-accion-sindical","8":"category-es-la-precariedad-mata-es-salud-laboral","9":"category-es-salud-laboral","10":"category-sin-categorizar","11":"tag-accion-sindical-es","12":"tag-destacado-1","13":"tag-la-precariedad-mata-es-2","14":"tag-salud-laboral-es"},"_links":{"self":[{"href":"https:\/\/www.lab.eus\/es\/wp-json\/wp\/v2\/posts\/41911","targetHints":{"allow":["GET"]}}],"collection":[{"href":"https:\/\/www.lab.eus\/es\/wp-json\/wp\/v2\/posts"}],"about":[{"href":"https:\/\/www.lab.eus\/es\/wp-json\/wp\/v2\/types\/post"}],"author":[{"embeddable":true,"href":"https:\/\/www.lab.eus\/es\/wp-json\/wp\/v2\/users\/1189"}],"replies":[{"embeddable":true,"href":"https:\/\/www.lab.eus\/es\/wp-json\/wp\/v2\/comments?post=41911"}],"version-history":[{"count":0,"href":"https:\/\/www.lab.eus\/es\/wp-json\/wp\/v2\/posts\/41911\/revisions"}],"wp:featuredmedia":[{"embeddable":true,"href":"https:\/\/www.lab.eus\/es\/wp-json\/wp\/v2\/media\/41945"}],"wp:attachment":[{"href":"https:\/\/www.lab.eus\/es\/wp-json\/wp\/v2\/media?parent=41911"}],"wp:term":[{"taxonomy":"category","embeddable":true,"href":"https:\/\/www.lab.eus\/es\/wp-json\/wp\/v2\/categories?post=41911"},{"taxonomy":"post_tag","embeddable":true,"href":"https:\/\/www.lab.eus\/es\/wp-json\/wp\/v2\/tags?post=41911"}],"curies":[{"name":"wp","href":"https:\/\/api.w.org\/{rel}","templated":true}]}}