{"id":41903,"date":"2022-01-20T15:08:58","date_gmt":"2022-01-20T15:08:58","guid":{"rendered":"https:\/\/www.lab.eus\/?p=41903"},"modified":"2022-01-20T15:09:00","modified_gmt":"2022-01-20T15:09:00","slug":"ante-el-erte-de-mercedes-exigimos-condiciones-laborales-dignas","status":"publish","type":"post","link":"https:\/\/www.lab.eus\/es\/ante-el-erte-de-mercedes-exigimos-condiciones-laborales-dignas\/","title":{"rendered":"Ante el ERTE de Mercedes, exigimos condiciones laborales dignas"},"content":{"rendered":"\n<p>Hoy, 20 de enero, la direcci\u00f3n de Mercedes-Benz ha presentado un ERTE para los trabajadores y trabajadoras de la planta de Gasteiz. Ante ello, LAB quiere dejar claro que la plantilla de Mercedes, la de las contratas y la de empresas proveedoras no puede cargar con el problema alegado, sino que debe ser la empresa quien lo asuma.<\/p>\n\n\n\n<p>En la reuni\u00f3n de hoy, la direcci\u00f3n de la empresa ha abierto el procedimiento del ERTE, aportando la documentaci\u00f3n y explicando la medida. La empresa motiva la medida con causas productivos y se prolongar\u00e1 durante 6 meses, aplicando un m\u00e1ximo de 30 d\u00edas a cada persona.<\/p>\n\n\n\n<p>En esta primera valoraci\u00f3n, LAB quiere dejar claro que los trabajadores y trabajadoras no pueden cargar con el problema que argumenta la empresa. Queremos recordar que Mercedes obtuvo el a\u00f1o pasado un beneficio de 276 millones de euros, que la previsi\u00f3n de producci\u00f3n para este a\u00f1o ha sido la mayor de la historia, que siguen aplicando una doble escala salarial,&#8230; Adem\u00e1s, en estos meses se han hecho cientos de horas extras, la plantilla ha trabajado en los d\u00edas activables de enero,&#8230; as\u00ed que nuestra sospecha es que la empresa quiera el ERTE para conseguir una flexibilidad total.<\/p>\n\n\n\n<p>En este contexto, el objetivo de LAB es mantener las condiciones laborales de los trabajadores y trabajadoras y garantizar un empleo digno tanto ahora como cuando finalice el ERTE. Al mismo tiempo, exigimos que Mercedes se comprometa a garantizar el empleo y las condiciones laborales en las subcontratas y empresas proveedoras, ya que este ERTE puede afectar a miles de personas.<\/p>\n","protected":false},"excerpt":{"rendered":"<p>Queremos dejar claro que la plantilla, la de las contratas y la de empresas proveedoras no puede cargar con el problema alegado, sino que debe ser la empresa quien lo asuma.<\/p>\n","protected":false},"author":1189,"featured_media":36761,"comment_status":"closed","ping_status":"closed","sticky":false,"template":"","format":"standard","meta":{"_monsterinsights_skip_tracking":false,"_monsterinsights_sitenote_active":false,"_monsterinsights_sitenote_note":"","_monsterinsights_sitenote_category":0,"footnotes":"","_links_to":"","_links_to_target":""},"categories":[18,2868,108],"tags":[3033,3178,2996,3064],"class_list":{"0":"post-41903","1":"post","2":"type-post","3":"status-publish","4":"format-standard","5":"has-post-thumbnail","7":"category-es-accion-sindical","8":"category-industria-es","9":"category-es-metal","10":"tag-accion-sindical-es","11":"tag-destacado-1","12":"tag-industria-es","13":"tag-metal-es"},"_links":{"self":[{"href":"https:\/\/www.lab.eus\/es\/wp-json\/wp\/v2\/posts\/41903","targetHints":{"allow":["GET"]}}],"collection":[{"href":"https:\/\/www.lab.eus\/es\/wp-json\/wp\/v2\/posts"}],"about":[{"href":"https:\/\/www.lab.eus\/es\/wp-json\/wp\/v2\/types\/post"}],"author":[{"embeddable":true,"href":"https:\/\/www.lab.eus\/es\/wp-json\/wp\/v2\/users\/1189"}],"replies":[{"embeddable":true,"href":"https:\/\/www.lab.eus\/es\/wp-json\/wp\/v2\/comments?post=41903"}],"version-history":[{"count":0,"href":"https:\/\/www.lab.eus\/es\/wp-json\/wp\/v2\/posts\/41903\/revisions"}],"wp:featuredmedia":[{"embeddable":true,"href":"https:\/\/www.lab.eus\/es\/wp-json\/wp\/v2\/media\/36761"}],"wp:attachment":[{"href":"https:\/\/www.lab.eus\/es\/wp-json\/wp\/v2\/media?parent=41903"}],"wp:term":[{"taxonomy":"category","embeddable":true,"href":"https:\/\/www.lab.eus\/es\/wp-json\/wp\/v2\/categories?post=41903"},{"taxonomy":"post_tag","embeddable":true,"href":"https:\/\/www.lab.eus\/es\/wp-json\/wp\/v2\/tags?post=41903"}],"curies":[{"name":"wp","href":"https:\/\/api.w.org\/{rel}","templated":true}]}}