{"id":41886,"date":"2022-01-23T12:17:59","date_gmt":"2022-01-23T12:17:59","guid":{"rendered":"https:\/\/www.lab.eus\/?p=41886"},"modified":"2022-01-23T14:29:24","modified_gmt":"2022-01-23T14:29:24","slug":"hemos-tomado-las-calles-en-defensa-de-una-sanidad-publica-de-calidad","status":"publish","type":"post","link":"https:\/\/www.lab.eus\/es\/hemos-tomado-las-calles-en-defensa-de-una-sanidad-publica-de-calidad\/","title":{"rendered":"Hemos tomado las calles en defensa de una sanidad p\u00fablica de calidad"},"content":{"rendered":"\n<p>Sindicatos y trabajadoras y trabajadores de Osakidetza y ciudadan\u00eda hemos mostrado nuestra indignaci\u00f3n en Gasteiz, Bilbo y Donostia por la grave situaci\u00f3n de la sanidad p\u00fablica. Hemos denunciado que el colapso de la atenci\u00f3n primaria y la sobrecarga en los hospitales son consecuencia de un problema estructural previo a la pandemia y hemos exigido soluciones.<\/p>\n\n\n\n<figure class=\"wp-block-embed is-type-rich is-provider-twitter wp-block-embed-twitter\"><div class=\"wp-block-embed__wrapper\">\n<blockquote class=\"twitter-tweet\" data-width=\"550\" data-dnt=\"true\"><p lang=\"es\" dir=\"ltr\">\u25b6\ufe0f <a href=\"https:\/\/twitter.com\/hashtag\/Donostia?src=hash&amp;ref_src=twsrc%5Etfw\">#Donostia<\/a><br>2021\/01\/23<br>?  Osasun publikoa defenda dezagun!<br><br>? Declaraciones de Ana Fran Astigarraga, de <a href=\"https:\/\/twitter.com\/LABosakidetza?ref_src=twsrc%5Etfw\">@LABosakidetza<\/a><a href=\"https:\/\/twitter.com\/hashtag\/OsasungintzaPublikoaDefendatu?src=hash&amp;ref_src=twsrc%5Etfw\">#OsasungintzaPublikoaDefendatu<\/a><a href=\"https:\/\/twitter.com\/hashtag\/PUBLIKOetaINDARTSU?src=hash&amp;ref_src=twsrc%5Etfw\">#PUBLIKOetaINDARTSU<\/a><a href=\"https:\/\/twitter.com\/hashtag\/OsakidetzaBorrokan?src=hash&amp;ref_src=twsrc%5Etfw\">#OsakidetzaBorrokan<\/a> <a href=\"https:\/\/twitter.com\/hashtag\/SOS_Osakidetza?src=hash&amp;ref_src=twsrc%5Etfw\">#SOS_Osakidetza<\/a><a href=\"https:\/\/twitter.com\/hashtag\/Osakidetza?src=hash&amp;ref_src=twsrc%5Etfw\">#Osakidetza<\/a> <a href=\"https:\/\/t.co\/lhEu6e887r\">pic.twitter.com\/lhEu6e887r<\/a><\/p>&mdash; LAB Osakidetza (@LABosakidetza) <a href=\"https:\/\/twitter.com\/LABosakidetza\/status\/1485202034714423298?ref_src=twsrc%5Etfw\">January 23, 2022<\/a><\/blockquote><script async src=\"https:\/\/platform.twitter.com\/widgets.js\" charset=\"utf-8\"><\/script>\n<\/div><\/figure>\n\n\n\n<p>Las manifestaciones llevadas a cabo en las capitales de Araba, Bizkaia y Gipuzkoa han dado continuidad as\u00ed a la din\u00e1mica movilizadora llevada a cabo durante estas semanas para advertir de que la situaci\u00f3n es insostenible. Seg\u00fan hemos remarcado los sindicatos, la actual crisis sanitaria ha agravado a\u00fan m\u00e1s un problema estructural previo a la pandemia. En 2019, las y los trabajadores de atenci\u00f3n primaria secundaron tres jornadas de huelga para denunciar la gravedad de la situaci\u00f3n que se viv\u00eda entonces. En 2022, la situaci\u00f3n ha empeorado.<\/p>\n\n\n\n<p><strong>La pandemia como excusa<\/strong><\/p>\n\n\n\n<p>La pandemia, adem\u00e1s de precarizar a\u00fan m\u00e1s las condiciones de trabajo del colectivo y la calidad asistencial que se ofrece a la ciudadan\u00eda, se ha convertido tambi\u00e9n en una excusa para que Osakidetza aplique recortes y dificulte la accesibilidad de los y las pacientes a la sanidad p\u00fablica. Todo ello, unido a la falta de planificaci\u00f3n y falta de refuerzo e inversi\u00f3n, y al aumento exponencial de la carga de trabajo derivada de la gesti\u00f3n de la pandemia, ha colocado a la atenci\u00f3n primaria contra las cuerdas. La estrategia programada de desmantelamiento de la primaria sigue su curso mientras Osakidetza contin\u00faa utilizando la COVID 19 para tapar un d\u00e9ficit estructural.<\/p>\n\n\n\n<p>Solo as\u00ed se entiende que, casi dos a\u00f1os despu\u00e9s de la primera ola, se haya afrontado la sexta con una flagrante falta de medios, de organizaci\u00f3n y de planificaci\u00f3n; que hace apenas unos meses Osakidetza decidiera prescindir de 4.000 profesionales; que se haya exigido al personal residente trabajar gratis; que la plantilla soporte una tasa de temporalidad que roza el 60%; que se hayan desmantelado los equipos de vacunaci\u00f3n y rastreo; que no se sustituyan bajas, vacaciones y otras ausencias; que, cuando los contagios baten r\u00e9cords, se decida restringir los horarios de centros de atenci\u00f3n primaria. Y as\u00ed un largo etc\u00e9tera.<\/p>\n\n\n\n<p>La atenci\u00f3n hospitalaria tampoco se libra de estos problemas estructurales. Las UCIs est\u00e1n muy tensionadas, las cargas de trabajo son extenuantes; igual que lo son la escasez de la plantilla y la alta rotaci\u00f3n de trabajadores y trabajadoras. Un buen reflejo de esta situaci\u00f3n son los servicios de urgencias, que acusan un aumento importante de la carga de trabajo derivada del colapso de la atenci\u00f3n primaria.<\/p>\n\n\n\n<p>Desgraciadamente, y a pesar de lo alarmante de la situaci\u00f3n, el Gobierno Vasco no est\u00e1 dando pasos para solucionar los graves problemas se\u00f1alados. <\/p>\n\n\n\n<p>Es urgente aumentar el presupuesto de Osakidetza hasta llegar a la media de la Uni\u00f3n Europea (7% del PIB), destinando un 25% del mismo a la atenci\u00f3n primaria; reforzar de manera inmediata las plantillas y dotarlas de recursos humanos suficientes en todas las categor\u00edas con la creaci\u00f3n miles de plazas para consolidar a los miles de trabajadores y trabajadoras temporales, terminar con la contrataci\u00f3n temporal abusiva y racionalizar las cargas de trabajo; adem\u00e1s es de imperiosa necesidad sustituir todas las ausencias desde el primer d\u00eda; en definitiva, una estrategia encaminada a priorizar y reforzar la sanidad p\u00fablica y en especial la atenci\u00f3n primaria, en contraposici\u00f3n con el desmantelamiento programado al que lleva sometida m\u00e1s de una d\u00e9cada.<\/p>\n\n\n\n<figure class=\"wp-block-gallery columns-3 is-cropped wp-block-gallery-1 is-layout-flex wp-block-gallery-is-layout-flex\"><ul class=\"blocks-gallery-grid\"><li class=\"blocks-gallery-item\"><figure><img loading=\"lazy\" decoding=\"async\" width=\"1024\" height=\"768\" src=\"https:\/\/www.lab.eus\/wp-content\/uploads\/2022\/01\/20220123_152159-1024x768.jpg\" alt=\"\" data-id=\"41963\" data-full-url=\"https:\/\/www.lab.eus\/wp-content\/uploads\/2022\/01\/20220123_152159.jpg\" data-link=\"https:\/\/www.lab.eus\/es\/hemos-tomado-las-calles-en-defensa-de-una-sanidad-publica-de-calidad\/20220123_152159-2\/\" class=\"wp-image-41963\" srcset=\"https:\/\/www.lab.eus\/wp-content\/uploads\/2022\/01\/20220123_152159-1024x768.jpg 1024w, https:\/\/www.lab.eus\/wp-content\/uploads\/2022\/01\/20220123_152159-300x225.jpg 300w, https:\/\/www.lab.eus\/wp-content\/uploads\/2022\/01\/20220123_152159-768x576.jpg 768w, https:\/\/www.lab.eus\/wp-content\/uploads\/2022\/01\/20220123_152159-1536x1152.jpg 1536w, https:\/\/www.lab.eus\/wp-content\/uploads\/2022\/01\/20220123_152159-150x113.jpg 150w, https:\/\/www.lab.eus\/wp-content\/uploads\/2022\/01\/20220123_152159-696x522.jpg 696w, https:\/\/www.lab.eus\/wp-content\/uploads\/2022\/01\/20220123_152159-1068x801.jpg 1068w, https:\/\/www.lab.eus\/wp-content\/uploads\/2022\/01\/20220123_152159-560x420.jpg 560w, https:\/\/www.lab.eus\/wp-content\/uploads\/2022\/01\/20220123_152159-80x60.jpg 80w, https:\/\/www.lab.eus\/wp-content\/uploads\/2022\/01\/20220123_152159-265x198.jpg 265w, https:\/\/www.lab.eus\/wp-content\/uploads\/2022\/01\/20220123_152159.jpg 1638w\" sizes=\"auto, (max-width: 1024px) 100vw, 1024px\" \/><\/figure><\/li><li class=\"blocks-gallery-item\"><figure><img loading=\"lazy\" decoding=\"async\" width=\"1024\" height=\"768\" src=\"https:\/\/www.lab.eus\/wp-content\/uploads\/2022\/01\/20220123_152226-1024x768.jpg\" alt=\"\" data-id=\"41961\" data-full-url=\"https:\/\/www.lab.eus\/wp-content\/uploads\/2022\/01\/20220123_152226.jpg\" data-link=\"https:\/\/www.lab.eus\/es\/hemos-tomado-las-calles-en-defensa-de-una-sanidad-publica-de-calidad\/20220123_152226-2\/\" class=\"wp-image-41961\" srcset=\"https:\/\/www.lab.eus\/wp-content\/uploads\/2022\/01\/20220123_152226-1024x768.jpg 1024w, https:\/\/www.lab.eus\/wp-content\/uploads\/2022\/01\/20220123_152226-300x225.jpg 300w, https:\/\/www.lab.eus\/wp-content\/uploads\/2022\/01\/20220123_152226-768x576.jpg 768w, https:\/\/www.lab.eus\/wp-content\/uploads\/2022\/01\/20220123_152226-150x113.jpg 150w, https:\/\/www.lab.eus\/wp-content\/uploads\/2022\/01\/20220123_152226-696x522.jpg 696w, https:\/\/www.lab.eus\/wp-content\/uploads\/2022\/01\/20220123_152226-1068x801.jpg 1068w, https:\/\/www.lab.eus\/wp-content\/uploads\/2022\/01\/20220123_152226-560x420.jpg 560w, https:\/\/www.lab.eus\/wp-content\/uploads\/2022\/01\/20220123_152226-80x60.jpg 80w, https:\/\/www.lab.eus\/wp-content\/uploads\/2022\/01\/20220123_152226-265x198.jpg 265w, https:\/\/www.lab.eus\/wp-content\/uploads\/2022\/01\/20220123_152226.jpg 1280w\" sizes=\"auto, (max-width: 1024px) 100vw, 1024px\" \/><\/figure><\/li><li class=\"blocks-gallery-item\"><figure><img loading=\"lazy\" decoding=\"async\" width=\"1024\" height=\"768\" src=\"https:\/\/www.lab.eus\/wp-content\/uploads\/2022\/01\/20220123_152325-1024x768.jpg\" alt=\"\" data-id=\"41959\" data-full-url=\"https:\/\/www.lab.eus\/wp-content\/uploads\/2022\/01\/20220123_152325.jpg\" data-link=\"https:\/\/www.lab.eus\/es\/hemos-tomado-las-calles-en-defensa-de-una-sanidad-publica-de-calidad\/20220123_152325-2\/\" class=\"wp-image-41959\" srcset=\"https:\/\/www.lab.eus\/wp-content\/uploads\/2022\/01\/20220123_152325-1024x768.jpg 1024w, https:\/\/www.lab.eus\/wp-content\/uploads\/2022\/01\/20220123_152325-300x225.jpg 300w, https:\/\/www.lab.eus\/wp-content\/uploads\/2022\/01\/20220123_152325-768x576.jpg 768w, https:\/\/www.lab.eus\/wp-content\/uploads\/2022\/01\/20220123_152325-1536x1152.jpg 1536w, https:\/\/www.lab.eus\/wp-content\/uploads\/2022\/01\/20220123_152325-150x113.jpg 150w, https:\/\/www.lab.eus\/wp-content\/uploads\/2022\/01\/20220123_152325-696x522.jpg 696w, https:\/\/www.lab.eus\/wp-content\/uploads\/2022\/01\/20220123_152325-1068x801.jpg 1068w, https:\/\/www.lab.eus\/wp-content\/uploads\/2022\/01\/20220123_152325-1920x1440.jpg 1920w, https:\/\/www.lab.eus\/wp-content\/uploads\/2022\/01\/20220123_152325-560x420.jpg 560w, https:\/\/www.lab.eus\/wp-content\/uploads\/2022\/01\/20220123_152325-80x60.jpg 80w, https:\/\/www.lab.eus\/wp-content\/uploads\/2022\/01\/20220123_152325-265x198.jpg 265w, https:\/\/www.lab.eus\/wp-content\/uploads\/2022\/01\/20220123_152325.jpg 2048w\" sizes=\"auto, (max-width: 1024px) 100vw, 1024px\" \/><\/figure><\/li><\/ul><\/figure>\n","protected":false},"excerpt":{"rendered":"<p>Sindicatos y trabajadoras y trabajadores de Osakidetza y ciudadan\u00eda hemos mostrado nuestra indignaci\u00f3n en Gasteiz, Bilbo y Donostia por la grave situaci\u00f3n de la sanidad p\u00fablica. Hemos denunciado que el colapso de la atenci\u00f3n primaria y la sobrecarga en los hospitales son consecuencia de un problema estructural previo a la pandemia y hemos exigido soluciones.<\/p>\n","protected":false},"author":1189,"featured_media":41954,"comment_status":"closed","ping_status":"closed","sticky":false,"template":"","format":"standard","meta":{"_monsterinsights_skip_tracking":false,"_monsterinsights_sitenote_active":false,"_monsterinsights_sitenote_note":"","_monsterinsights_sitenote_category":0,"footnotes":"","_links_to":"","_links_to_target":""},"categories":[18,3097,6],"tags":[3033,3178,3195,3100,3171],"class_list":{"0":"post-41886","1":"post","2":"type-post","3":"status-publish","4":"format-standard","5":"has-post-thumbnail","7":"category-es-accion-sindical","8":"category-sanidad","9":"category-es-servicios-publicos","10":"tag-accion-sindical-es","11":"tag-destacado-1","12":"tag-osakidetza-es","13":"tag-sanidad-es","14":"tag-servicios-publicos-es"},"_links":{"self":[{"href":"https:\/\/www.lab.eus\/es\/wp-json\/wp\/v2\/posts\/41886","targetHints":{"allow":["GET"]}}],"collection":[{"href":"https:\/\/www.lab.eus\/es\/wp-json\/wp\/v2\/posts"}],"about":[{"href":"https:\/\/www.lab.eus\/es\/wp-json\/wp\/v2\/types\/post"}],"author":[{"embeddable":true,"href":"https:\/\/www.lab.eus\/es\/wp-json\/wp\/v2\/users\/1189"}],"replies":[{"embeddable":true,"href":"https:\/\/www.lab.eus\/es\/wp-json\/wp\/v2\/comments?post=41886"}],"version-history":[{"count":0,"href":"https:\/\/www.lab.eus\/es\/wp-json\/wp\/v2\/posts\/41886\/revisions"}],"wp:featuredmedia":[{"embeddable":true,"href":"https:\/\/www.lab.eus\/es\/wp-json\/wp\/v2\/media\/41954"}],"wp:attachment":[{"href":"https:\/\/www.lab.eus\/es\/wp-json\/wp\/v2\/media?parent=41886"}],"wp:term":[{"taxonomy":"category","embeddable":true,"href":"https:\/\/www.lab.eus\/es\/wp-json\/wp\/v2\/categories?post=41886"},{"taxonomy":"post_tag","embeddable":true,"href":"https:\/\/www.lab.eus\/es\/wp-json\/wp\/v2\/tags?post=41886"}],"curies":[{"name":"wp","href":"https:\/\/api.w.org\/{rel}","templated":true}]}}