{"id":41661,"date":"2022-01-14T08:53:59","date_gmt":"2022-01-14T08:53:59","guid":{"rendered":"https:\/\/www.lab.eus\/?p=41661"},"modified":"2022-01-14T08:54:01","modified_gmt":"2022-01-14T08:54:01","slug":"las-empresas-de-comedores-escolares-de-la-cav-no-estan-sustituyendo-a-las-trabajadoras-en-situacion-de-baja-medica-a-causa-del-covid-19","status":"publish","type":"post","link":"https:\/\/www.lab.eus\/es\/las-empresas-de-comedores-escolares-de-la-cav-no-estan-sustituyendo-a-las-trabajadoras-en-situacion-de-baja-medica-a-causa-del-covid-19\/","title":{"rendered":"Las empresas de comedores escolares de la CAV no est\u00e1n sustituyendo a las trabajadoras en situaci\u00f3n de baja m\u00e9dica a causa del COVID-19"},"content":{"rendered":"\n<p>Son innumerables las trabajadoras comedores escolares que a causa del COVID-19 est\u00e1n en situaci\u00f3n de baja m\u00e9dica y no est\u00e1n siendo sustituidas. Entendemos la excepcionalidad del momento que estamos viviendo, pero desde luego tenemos muy claro que las trabajadoras no pueden pagar con su salud la nefasta gesti\u00f3n que la Consejera de Sanidad Gotzone Sagardui y el Consejero de Educaci\u00f3n Jokin Bildarratz est\u00e1n haciendo de la situaci\u00f3n actual de los centros educativos a consecuencia de la pandemia.<\/p>\n\n\n\n<p>Las trabajadoras de comedores escolares son nuevamente las olvidadas del Departamento de Educaci\u00f3n y de las diferentes patronales educativas. Ellas tambi\u00e9n son trabajadoras del sector educativo y aunque sean personal subcontratado, le corresponde al Departamento de Educaci\u00f3n del Gobierno Vasco garantizar que el comedor escolar sea un lugar seguro tanto para las trabajadoras como para el alumnado.<\/p>\n\n\n\n<p>En la nueva actualizaci\u00f3n del protocolo para los centros educativos de la CAV han vuelto a establecer los \u201cgrupos burbuja\u201d que, junto con la falta de personal, suponen que una misma monitora tenga que atender a dos o m\u00e1s grupos burbuja, tanto en el per\u00edodo de comedor como en el de recreo.<\/p>\n\n\n\n<p>Dicho esto, desde el sindicato LAB exigimos al Consejero de Educaci\u00f3n Jokin Bildarratz que obligue a las empresas que gestionan los comedores escolares a garantizar las sustituciones de las bajas por COVID-19 de todas las trabajadoras y que ponga todos los medios posibles para que se pueda dar un servicio seguro y de calidad.<\/p>\n","protected":false},"excerpt":{"rendered":"<p>Exigimos al Consejero de Educaci\u00f3n Jokin Bildarratz que obligue a las empresas a garantizar las sustituciones y que ponga todos los medios posibles para que se pueda dar un servicio seguro y de calidad.<\/p>\n","protected":false},"author":1189,"featured_media":30494,"comment_status":"closed","ping_status":"closed","sticky":false,"template":"","format":"standard","meta":{"_monsterinsights_skip_tracking":false,"_monsterinsights_sitenote_active":false,"_monsterinsights_sitenote_note":"","_monsterinsights_sitenote_category":0,"footnotes":"","_links_to":"","_links_to_target":""},"categories":[2990,8,6],"tags":[3178,3266,3172,3171],"class_list":{"0":"post-41661","1":"post","2":"type-post","3":"status-publish","4":"format-standard","5":"has-post-thumbnail","7":"category-educacion","8":"category-es-servicios-privados","9":"category-es-servicios-publicos","10":"tag-destacado-1","11":"tag-educacion-es","12":"tag-servicios-privados-es","13":"tag-servicios-publicos-es"},"_links":{"self":[{"href":"https:\/\/www.lab.eus\/es\/wp-json\/wp\/v2\/posts\/41661","targetHints":{"allow":["GET"]}}],"collection":[{"href":"https:\/\/www.lab.eus\/es\/wp-json\/wp\/v2\/posts"}],"about":[{"href":"https:\/\/www.lab.eus\/es\/wp-json\/wp\/v2\/types\/post"}],"author":[{"embeddable":true,"href":"https:\/\/www.lab.eus\/es\/wp-json\/wp\/v2\/users\/1189"}],"replies":[{"embeddable":true,"href":"https:\/\/www.lab.eus\/es\/wp-json\/wp\/v2\/comments?post=41661"}],"version-history":[{"count":0,"href":"https:\/\/www.lab.eus\/es\/wp-json\/wp\/v2\/posts\/41661\/revisions"}],"wp:featuredmedia":[{"embeddable":true,"href":"https:\/\/www.lab.eus\/es\/wp-json\/wp\/v2\/media\/30494"}],"wp:attachment":[{"href":"https:\/\/www.lab.eus\/es\/wp-json\/wp\/v2\/media?parent=41661"}],"wp:term":[{"taxonomy":"category","embeddable":true,"href":"https:\/\/www.lab.eus\/es\/wp-json\/wp\/v2\/categories?post=41661"},{"taxonomy":"post_tag","embeddable":true,"href":"https:\/\/www.lab.eus\/es\/wp-json\/wp\/v2\/tags?post=41661"}],"curies":[{"name":"wp","href":"https:\/\/api.w.org\/{rel}","templated":true}]}}