{"id":41601,"date":"2022-01-13T10:53:10","date_gmt":"2022-01-13T10:53:10","guid":{"rendered":"https:\/\/www.lab.eus\/?p=41601"},"modified":"2022-01-14T11:17:00","modified_gmt":"2022-01-14T11:17:00","slug":"trabajadoras-y-trabajadores-imputados-reclaman-que-luchar-por-condiciones-laborales-dignas-no-es-delito","status":"publish","type":"post","link":"https:\/\/www.lab.eus\/es\/trabajadoras-y-trabajadores-imputados-reclaman-que-luchar-por-condiciones-laborales-dignas-no-es-delito\/","title":{"rendered":"Trabajadoras y trabajadores imputados reclaman que luchar por condiciones laborales dignas no es delito"},"content":{"rendered":"\n<p>Trabajadores y trabajadoras denunciadas en diferentes conflictos de los \u00faltimos meses, tales como las huelgas por el convenio del metal de Bizkaia y las luchas en Tubacex, PCB o Petronor, han comparecido con el apoyo de sindicatos, entre ellos, LAB. Han presentado un manifiesto y han informado sobre las iniciativas que llevar\u00e1n a cabo de ahora en adelante, entre otras, la concentraci\u00f3n prevista para el pr\u00f3ximo 25 de enero ante la Audiencia Provincial de Bilbo.<\/p>\n\n\n\n<p><strong>Comunicado de las y trabajadores:<\/strong><\/p>\n\n\n\n<p>Los y las trabajadoras imputadas por los conflictos del Metal de Bizkaia, PCB, Tubacex y Petronor y los sindicatos CCOO, LAB, ESK, CNT y CGT queremos manifestar lo siguiente:<\/p>\n\n\n\n<p>Como consecuencia de las luchas del Metal de Bizkaia, de PCB, de Tubacex y de Petronor, han sido numerosas las personas trabajadoras apaleadas, imputadas y sancionadas con multas econ\u00f3micas. Algunas de estas personas est\u00e1n a la espera de juicio con peticiones de penas de c\u00e1rcel muy altas.&nbsp;<\/p>\n\n\n\n<p>Queremos denunciar que tras todas estas acusaciones, lo que se esconde es un intento de criminalizar la lucha de la clase trabajadora, criminalizar el sindicalismo, criminalizar el derecho a la huelga, en definitiva, criminalizar cualquier intento de lucha en defensa de unas condiciones de trabajo y de vida dignas.&nbsp;<\/p>\n\n\n\n<p>Este intento de criminalizaci\u00f3n no es casual, es consecuencia de una decisi\u00f3n pol\u00edtica. Esta decisi\u00f3n ha venido de la mano de las instituciones, especialmente, del Gobierno Vasco. En todos los conflictos, la primera aportaci\u00f3n del Gobierno Vasco ha sido mandar a la Ertzaintza a reprimir protestas, apaleando, deteniendo bajo falsas acusaciones y aplicando la Ley Mordaza a numerosos trabajadores y trabajadoras. El Gobierno Vasco deber\u00eda priorizar el tener una mayoraportaci\u00f3n e implicaci\u00f3n para que en las mesas de negociaci\u00f3n haya un equilibrio real entre ambas partes.<\/p>\n\n\n\n<p>En todo este tiempo, el Gobierno Vasco no ha buscado proteger a los trabajadores y trabajadoras del metal de Bizkaia, de PCB, de Tubacex y de Petronor, cuando \u00e9stas empresas pusieron los EREs o ERTEs encima de la mesa, cuando luego, incluso, hubo sentencias judiciales contrarias a estos EREs y ERTEs. Tampoco lo hemos visto defender a los trabajadores y trabajadoras que han sido amenazadas para que no secunden la huelga. Tampoco lo hemos visto ni lo vemos junto a trabajadores y trabajadoras que a diario ven vulnerados sus derechos laborales o viven inmersas en la precariedad, que a veces, pierden la salud y demasiadas veces, la vida. Tampoco hemos visto a ninguna patronal sufriendo detenciones o enfrent\u00e1ndose a un juicio ante la sangr\u00eda incesante de accidentes laborales y muertes por falta de medidas de prevenci\u00f3n, o por imponer situaciones de precariedad totalmente abusivas. Act\u00faan con total impunidad porque alguien lo permite.<\/p>\n\n\n\n<p>Todas las personas apaleadas, multadas o imputadas, solo hemos defendido el empleo y las condiciones laborales propias y de todos y todas nuestras compa\u00f1eras. La lucha es el \u00fanico mecanismo que tenemos los y las trabajadoras para hacer frente a la imposici\u00f3n, a la precariedad y a la pobreza, y poder tener mayor capacidad de presi\u00f3n en la negociaci\u00f3n frente a las patronales. La patronal tiene las leyes y a los gobiernos de su parte. Los y las trabajadoras solo tenemos la lucha como herramienta leg\u00edtima para defender y conquistar derechos para la clase trabajadora, y poder incidir en el cambio de estas leyes.<\/p>\n\n\n\n<p>Por ello, decimos alto y claro que la lucha sindical nunca puede ser un delito, como se ha demostrado en numerosas luchas, tras las cuales se han conseguido equilibrar las fuerzas en las negociaciones, y poder as\u00ed conseguir mejores condiciones y derechos para el conjunto de los y las trabajadoras.<\/p>\n\n\n\n<p>Por este motivo, el colectivo de imputados e imputadas vamos a solicitar una reuni\u00f3n a los departamentos de Empleo y de Seguridad del Gobierno Vasco para exigirles que dejen de criminalizar la lucha obrera, resit\u00faen su posici\u00f3n con respecto a las luchas de trabajadores y&nbsp;trabajadorasen Euskal Herria, y dejen sin efecto las multas y denuncias interpuestas en la huelga del metal de Bizkaia, en Tubacex, en PCB, en Petronor y en cualquier otro conflicto laboral.&nbsp;<\/p>\n\n\n\n<p>Tambi\u00e9n vamos a iniciar una din\u00e1mica con el objetivo de recabar el mayor n\u00famero de adhesiones posibles a estas peticiones y a este manifiesto, tanto en el \u00e1mbito laboral como en el \u00e1mbito social.<\/p>\n\n\n\n<p>Ademas realizaremos diferentes movilizaciones, la primera de ellas el 25 de enero. Ese d\u00eda, 3 trabajadores del metal ser\u00e1n juzgados injustamente por defender sus derechos y unas condiciones de trabajo dignas. Hacemos un llamamiento a participar en esa movilizaci\u00f3n que se realizar\u00e1 a las 12:30 frente a la Audiencia Provincial en la c\/Barroeta Aldamar.&nbsp;<\/p>\n","protected":false},"excerpt":{"rendered":"<p>Trabajadores y trabajadoras denunciadas en diferentes conflictos, tales como las huelgas por el convenio del metal de Bizkaia y las luchas en Tubacex, PCB o Petronor, han comparecido con el apoyo de sindicatos, entre ellos, LAB. Han presentado un manifiesto y han informado sobre las iniciativas que llevar\u00e1n a cabo de ahora en adelante, entre otras, la concentraci\u00f3n prevista para el pr\u00f3ximo 25 de enero ante la Audiencia Privincial de Bilbo.<\/p>\n","protected":false},"author":1189,"featured_media":41610,"comment_status":"closed","ping_status":"closed","sticky":false,"template":"","format":"standard","meta":{"_monsterinsights_skip_tracking":false,"_monsterinsights_sitenote_active":false,"_monsterinsights_sitenote_note":"","_monsterinsights_sitenote_category":0,"footnotes":"","_links_to":"","_links_to_target":""},"categories":[18,321,2868,3283],"tags":[3033,3178,2996],"class_list":{"0":"post-41601","1":"post","2":"type-post","3":"status-publish","4":"format-standard","5":"has-post-thumbnail","7":"category-es-accion-sindical","8":"category-es-acoso-sindical","9":"category-industria-es","10":"category-sin-categorizar","11":"tag-accion-sindical-es","12":"tag-destacado-1","13":"tag-industria-es"},"_links":{"self":[{"href":"https:\/\/www.lab.eus\/es\/wp-json\/wp\/v2\/posts\/41601","targetHints":{"allow":["GET"]}}],"collection":[{"href":"https:\/\/www.lab.eus\/es\/wp-json\/wp\/v2\/posts"}],"about":[{"href":"https:\/\/www.lab.eus\/es\/wp-json\/wp\/v2\/types\/post"}],"author":[{"embeddable":true,"href":"https:\/\/www.lab.eus\/es\/wp-json\/wp\/v2\/users\/1189"}],"replies":[{"embeddable":true,"href":"https:\/\/www.lab.eus\/es\/wp-json\/wp\/v2\/comments?post=41601"}],"version-history":[{"count":0,"href":"https:\/\/www.lab.eus\/es\/wp-json\/wp\/v2\/posts\/41601\/revisions"}],"wp:featuredmedia":[{"embeddable":true,"href":"https:\/\/www.lab.eus\/es\/wp-json\/wp\/v2\/media\/41610"}],"wp:attachment":[{"href":"https:\/\/www.lab.eus\/es\/wp-json\/wp\/v2\/media?parent=41601"}],"wp:term":[{"taxonomy":"category","embeddable":true,"href":"https:\/\/www.lab.eus\/es\/wp-json\/wp\/v2\/categories?post=41601"},{"taxonomy":"post_tag","embeddable":true,"href":"https:\/\/www.lab.eus\/es\/wp-json\/wp\/v2\/tags?post=41601"}],"curies":[{"name":"wp","href":"https:\/\/api.w.org\/{rel}","templated":true}]}}