{"id":41554,"date":"2022-01-12T09:12:20","date_gmt":"2022-01-12T09:12:20","guid":{"rendered":"https:\/\/www.lab.eus\/?p=41554"},"modified":"2022-01-12T09:14:02","modified_gmt":"2022-01-12T09:14:02","slug":"gracias-a-nuestra-lucha-servyrest-tendra-que-aplicar-a-sus-trabajadoras-el-convenio-de-intervencion-social-de-bizkaia-mejorando-asi-sus-condiciones-laborales","status":"publish","type":"post","link":"https:\/\/www.lab.eus\/es\/gracias-a-nuestra-lucha-servyrest-tendra-que-aplicar-a-sus-trabajadoras-el-convenio-de-intervencion-social-de-bizkaia-mejorando-asi-sus-condiciones-laborales\/","title":{"rendered":"Gracias a nuestra lucha, Servyrest tendr\u00e1 que aplicar a sus trabajadoras el convenio de intervenci\u00f3n social de Bizkaia, mejorando as\u00ed sus condiciones laborales #LortuDugu"},"content":{"rendered":"\n<p>El Tribunal Supremo <a href=\"https:\/\/www.lab.eus\/es\/el-tsj-determina-que-a-las-y-los-trabajadores-de-servyrest-se-les-tiene-que-aplicar-el-convenio-de-intervencion-social\/\">ha ratificado la sentencia del Tribunal Superior de Justicia del Pa\u00eds Vasco<\/a> que obliga a la empresa Servyrest, dedicada a la restauraci\u00f3n colectiva y otros servicios en educaci\u00f3n y que cuenta con 800 trabajadoras, a aplicar a las trabajadoras el convenio de intervenci\u00f3n social de Bizkaia.<\/p>\n\n\n\n<p>Hace dos a\u00f1os el sindicato, LAB decidi\u00f3 empezar esta lucha para mejorar las condiciones laborales de las trabajadoras de esta empresa y lo ha conseguido. Servyrest tendr\u00e1 que aplicar el convenio de Intervenci\u00f3n Social de Bizkaia a todas las trabajadoras. De nuevo, el sindicato LAB ha dado un giro muy positivo a un sector que se caracteriza por condiciones laborales precarias.<\/p>\n\n\n\n<p>El sindicato LAB ha estado en todo momento dispuesto a acordar paulatinamente la aplicaci\u00f3n total del convenio de Intervenci\u00f3n Social de Bizkaia y la empresa ha hecho o\u00eddos sordos a ello. Pues bien, ahora est\u00e1 obligada a aplicar el convenio de Intervenci\u00f3n Social de Bizkaia desde enero de 2020.<\/p>\n\n\n\n<p>Otros se han querido beneficiar del trabajo realizado por el sindicato LAB, no informando bien a las trabajadoras e implic\u00e1ndolas en m\u00e1s demandas judiciales sin necesidad de ello.<\/p>\n\n\n\n<p>La empresa ha ganado mucho dinero a costa de las trabajadoras. Ahora, sus condiciones laborales mejorar\u00e1n mucho.<\/p>\n","protected":false},"excerpt":{"rendered":"<p>Se trata de una empresa dedicada a la restauraci\u00f3n colectiva y otros servicios en educaci\u00f3n ycuenta con 800 trabajadoras.<\/p>\n","protected":false},"author":1189,"featured_media":41555,"comment_status":"closed","ping_status":"closed","sticky":false,"template":"","format":"standard","meta":{"_monsterinsights_skip_tracking":false,"_monsterinsights_sitenote_active":false,"_monsterinsights_sitenote_note":"","_monsterinsights_sitenote_category":0,"footnotes":"","_links_to":"","_links_to_target":""},"categories":[18,8],"tags":[3033,3179,3172],"class_list":{"0":"post-41554","1":"post","2":"type-post","3":"status-publish","4":"format-standard","5":"has-post-thumbnail","7":"category-es-accion-sindical","8":"category-es-servicios-privados","9":"tag-accion-sindical-es","10":"tag-destacado-2","11":"tag-servicios-privados-es"},"_links":{"self":[{"href":"https:\/\/www.lab.eus\/es\/wp-json\/wp\/v2\/posts\/41554","targetHints":{"allow":["GET"]}}],"collection":[{"href":"https:\/\/www.lab.eus\/es\/wp-json\/wp\/v2\/posts"}],"about":[{"href":"https:\/\/www.lab.eus\/es\/wp-json\/wp\/v2\/types\/post"}],"author":[{"embeddable":true,"href":"https:\/\/www.lab.eus\/es\/wp-json\/wp\/v2\/users\/1189"}],"replies":[{"embeddable":true,"href":"https:\/\/www.lab.eus\/es\/wp-json\/wp\/v2\/comments?post=41554"}],"version-history":[{"count":0,"href":"https:\/\/www.lab.eus\/es\/wp-json\/wp\/v2\/posts\/41554\/revisions"}],"wp:featuredmedia":[{"embeddable":true,"href":"https:\/\/www.lab.eus\/es\/wp-json\/wp\/v2\/media\/41555"}],"wp:attachment":[{"href":"https:\/\/www.lab.eus\/es\/wp-json\/wp\/v2\/media?parent=41554"}],"wp:term":[{"taxonomy":"category","embeddable":true,"href":"https:\/\/www.lab.eus\/es\/wp-json\/wp\/v2\/categories?post=41554"},{"taxonomy":"post_tag","embeddable":true,"href":"https:\/\/www.lab.eus\/es\/wp-json\/wp\/v2\/tags?post=41554"}],"curies":[{"name":"wp","href":"https:\/\/api.w.org\/{rel}","templated":true}]}}