{"id":41543,"date":"2022-01-11T14:26:51","date_gmt":"2022-01-11T14:26:51","guid":{"rendered":"https:\/\/www.lab.eus\/?p=41543"},"modified":"2022-01-11T14:27:10","modified_gmt":"2022-01-11T14:27:10","slug":"un-directivo-de-fcc-atropello-a-un-trabajador-durante-la-huelga-del-17-de-diciembre","status":"publish","type":"post","link":"https:\/\/www.lab.eus\/es\/un-directivo-de-fcc-atropello-a-un-trabajador-durante-la-huelga-del-17-de-diciembre\/","title":{"rendered":"Un directivo de FCC atropell\u00f3 a un trabajador durante la huelga del 17 de diciembre"},"content":{"rendered":"\n<p>El sindicato LAB quiere denunciar p\u00fablicamente que a d\u00eda de hoy la empresa FCC, responsable de la limpieza de las calles de Pamplona, todav\u00eda no se ha puesto en contacto con el trabajador que fue atropellado por un directivo de la empresa durante la jornada de huelga del pasado 17 de diciembre. El trabajador est\u00e1 de baja desde entonces.<\/p>\n\n\n\n<p>El 17 de diciembre de 2021 fue d\u00eda de huelga en la empresa FCC que se encarga de la limpieza viaria en Pamplona, convocada por los sindicatos LAB, UGT, ATSU y CCOO por, entre otras cosas, el desbloqueo de la negociaci\u00f3n del convenio. Desde la 5:30 de la ma\u00f1ana y de manera pac\u00edfica se realizaron piquetes informativos delante de la nave de la empresa, situada en el pol\u00edgono Lanbaben. Durante el piquete, un trabajador fue atropellado voluntariamente por un directivo de FCC que iba con el coche de la empresa.<\/p>\n\n\n\n<p>Tras el atropello, el directivo de FCC se baj\u00f3 del coche e insult\u00f3 al trabajador:&nbsp;\u201cTe tendr\u00eda que haber pasado por encima puto vago, que no has trabajado en tu puta vida\u201d. Acto seguido empuj\u00f3 al delegado del sindicato LAB en el Comit\u00e9 de Empresa que intentaba tranquilizar la situaci\u00f3n.<\/p>\n\n\n\n<p>El trabajador atropellado, con 32 a\u00f1os de antig\u00fcedad en la empresa FCC, fue llevado a urgencias por los delegados del Comit\u00e9. El mismo directivo obstaculiz\u00f3 en varias ocasiones el coche que llevaba al atropellado.<\/p>\n\n\n\n<p>A d\u00eda de hoy, el trabajador se encuentra de baja con varias lesiones en la espalda que le han incapacitado y por las que empezar\u00e1 una larga rehabilitaci\u00f3n. LAB quiere denunciar que FCC todav\u00eda no se ha puesto en contacto con el trabajador para saber qu\u00e9 tal se encuentra -incluso se est\u00e1 contando una versi\u00f3n de la historia totalmente falsa-, y le exige que tome las medidas oportunas lo antes posible.<\/p>\n","protected":false},"excerpt":{"rendered":"<p>Tras el atropello, el directivo de FCC se baj\u00f3 del coche e insult\u00f3 al trabajador: \u00abTe tendr\u00eda que haber pasado por encima, puto vago, que no has trabajado en tu puta vida\u00bb.<\/p>\n","protected":false},"author":1189,"featured_media":41540,"comment_status":"closed","ping_status":"closed","sticky":false,"template":"","format":"standard","meta":{"_monsterinsights_skip_tracking":false,"_monsterinsights_sitenote_active":false,"_monsterinsights_sitenote_note":"","_monsterinsights_sitenote_category":0,"footnotes":"","_links_to":"","_links_to_target":""},"categories":[18,2944,8],"tags":[3033,3178,3172],"class_list":{"0":"post-41543","1":"post","2":"type-post","3":"status-publish","4":"format-standard","5":"has-post-thumbnail","7":"category-es-accion-sindical","8":"category-limpieza","9":"category-es-servicios-privados","10":"tag-accion-sindical-es","11":"tag-destacado-1","12":"tag-servicios-privados-es"},"_links":{"self":[{"href":"https:\/\/www.lab.eus\/es\/wp-json\/wp\/v2\/posts\/41543","targetHints":{"allow":["GET"]}}],"collection":[{"href":"https:\/\/www.lab.eus\/es\/wp-json\/wp\/v2\/posts"}],"about":[{"href":"https:\/\/www.lab.eus\/es\/wp-json\/wp\/v2\/types\/post"}],"author":[{"embeddable":true,"href":"https:\/\/www.lab.eus\/es\/wp-json\/wp\/v2\/users\/1189"}],"replies":[{"embeddable":true,"href":"https:\/\/www.lab.eus\/es\/wp-json\/wp\/v2\/comments?post=41543"}],"version-history":[{"count":0,"href":"https:\/\/www.lab.eus\/es\/wp-json\/wp\/v2\/posts\/41543\/revisions"}],"wp:featuredmedia":[{"embeddable":true,"href":"https:\/\/www.lab.eus\/es\/wp-json\/wp\/v2\/media\/41540"}],"wp:attachment":[{"href":"https:\/\/www.lab.eus\/es\/wp-json\/wp\/v2\/media?parent=41543"}],"wp:term":[{"taxonomy":"category","embeddable":true,"href":"https:\/\/www.lab.eus\/es\/wp-json\/wp\/v2\/categories?post=41543"},{"taxonomy":"post_tag","embeddable":true,"href":"https:\/\/www.lab.eus\/es\/wp-json\/wp\/v2\/tags?post=41543"}],"curies":[{"name":"wp","href":"https:\/\/api.w.org\/{rel}","templated":true}]}}