{"id":41532,"date":"2022-01-11T12:35:19","date_gmt":"2022-01-11T12:35:19","guid":{"rendered":"https:\/\/www.lab.eus\/?p=41532"},"modified":"2022-01-11T12:35:22","modified_gmt":"2022-01-11T12:35:22","slug":"nos-hemos-concentrado-ante-el-parlamento-de-nafarroa-en-visperas-de-la-huelga-del-sector-de-atencion-a-las-personas-mayores","status":"publish","type":"post","link":"https:\/\/www.lab.eus\/es\/nos-hemos-concentrado-ante-el-parlamento-de-nafarroa-en-visperas-de-la-huelga-del-sector-de-atencion-a-las-personas-mayores\/","title":{"rendered":"Nos hemos concentrado ante el Parlamento de Nafarroa en v\u00edsperas de la huelga del sector de atenci\u00f3n a las personas mayores"},"content":{"rendered":"\n<p>Representantes de LAB, ELA, UGT y CCOO hemos participado en la Comisi\u00f3n de Derechos Sociales del Parlamento de Iru\u00f1ea para explicar el estado de las negociaciones del que ser\u00e1 el primer convenio de Nafarroa de atenci\u00f3n a personas mayores. Con este motivo, los cuatro sindicatos nos hemos concentrado ante el Parlamento. Esta protesta se ha desarrollado <a href=\"https:\/\/www.lab.eus\/es\/el-13-de-enero-vamos-a-la-huelga-para-conseguir-condiciones-dignas-de-trabajo-en-el-primer-convenio-de-atencion-a-las-personas-mayores-de-nafarroa\/\">a las puertas de la jornada de huelga convocada para el jueves<\/a>.<\/p>\n","protected":false},"excerpt":{"rendered":"<p>Sindicatos hemos participado en la Comisi\u00f3n de Derechos Sociales del Parlamento de Iru\u00f1ea para explicar el estado de las negociaciones del que ser\u00e1 el primer convenio de Nafarroa de atenci\u00f3n a personas mayores.<\/p>\n","protected":false},"author":1189,"featured_media":41529,"comment_status":"closed","ping_status":"closed","sticky":false,"template":"","format":"standard","meta":{"_monsterinsights_skip_tracking":false,"_monsterinsights_sitenote_active":false,"_monsterinsights_sitenote_note":"","_monsterinsights_sitenote_category":0,"footnotes":"","_links_to":"","_links_to_target":""},"categories":[18,3000,6,3283],"tags":[3033,3178,3217,3171],"class_list":{"0":"post-41532","1":"post","2":"type-post","3":"status-publish","4":"format-standard","5":"has-post-thumbnail","7":"category-es-accion-sindical","8":"category-servicio-sociocomunitario","9":"category-es-servicios-publicos","10":"category-sin-categorizar","11":"tag-accion-sindical-es","12":"tag-destacado-1","13":"tag-servicios-sociocomunitarios","14":"tag-servicios-publicos-es"},"_links":{"self":[{"href":"https:\/\/www.lab.eus\/es\/wp-json\/wp\/v2\/posts\/41532","targetHints":{"allow":["GET"]}}],"collection":[{"href":"https:\/\/www.lab.eus\/es\/wp-json\/wp\/v2\/posts"}],"about":[{"href":"https:\/\/www.lab.eus\/es\/wp-json\/wp\/v2\/types\/post"}],"author":[{"embeddable":true,"href":"https:\/\/www.lab.eus\/es\/wp-json\/wp\/v2\/users\/1189"}],"replies":[{"embeddable":true,"href":"https:\/\/www.lab.eus\/es\/wp-json\/wp\/v2\/comments?post=41532"}],"version-history":[{"count":0,"href":"https:\/\/www.lab.eus\/es\/wp-json\/wp\/v2\/posts\/41532\/revisions"}],"wp:featuredmedia":[{"embeddable":true,"href":"https:\/\/www.lab.eus\/es\/wp-json\/wp\/v2\/media\/41529"}],"wp:attachment":[{"href":"https:\/\/www.lab.eus\/es\/wp-json\/wp\/v2\/media?parent=41532"}],"wp:term":[{"taxonomy":"category","embeddable":true,"href":"https:\/\/www.lab.eus\/es\/wp-json\/wp\/v2\/categories?post=41532"},{"taxonomy":"post_tag","embeddable":true,"href":"https:\/\/www.lab.eus\/es\/wp-json\/wp\/v2\/tags?post=41532"}],"curies":[{"name":"wp","href":"https:\/\/api.w.org\/{rel}","templated":true}]}}