{"id":41507,"date":"2022-01-10T16:07:45","date_gmt":"2022-01-10T16:07:45","guid":{"rendered":"https:\/\/www.lab.eus\/?p=41507"},"modified":"2023-01-02T08:51:05","modified_gmt":"2023-01-02T08:51:05","slug":"2022an-lan-istripuan-hildako-langileak","status":"publish","type":"post","link":"https:\/\/www.lab.eus\/es\/2022an-lan-istripuan-hildako-langileak\/","title":{"rendered":"2022an lan istripuan hildako langileak"},"content":{"rendered":"\n<h5 class=\"has-text-align-center wp-block-heading\"><strong><strong><strong>LAN ISTRIPUAN HILDAKO LANGILEAK:<br><\/strong><a href=\"https:\/\/www.lab.eus\/2007an-lan-istripuan-hildako-langileak\/\" data-type=\"post\" data-id=\"477\">2007<\/a>\u00a0&#8211;\u00a0<a href=\"https:\/\/www.lab.eus\/2008an-lan-istripuan-hildako-langileak\/\" data-type=\"post\" data-id=\"476\">2008<\/a>\u00a0&#8211;\u00a0<a href=\"https:\/\/www.lab.eus\/2009an-lan-istripuan-hildako-langileak\/\" data-type=\"post\" data-id=\"475\">2009<\/a>\u00a0&#8211;\u00a0<a href=\"https:\/\/www.lab.eus\/2010an-lan-istripuan-hildako-langileak\/\" data-type=\"post\" data-id=\"474\">2010<\/a>\u00a0&#8211;\u00a0<a href=\"https:\/\/www.lab.eus\/2011an-lan-istripuan-hildako-langileak\/\" data-type=\"post\" data-id=\"473\">2011<\/a>\u00a0&#8211;\u00a0<a href=\"https:\/\/www.lab.eus\/hildakoak\/\" data-type=\"post\" data-id=\"376\">2012<\/a>\u00a0&#8211;\u00a0<a href=\"https:\/\/www.lab.eus\/2013an-lan-istripuan-hildako-langileak\/\" data-type=\"post\" data-id=\"1627\">2013<\/a>\u00a0&#8211;\u00a0<a href=\"https:\/\/www.lab.eus\/2014an-lan-istripuan-hildako-langileak\/\" data-type=\"post\" data-id=\"2975\">2014<\/a>\u00a0&#8211;\u00a0<a href=\"https:\/\/www.lab.eus\/2015ean-lan-istripuan-hildako-langileak\/\" data-type=\"post\" data-id=\"4115\">2015<\/a>\u00a0&#8211;\u00a0<a href=\"https:\/\/www.lab.eus\/2016an-lan-istripuan-hildako-langileak\/\" data-type=\"post\" data-id=\"4878\">2016<\/a>\u00a0&#8211;\u00a0<a href=\"https:\/\/www.lab.eus\/2017an-lan-istripuan-hildako-langileak\/\" data-type=\"post\" data-id=\"5813\">2017<\/a>&#8211; <a href=\"https:\/\/www.lab.eus\/2018an-lan-istripuan-hildako-langileak\/\" data-type=\"post\" data-id=\"7024\">2018<\/a>\u00a0&#8211;\u00a0<a href=\"https:\/\/www.lab.eus\/2018an-lan-istripuan-hildako-langileak-2\/\" data-type=\"post\" data-id=\"8451\">2019<\/a>\u00a0&#8211; <a href=\"https:\/\/www.lab.eus\/2020an-lan-istripuan-hildako-langileak\/\" data-type=\"post\" data-id=\"9581\">2020<\/a><\/strong><\/strong>&#8211;<a href=\"https:\/\/www.lab.eus\/2021ean-lan-istripuan-hildako-langileak\/\"><strong><span class=\"has-inline-color has-vivid-red-color\">2021<\/span><\/strong><\/a>&#8211;<a href=\"https:\/\/www.lab.eus\/2022an-lan-istripuan-hildako-langileak\/\"><span class=\"has-inline-color has-black-color\"><strong>2022<\/strong><\/span><\/a><\/h5>\n\n\n\n<hr class=\"wp-block-separator\"\/>\n\n\n\n<h1 class=\"has-text-align-center wp-block-heading\"><strong><span class=\"has-inline-color has-vivid-red-color\">6<\/span><\/strong><span class=\"has-inline-color has-vivid-red-color\"><strong>9<\/strong><\/span><\/h1>\n\n\n\n<h5 class=\"has-text-align-center wp-block-heading\"><strong><strong>Araba<\/strong>: 9 | <strong>Bizkaia<\/strong>: 15 |&nbsp;<strong>Gipuzkoa<\/strong>: 19 | <strong>Nafarroa<\/strong>: 20 | <\/strong>Iparraldea<strong>: 2 | <\/strong>Kanpoan<strong><strong>:<\/strong> <\/strong>4<\/h5>\n\n\n\n<hr class=\"wp-block-separator\"\/>\n\n\n\n<h2 class=\"wp-block-heading\"><strong>Prekaritateak eraildako 69. langilea<\/strong><\/h2>\n\n\n\n<figure class=\"wp-block-table is-style-stripes\"><table><tbody><tr><td><strong>Data<\/strong><\/td><td><strong>Lekua<\/strong><\/td><td><strong>Langilea<\/strong><\/td><td><strong>Lantokia<\/strong><\/td><td><strong>Zergatia<\/strong><\/td><\/tr><tr><td>22\/12\/07<\/td><td>Iruraiz Gauna- Araba<\/td><td>M.M.D.O., 56 urte<\/td><td>Construcciones Tavar<\/td><td>Ez traumatikoa<\/td><\/tr><\/tbody><\/table><\/figure>\n\n\n\n<h2 class=\"wp-block-heading\"><strong>Prekaritateak eraildako 68. langilea<\/strong><\/h2>\n\n\n\n<figure class=\"wp-block-table is-style-stripes\"><table><tbody><tr><td><strong>Data<\/strong><\/td><td><strong>Lekua<\/strong><\/td><td><strong>Langilea<\/strong><\/td><td><strong>Lantokia<\/strong><\/td><td><strong>Zergatia<\/strong><\/td><\/tr><tr><td>22\/11\/30<\/td><td>Berriobeiti<\/td><td>&#8211;<\/td><td>Sant Gobain Abrasivos<\/td><td>Ez traumatikoa<\/td><\/tr><\/tbody><\/table><\/figure>\n\n\n\n<h2 class=\"wp-block-heading\"><strong>Prekaritateak eraildako 67. langilea<\/strong><\/h2>\n\n\n\n<figure class=\"wp-block-table is-style-stripes\"><table><tbody><tr><td><strong>Data<\/strong><\/td><td><strong>Lekua<\/strong><\/td><td><strong>Langilea<\/strong><\/td><td><strong>Lantokia<\/strong><\/td><td><strong>Zergatia<\/strong><\/td><\/tr><tr><td>22\/11\/16<\/td><td>Doneztebe<\/td><td>&#8211;<\/td><td>&#8211;<\/td><td>Harrapaketa<\/td><\/tr><\/tbody><\/table><\/figure>\n\n\n\n<h2 class=\"wp-block-heading\"><strong>Prekaritateak eraildako 66. langilea<\/strong><\/h2>\n\n\n\n<figure class=\"wp-block-table is-style-stripes\"><table><tbody><tr><td><strong>Data<\/strong><\/td><td><strong>Lekua<\/strong><\/td><td><strong>Langilea<\/strong><\/td><td><strong>Lantokia<\/strong><\/td><td><strong>Zergatia<\/strong><\/td><\/tr><tr><td>22\/11\/11<\/td><td>Tarazona<\/td><td>R.C.A., 40 urte<\/td><td>&#8211;<\/td><td>Altueratik erorita<\/td><\/tr><\/tbody><\/table><\/figure>\n\n\n\n<h2 class=\"wp-block-heading\"><strong>Prekaritateak eraildako 65. langilea<\/strong><\/h2>\n\n\n\n<figure class=\"wp-block-table is-style-stripes\"><table><tbody><tr><td><strong>Data<\/strong><\/td><td><strong>Lekua<\/strong><\/td><td><strong>Langilea<\/strong><\/td><td><strong>Lantokia<\/strong><\/td><td><strong>Zergatia<\/strong><\/td><\/tr><tr><td>22\/11\/01<\/td><td>Gasteiz<\/td><td>P.A.I.L., 50 urte<\/td><td>LEDHR Ingenier\u00eda y Servicios<\/td><td>Ez traumatikoa<\/td><\/tr><\/tbody><\/table><\/figure>\n\n\n\n<h2 class=\"wp-block-heading\"><strong>Prekaritateak eraildako 64. langilea<\/strong><\/h2>\n\n\n\n<figure class=\"wp-block-table is-style-stripes\"><table><tbody><tr><td><strong>Data<\/strong><\/td><td><strong>Lekua<\/strong><\/td><td><strong>Langilea<\/strong><\/td><td><strong>Lantokia<\/strong><\/td><td><strong>Zergatia<\/strong><\/td><\/tr><tr><td>22\/10\/29<\/td><td>Andoain<\/td><td>&#8211;<\/td><td>Antex Fibres<\/td><td>Makina batek harrapatuta<\/td><\/tr><\/tbody><\/table><\/figure>\n\n\n\n<h2 class=\"wp-block-heading\"><strong>Prekaritateak eraildako 63. langilea<\/strong><\/h2>\n\n\n\n<figure class=\"wp-block-table is-style-stripes\"><table><tbody><tr><td><strong>Data<\/strong><\/td><td><strong>Lekua<\/strong><\/td><td><strong>Langilea<\/strong><\/td><td><strong>Lantokia<\/strong><\/td><td><strong>Zergatia<\/strong><\/td><\/tr><tr><td>22\/10\/19<\/td><td>Donostia<\/td><td>S.A., 64 urte<\/td><td>Acu\u00f1a enpresak azpikontratatua<\/td><td>Ez traumatikoa<\/td><\/tr><\/tbody><\/table><\/figure>\n\n\n\n<h2 class=\"wp-block-heading\"><strong>Prekaritateak eraildako 62. langilea<\/strong><\/h2>\n\n\n\n<figure class=\"wp-block-table is-style-stripes\"><table><tbody><tr><td><strong>Data<\/strong><\/td><td><strong>Lekua<\/strong><\/td><td><strong>Langilea<\/strong><\/td><td><strong>Lantokia<\/strong><\/td><td><strong>Zergatia<\/strong><\/td><\/tr><tr><td>22\/10<\/td><td>Araia<\/td><td>&#8211;<\/td><td>Garraiolaria <\/td><td>Ez traumatikoa<\/td><\/tr><\/tbody><\/table><\/figure>\n\n\n\n<h2 class=\"wp-block-heading\"><strong>Prekaritateak eraildako 61. langilea<\/strong><\/h2>\n\n\n\n<figure class=\"wp-block-table is-style-stripes\"><table><tbody><tr><td><strong>Data<\/strong><\/td><td><strong>Lekua<\/strong><\/td><td><strong>Langilea<\/strong><\/td><td><strong>Lantokia<\/strong><\/td><td><strong>Zergatia<\/strong><\/td><\/tr><tr><td>22\/10\/06<\/td><td>Sarriguren<\/td><td>&#8211;<\/td><td>Berlys <\/td><td>&#8211;<\/td><\/tr><\/tbody><\/table><\/figure>\n\n\n\n<h2 class=\"wp-block-heading\"><strong>Prekaritateak eraildako 60. langilea<\/strong><\/h2>\n\n\n\n<figure class=\"wp-block-table is-style-stripes\"><table><tbody><tr><td><strong>Data<\/strong><\/td><td><strong>Lekua<\/strong><\/td><td><strong>Langilea<\/strong><\/td><td><strong>Lantokia<\/strong><\/td><td><strong>Zergatia<\/strong><\/td><\/tr><tr><td>22\/10\/04<\/td><td>Aulesti<\/td><td>J.M.O.C., 62 urte<\/td><td>Explotaciones Forestales Egurmendi<\/td><td>Baso lanetan, makina batek harrapatuta<\/td><\/tr><\/tbody><\/table><\/figure>\n\n\n\n<h2 class=\"wp-block-heading\"><strong>Prekaritateak eraildako 59. langilea<\/strong><\/h2>\n\n\n\n<figure class=\"wp-block-table is-style-stripes\"><table><tbody><tr><td><strong>Data<\/strong><\/td><td><strong>Lekua<\/strong><\/td><td><strong>Langilea<\/strong><\/td><td><strong>Lantokia<\/strong><\/td><td><strong>Zergatia<\/strong><\/td><\/tr><tr><td>22\/10\/02<\/td><td>Muniain<\/td><td>42 urte<\/td><td>&#8211;<\/td><td>Abere batek harrapatuta<\/td><\/tr><\/tbody><\/table><\/figure>\n\n\n\n<h2 class=\"wp-block-heading\"><strong>Prekaritateak eraildako 58. langilea<\/strong><\/h2>\n\n\n\n<figure class=\"wp-block-table is-style-stripes\"><table><tbody><tr><td><strong>Data<\/strong><\/td><td><strong>Lekua<\/strong><\/td><td><strong>Langilea<\/strong><\/td><td><strong>Lantokia<\/strong><\/td><td><strong>Zergatia<\/strong><\/td><\/tr><tr><td>22\/09\/22<\/td><td>Allo<\/td><td>60 urte<\/td><td>Kareaga Mantenimiento y Reparaci\u00f3n Industrial <\/td><td>Ez traumatikoa. Astebete geroago hil da<\/td><\/tr><\/tbody><\/table><\/figure>\n\n\n\n<h2 class=\"wp-block-heading\"><strong>Prekaritateak eraildako 57. langilea<\/strong><\/h2>\n\n\n\n<figure class=\"wp-block-table is-style-stripes\"><table><tbody><tr><td><strong>Data<\/strong><\/td><td><strong>Lekua<\/strong><\/td><td><strong>Langilea<\/strong><\/td><td><strong>Lantokia<\/strong><\/td><td><strong>Zergatia<\/strong><\/td><\/tr><tr><td>22\/09\/10<\/td><td>Ituren<\/td><td>44 urte<\/td><td>&#8211;<\/td><td>Altueratik erorita, egun batzuk geroago hilda<\/td><\/tr><\/tbody><\/table><\/figure>\n\n\n\n<h2 class=\"wp-block-heading\"><strong>Prekaritateak eraildako 56. langilea<\/strong><\/h2>\n\n\n\n<figure class=\"wp-block-table is-style-stripes\"><table><tbody><tr><td><strong>Data<\/strong><\/td><td><strong>Lekua<\/strong><\/td><td><strong>Langilea<\/strong><\/td><td><strong>Lantokia<\/strong><\/td><td><strong>Zergatia<\/strong><\/td><\/tr><tr><td>22\/09\/09<\/td><td>San Martin de Unx<\/td><td>A.D.F., 41 urte<\/td><td>&#8211;<\/td><td>In itinere<\/td><\/tr><\/tbody><\/table><\/figure>\n\n\n\n<h2 class=\"wp-block-heading\"><strong>Prekaritateak eraildako 55. langilea<\/strong><\/h2>\n\n\n\n<figure class=\"wp-block-table is-style-stripes\"><table><tbody><tr><td><strong>Data<\/strong><\/td><td><strong>Lekua<\/strong><\/td><td><strong>Langilea<\/strong><\/td><td><strong>Lantokia<\/strong><\/td><td><strong>Zergatia<\/strong><\/td><\/tr><tr><td>22\/09\/08<\/td><td>Olazti<\/td><td>55 urte<\/td><td>Cementos Portland Valderribas<\/td><td>Harrapaketa<\/td><\/tr><\/tbody><\/table><\/figure>\n\n\n\n<h2 class=\"wp-block-heading\"><strong>Prekaritateak eraildako 54. langilea<\/strong><\/h2>\n\n\n\n<figure class=\"wp-block-table is-style-stripes\"><table><tbody><tr><td><strong>Data<\/strong><\/td><td><strong>Lekua<\/strong><\/td><td><strong>Langilea<\/strong><\/td><td><strong>Lantokia<\/strong><\/td><td><strong>Zergatia<\/strong><\/td><\/tr><tr><td>22\/09\/02<\/td><td>Elgoibar<\/td><td>A.M.S., 58 urte<\/td><td>Schaeffler Iberia<\/td><td>Ez traumatikoa<\/td><\/tr><\/tbody><\/table><\/figure>\n\n\n\n<h2 class=\"wp-block-heading\"><strong>Prekaritateak eraildako 53. langilea<\/strong><\/h2>\n\n\n\n<figure class=\"wp-block-table is-style-stripes\"><table><tbody><tr><td><strong>Data<\/strong><\/td><td><strong>Lekua<\/strong><\/td><td><strong>Langilea<\/strong><\/td><td><strong>Lantokia<\/strong><\/td><td><strong>Zergatia<\/strong><\/td><\/tr><tr><td>22\/08\/24<\/td><td>Zumaia<\/td><td>I.A.Z, 53 urte<\/td><td>Conservas Ortiz<\/td><td>In itinere<\/td><\/tr><\/tbody><\/table><\/figure>\n\n\n\n<h2 class=\"wp-block-heading\"><strong>Prekaritateak eraildako 52. langilea<\/strong><\/h2>\n\n\n\n<figure class=\"wp-block-table is-style-stripes\"><table><tbody><tr><td><strong>Data<\/strong><\/td><td><strong>Lekua<\/strong><\/td><td><strong>Langilea<\/strong><\/td><td><strong>Lantokia<\/strong><\/td><td><strong>Zergatia<\/strong><\/td><\/tr><tr><td>22\/08\/22<\/td><td>Markina<\/td><td>34 urtetako B.F.<\/td><td>Zeleta S.L.<\/td><td>Harri batek zapalduta<\/td><\/tr><\/tbody><\/table><\/figure>\n\n\n\n<h2 class=\"wp-block-heading\"><strong>Prekaritateak eraildako 51. langilea<\/strong><\/h2>\n\n\n\n<figure class=\"wp-block-table is-style-stripes\"><table><tbody><tr><td><strong>Data<\/strong><\/td><td><strong>Lekua<\/strong><\/td><td><strong>Langilea<\/strong><\/td><td><strong>Lantokia<\/strong><\/td><td><strong>Zergatia<\/strong><\/td><\/tr><tr><td>22\/08\/17<\/td><td>Zeanuri<\/td><td>47 urtetako M.M.S.Q.<\/td><td>Edgar Ren\u00e9 Mel\u00e9ndez \u00c1vila<\/td><td>Zuhaitz batek azpian harrapatuta<\/td><\/tr><\/tbody><\/table><\/figure>\n\n\n\n<h2 class=\"wp-block-heading\"><strong>Prekaritateak eraildako 50. langilea<\/strong><\/h2>\n\n\n\n<figure class=\"wp-block-table is-style-stripes\"><table><tbody><tr><td><strong>Data<\/strong><\/td><td><strong>Lekua<\/strong><\/td><td><strong>Langilea<\/strong><\/td><td><strong>Lantokia<\/strong><\/td><td><strong>Zergatia<\/strong><\/td><\/tr><tr><td>22\/08\/16<\/td><td>Oiartzun<\/td><td>52 urtetako S.S.<\/td><td>EVOTRANS<\/td><td>Ez traumatikoa<\/td><\/tr><\/tbody><\/table><\/figure>\n\n\n\n<h2 class=\"wp-block-heading\"><strong>Prekaritateak eraildako 49. langilea<\/strong><\/h2>\n\n\n\n<figure class=\"wp-block-table is-style-stripes\"><table><tbody><tr><td><strong>Data<\/strong><\/td><td><strong>Lekua<\/strong><\/td><td><strong>Langilea<\/strong><\/td><td><strong>Lantokia<\/strong><\/td><td><strong>Zergatia<\/strong><\/td><\/tr><tr><td>22\/08\/09<\/td><td>Elgoibar<\/td><td>&#8211;<\/td><td>&#8211;<\/td><td>Kamioia AP-8 autobidetik behera erori eta gero<\/td><\/tr><\/tbody><\/table><\/figure>\n\n\n\n<h2 class=\"wp-block-heading\"><strong>Prekaritateak eraildako 48. langilea<\/strong><\/h2>\n\n\n\n<figure class=\"wp-block-table is-style-stripes\"><table><tbody><tr><td><strong>Data<\/strong><\/td><td><strong>Lekua<\/strong><\/td><td><strong>Langilea<\/strong><\/td><td><strong>Lantokia<\/strong><\/td><td><strong>Zergatia<\/strong><\/td><\/tr><tr><td>22\/08\/08<\/td><td>Errenteria<\/td><td>I.G.B., 49 urte<\/td><td>Zinur Gain, S.L.<\/td><td>Aldamiotik erorita<\/td><\/tr><\/tbody><\/table><\/figure>\n\n\n\n<h2 class=\"wp-block-heading\"><strong>Prekaritateak eraildako 47. langilea<\/strong><\/h2>\n\n\n\n<figure class=\"wp-block-table is-style-stripes\"><table><tbody><tr><td><strong>Data<\/strong><\/td><td><strong>Lekua<\/strong><\/td><td><strong>Langilea<\/strong><\/td><td><strong>Lantokia<\/strong><\/td><td><strong>Zergatia<\/strong><\/td><\/tr><tr><td>22\/07\/28<\/td><td>Tafalla<\/td><td>&#8211;<\/td><td>&#8211;<\/td><td>AHTren obretan, uztailaren 15ean izandako istripuaren ondorioz<\/td><\/tr><\/tbody><\/table><\/figure>\n\n\n\n<h2 class=\"wp-block-heading\"><strong>Prekaritateak eraildako 46. langilea<\/strong><\/h2>\n\n\n\n<figure class=\"wp-block-table is-style-stripes\"><table><tbody><tr><td><strong>Data<\/strong><\/td><td><strong>Lekua<\/strong><\/td><td><strong>Langilea<\/strong><\/td><td><strong>Lantokia<\/strong><\/td><td><strong>Zergatia<\/strong><\/td><\/tr><tr><td>22\/07\/16<\/td><td>Mexiko<\/td><td>L.G.L., 67 urte<\/td><td>&#8211;<\/td><td>Zama gainera erorita<\/td><\/tr><\/tbody><\/table><\/figure>\n\n\n\n<h2 class=\"wp-block-heading\"><strong>Prekaritateak eraildako 45. langilea<\/strong><\/h2>\n\n\n\n<figure class=\"wp-block-table is-style-stripes\"><table><tbody><tr><td><strong>Data<\/strong><\/td><td><strong>Lekua<\/strong><\/td><td><strong>Langilea<\/strong><\/td><td><strong>Lantokia<\/strong><\/td><td><strong>Zergatia<\/strong><\/td><\/tr><tr><td>22\/07\/08<\/td><td>Eibar<\/td><td>T.C.C., 60 urte<\/td><td>&#8211;<\/td><td>Ez traumatikoa<\/td><\/tr><\/tbody><\/table><\/figure>\n\n\n\n<h2 class=\"wp-block-heading\"><strong>Prekaritateak eraildako 44. langilea<\/strong><\/h2>\n\n\n\n<figure class=\"wp-block-table is-style-stripes\"><table><tbody><tr><td><strong>Data<\/strong><\/td><td><strong>Lekua<\/strong><\/td><td><strong>Langilea<\/strong><\/td><td><strong>Lantokia<\/strong><\/td><td><strong>Zergatia<\/strong><\/td><\/tr><tr><td>22\/07\/05<\/td><td>Orio<\/td><td>51 urte<\/td><td>Grupo Azkune<\/td><td>Gidatzen zuen kamioa irauli eta lehertuta<\/td><\/tr><\/tbody><\/table><\/figure>\n\n\n\n<h2 class=\"wp-block-heading\"><strong>Prekaritateak eraildako 43. langilea<\/strong><\/h2>\n\n\n\n<figure class=\"wp-block-table is-style-stripes\"><table><tbody><tr><td><strong>Data<\/strong><\/td><td><strong>Lekua<\/strong><\/td><td><strong>Langilea<\/strong><\/td><td><strong>Lantokia<\/strong><\/td><td><strong>Zergatia<\/strong><\/td><\/tr><tr><td>22\/07\/04<\/td><td>Banka<\/td><td>56 urte<\/td><td>Abeltzaina<\/td><td>Traktorearekin istripu bat izanda<\/td><\/tr><\/tbody><\/table><\/figure>\n\n\n\n<h2 class=\"wp-block-heading\"><strong>Prekaritateak eraildako 42. langilea<\/strong><\/h2>\n\n\n\n<figure class=\"wp-block-table is-style-stripes\"><table><tbody><tr><td><strong>Data<\/strong><\/td><td><strong>Lekua<\/strong><\/td><td><strong>Langilea<\/strong><\/td><td><strong>Lantokia<\/strong><\/td><td><strong>Zergatia<\/strong><\/td><\/tr><tr><td>22\/07\/01<\/td><td>Zornotza<\/td><td>A.A.E., 34 urte<\/td><td>Veman S.L., Aludiumek azpikontratatua<\/td><td>Pala batek harrapatua<\/td><\/tr><\/tbody><\/table><\/figure>\n\n\n\n<hr class=\"wp-block-separator\"\/>\n\n\n\n<h2 class=\"wp-block-heading\"><strong>Prekaritateak eraildako 41. langilea<\/strong><\/h2>\n\n\n\n<figure class=\"wp-block-table is-style-stripes\"><table><tbody><tr><td><strong>Data<\/strong><\/td><td><strong>Lekua<\/strong><\/td><td><strong>Langilea<\/strong><\/td><td><strong>Lantokia<\/strong><\/td><td><strong>Zergatia<\/strong><\/td><\/tr><tr><td>22\/06\/30<\/td><td>Luiaondo<\/td><td>M.A.F., 63 urte<\/td><td>&#8211;<\/td><td>In itinere<\/td><\/tr><\/tbody><\/table><\/figure>\n\n\n\n<hr class=\"wp-block-separator\"\/>\n\n\n\n<h2 class=\"wp-block-heading\"><strong>Prekaritateak eraildako 40. langilea<\/strong><\/h2>\n\n\n\n<figure class=\"wp-block-table is-style-stripes\"><table><tbody><tr><td><strong>Data<\/strong><\/td><td><strong>Lekua<\/strong><\/td><td><strong>Langilea<\/strong><\/td><td><strong>Lantokia<\/strong><\/td><td><strong>Zergatia<\/strong><\/td><\/tr><tr><td>22\/06\/17<\/td><td>Murgia<\/td><td>M.A.G.O, 59 urte<\/td><td>Residencia Gorbea<\/td><td>Ez traumatikoa<\/td><\/tr><\/tbody><\/table><\/figure>\n\n\n\n<h2 class=\"wp-block-heading\"><strong>Prekaritateak eraildako 39. langilea<\/strong><\/h2>\n\n\n\n<figure class=\"wp-block-table is-style-stripes\"><table><tbody><tr><td><strong>Data<\/strong><\/td><td><strong>Lekua<\/strong><\/td><td><strong>Langilea<\/strong><\/td><td><strong>Lantokia<\/strong><\/td><td><strong>Zergatia<\/strong><\/td><\/tr><tr><td>22\/06\/16<\/td><td>Lezama<\/td><td>J.A.D.G, 56 urte<\/td><td>Construcciones Urrestimendi S.L.<\/td><td>Ez traumatikoa<\/td><\/tr><\/tbody><\/table><\/figure>\n\n\n\n<h2 class=\"wp-block-heading\"><strong>Prekaritateak eraildako 38. langilea<\/strong><\/h2>\n\n\n\n<figure class=\"wp-block-table is-style-stripes\"><table><tbody><tr><td><strong>Data<\/strong><\/td><td><strong>Lekua<\/strong><\/td><td><strong>Langilea<\/strong><\/td><td><strong>Lantokia<\/strong><\/td><td><strong>Zergatia<\/strong><\/td><\/tr><tr><td>22\/06\/14<\/td><td>Idiazabal<\/td><td>49 urte<\/td><td>&#8211;<\/td><td>Zuhaitz bat gainera erorita<\/td><\/tr><\/tbody><\/table><\/figure>\n\n\n\n<h2 class=\"wp-block-heading\"><strong>Prekaritateak eraildako 37. langilea<\/strong><\/h2>\n\n\n\n<figure class=\"wp-block-table is-style-stripes\"><table><tbody><tr><td><strong>Data<\/strong><\/td><td><strong>Lekua<\/strong><\/td><td><strong>Langilea<\/strong><\/td><td><strong>Lantokia<\/strong><\/td><td><strong>Zergatia<\/strong><\/td><\/tr><tr><td>22\/06\/13<\/td><td>Tutera<\/td><td>J.A.B.B., 26 urte<\/td><td>&#8211;<\/td><td>In itinere<\/td><\/tr><\/tbody><\/table><\/figure>\n\n\n\n<h2 class=\"wp-block-heading\"><strong>Prekaritateak eraildako 36. langilea<\/strong><\/h2>\n\n\n\n<figure class=\"wp-block-table is-style-stripes\"><table><tbody><tr><td><strong>Data<\/strong><\/td><td><strong>Lekua<\/strong><\/td><td><strong>Langilea<\/strong><\/td><td><strong>Lantokia<\/strong><\/td><td><strong>Zergatia<\/strong><\/td><\/tr><tr><td>22\/06\/06<\/td><td>Oiartzun<\/td><td>J.A.I.E, 47 urte<\/td><td>Eraikuntza<\/td><td>Ez traumatikoa<\/td><\/tr><\/tbody><\/table><\/figure>\n\n\n\n<h2 class=\"wp-block-heading\"><strong>Prekaritateak eraildako 35. langilea<\/strong><\/h2>\n\n\n\n<figure class=\"wp-block-table is-style-stripes\"><table><tbody><tr><td><strong>Data<\/strong><\/td><td><strong>Lekua<\/strong><\/td><td><strong>Langilea<\/strong><\/td><td><strong>Lantokia<\/strong><\/td><td><strong>Zergatia<\/strong><\/td><\/tr><tr><td>22\/06\/06<\/td><td>Olloki<\/td><td>A.E.E., 60 urte<\/td><td>Laboratorios Cinfa<\/td><td>Maiatzaren 20an izandako istripuaren ondorioz. Altueratik erori zen<\/td><\/tr><\/tbody><\/table><\/figure>\n\n\n\n<h2 class=\"wp-block-heading\"><strong>Prekaritateak eraildako 34. langilea<\/strong><\/h2>\n\n\n\n<figure class=\"wp-block-table is-style-stripes\"><table><tbody><tr><td><strong>Data<\/strong><\/td><td><strong>Lekua<\/strong><\/td><td><strong>Langilea<\/strong><\/td><td><strong>Lantokia<\/strong><\/td><td><strong>Zergatia<\/strong><\/td><\/tr><tr><td>22\/06\/06<\/td><td>Gares<\/td><td>J.S.P,, 36 urte<\/td><td>Se\u00f1or\u00edo de Sarri\u00e1<\/td><td>Putzura eroritako lankidea lagundu nahian<\/td><\/tr><\/tbody><\/table><\/figure>\n\n\n\n<h2 class=\"wp-block-heading\"><strong>Prekaritateak eraildako 33. langilea<\/strong><\/h2>\n\n\n\n<figure class=\"wp-block-table is-style-stripes\"><table><tbody><tr><td><strong>Data<\/strong><\/td><td><strong>Lekua<\/strong><\/td><td><strong>Langilea<\/strong><\/td><td><strong>Lantokia<\/strong><\/td><td><strong>Zergatia<\/strong><\/td><\/tr><tr><td>22\/06\/06<\/td><td>Gares<\/td><td>J.L.C.H., 45 urte<\/td><td>Se\u00f1or\u00edo de Sarri\u00e1<\/td><td>Putzu batera erori eta gero<\/td><\/tr><\/tbody><\/table><\/figure>\n\n\n\n<h2 class=\"wp-block-heading\"><strong>Prekaritateak eraildako 32. langilea<\/strong><\/h2>\n\n\n\n<figure class=\"wp-block-table is-style-stripes\"><table><tbody><tr><td><strong>Data<\/strong><\/td><td><strong>Lekua<\/strong><\/td><td><strong>Langilea<\/strong><\/td><td><strong>Lantokia<\/strong><\/td><td><strong>Zergatia<\/strong><\/td><\/tr><tr><td>22\/06\/03<\/td><td>Bermeo<\/td><td>P.U.R, 50 urte<\/td><td>Coviran<\/td><td>Ez traumatikoa<\/td><\/tr><\/tbody><\/table><\/figure>\n\n\n\n<h2 class=\"wp-block-heading\"><strong>Prekaritateak eraildako 31. langilea<\/strong><\/h2>\n\n\n\n<figure class=\"wp-block-table is-style-stripes\"><table><tbody><tr><td><strong>Data<\/strong><\/td><td><strong>Lekua<\/strong><\/td><td><strong>Langilea<\/strong><\/td><td><strong>Lantokia<\/strong><\/td><td><strong>Zergatia<\/strong><\/td><\/tr><tr><td>22\/06\/02<\/td><td>Gares (istripua)<\/td><td>58 urte<\/td><td>&#8211;<\/td><td>Egun batzuk lehenago altueratik erori zen<\/td><\/tr><\/tbody><\/table><\/figure>\n\n\n\n<h2 class=\"wp-block-heading\"><strong>Prekaritateak eraildako 30. langilea<\/strong><\/h2>\n\n\n\n<figure class=\"wp-block-table is-style-stripes\"><table><tbody><tr><td><strong>Data<\/strong><\/td><td><strong>Lekua<\/strong><\/td><td><strong>Langilea<\/strong><\/td><td><strong>Lantokia<\/strong><\/td><td><strong>Zergatia<\/strong><\/td><\/tr><tr><td>22\/05\/20<\/td><td>Errenteria<\/td><td>52 urte, F.J.L.C..<\/td><td>Gureak Lanean<\/td><td>Ez traumatikoa<\/td><\/tr><\/tbody><\/table><\/figure>\n\n\n\n<h2 class=\"wp-block-heading\"><strong>Prekaritateak eraildako 29. langilea<\/strong><\/h2>\n\n\n\n<figure class=\"wp-block-table is-style-stripes\"><table><tbody><tr><td><strong>Data<\/strong><\/td><td><strong>Lekua<\/strong><\/td><td><strong>Langilea<\/strong><\/td><td><strong>Lantokia<\/strong><\/td><td><strong>Zergatia<\/strong><\/td><\/tr><tr><td>22\/05\/19<\/td><td>Zamudio<\/td><td>42 urte, K.A.<\/td><td>Vancuver Servicios Directos 2000 SL, Tamar Restauraci\u00f3n y Catering&nbsp;enpresaren azpikontrata<\/td><td>Ez traumatikoa<\/td><\/tr><\/tbody><\/table><\/figure>\n\n\n\n<h2 class=\"wp-block-heading\"><strong>Prekaritateak eraildako 28. langilea<\/strong><\/h2>\n\n\n\n<figure class=\"wp-block-table is-style-stripes\"><table><tbody><tr><td><strong>Data<\/strong><\/td><td><strong>Lekua<\/strong><\/td><td><strong>Langilea<\/strong><\/td><td><strong>Lantokia<\/strong><\/td><td><strong>Zergatia<\/strong><\/td><\/tr><tr><td>22\/05\/19<\/td><td>Irura<\/td><td>&#8211;<\/td><td>Garraiolaria<\/td><td>Ez traumatikoa<\/td><\/tr><\/tbody><\/table><\/figure>\n\n\n\n<h2 class=\"wp-block-heading\"><strong>Prekaritateak eraildako 27. langilea<\/strong><\/h2>\n\n\n\n<figure class=\"wp-block-table is-style-stripes\"><table><tbody><tr><td><strong>Data<\/strong><\/td><td><strong>Lekua<\/strong><\/td><td><strong>Langilea<\/strong><\/td><td><strong>Lantokia<\/strong><\/td><td><strong>Zergatia<\/strong><\/td><\/tr><tr><td>22\/05\/12<\/td><td>Aramaio (istripua)<\/td><td>58 urte<\/td><td>&#8211;<\/td><td>Egun batzuk lehenago altueratik erori zen<\/td><\/tr><\/tbody><\/table><\/figure>\n\n\n\n<h2 class=\"wp-block-heading\"><strong>Prekaritateak eraildako 26. langilea<\/strong><\/h2>\n\n\n\n<figure class=\"wp-block-table is-style-stripes\"><table><tbody><tr><td><strong>Data<\/strong><\/td><td><strong>Lekua<\/strong><\/td><td><strong>Langilea<\/strong><\/td><td><strong>Lantokia<\/strong><\/td><td><strong>Zergatia<\/strong><\/td><\/tr><tr><td>22\/05\/11<\/td><td>Etxebarri<\/td><td>J.M.R.L., 58 urte<\/td><td>Pepsico<\/td><td>Ez traumatikoa<\/td><\/tr><\/tbody><\/table><\/figure>\n\n\n\n<h2 class=\"wp-block-heading\"><strong>Prekaritateak eraildako 25. langilea<\/strong><\/h2>\n\n\n\n<figure class=\"wp-block-table is-style-stripes\"><table><tbody><tr><td><strong>Data<\/strong><\/td><td><strong>Lekua<\/strong><\/td><td><strong>Langilea<\/strong><\/td><td><strong>Lantokia<\/strong><\/td><td><strong>Zergatia<\/strong><\/td><\/tr><tr><td>22\/05\/03<\/td><td>Iru\u00f1ea<\/td><td>62 urte<\/td><td>Nafarroako Unibertsitate Ospitalea. Maju garbiketa enpresa<\/td><td>Ez traumatikoa<\/td><\/tr><\/tbody><\/table><\/figure>\n\n\n\n<h2 class=\"wp-block-heading\"><strong>Prekaritateak eraildako 24. langilea<\/strong><\/h2>\n\n\n\n<figure class=\"wp-block-table is-style-stripes\"><table><tbody><tr><td><strong>Data<\/strong><\/td><td><strong>Lekua<\/strong><\/td><td><strong>Langilea<\/strong><\/td><td><strong>Lantokia<\/strong><\/td><td><strong>Zergatia<\/strong><\/td><\/tr><tr><td>22\/05\/03<\/td><td>Hernani<\/td><td>R.D.T.G., 69 urte<\/td><td>Ziku\u00f1aga. Translogistia OSLE<\/td><td>Kamioi batek harrapatuta<\/td><\/tr><\/tbody><\/table><\/figure>\n\n\n\n<h2 class=\"wp-block-heading\"><strong>Prekaritateak eraildako 23. langilea<\/strong><\/h2>\n\n\n\n<figure class=\"wp-block-table is-style-stripes\"><table><tbody><tr><td><strong>Data<\/strong><\/td><td><strong>Lekua<\/strong><\/td><td><strong>Langilea<\/strong><\/td><td><strong>Lantokia<\/strong><\/td><td><strong>Zergatia<\/strong><\/td><\/tr><tr><td>22\/04\/30<\/td><td>Iru\u00f1ea<\/td><td>&#8211;<\/td><td>Volkswagen-en hornitzaileen aparkalekuan aurkitu dute hilda<\/td><td>Ez traumatikoa<\/td><\/tr><\/tbody><\/table><\/figure>\n\n\n\n<h2 class=\"wp-block-heading\"><strong>Prekaritateak eraildako 22. langilea<\/strong><\/h2>\n\n\n\n<figure class=\"wp-block-table is-style-stripes\"><table><tbody><tr><td><strong>Data<\/strong><\/td><td><strong>Lekua<\/strong><\/td><td><strong>Langilea<\/strong><\/td><td><strong>Lantokia<\/strong><\/td><td><strong>Zergatia<\/strong><\/td><\/tr><tr><td>22\/04\/30<\/td><td>Ondarroa<\/td><td>C.F.B., 35 urte<\/td><td>Zero Plus NZEB Berrikuntzak<\/td><td>Lan tresna batek eragindako ebakien ondorioz<\/td><\/tr><\/tbody><\/table><\/figure>\n\n\n\n<h2 class=\"wp-block-heading\"><strong>Prekaritateak eraildako 21. langilea<\/strong><\/h2>\n\n\n\n<figure class=\"wp-block-table is-style-stripes\"><table><tbody><tr><td><strong>Data<\/strong><\/td><td><strong>Lekua<\/strong><\/td><td><strong>Langilea<\/strong><\/td><td><strong>Lantokia<\/strong><\/td><td><strong>Zergatia<\/strong><\/td><\/tr><tr><td>22\/04\/23<\/td><td>Zaratamo <\/td><td>36 urte<\/td><td>Artiach<\/td><td>In itinere<\/td><\/tr><\/tbody><\/table><\/figure>\n\n\n\n<h2 class=\"wp-block-heading\"><strong>Prekaritateak eraildako 20. langilea<\/strong><\/h2>\n\n\n\n<figure class=\"wp-block-table is-style-stripes\"><table><tbody><tr><td><strong>Data<\/strong><\/td><td><strong>Lekua<\/strong><\/td><td><strong>Langilea<\/strong><\/td><td><strong>Lantokia<\/strong><\/td><td><strong>Zergatia<\/strong><\/td><\/tr><tr><td>22\/04\/16<\/td><td>Haro (Errioxa)<\/td><td>51 urte<\/td><td>&#8211;<\/td><td>Ate batek zapalduta<\/td><\/tr><\/tbody><\/table><\/figure>\n\n\n\n<h2 class=\"wp-block-heading\"><strong>Prekaritateak eraildako 19. langilea<\/strong><\/h2>\n\n\n\n<figure class=\"wp-block-table is-style-stripes\"><table><tbody><tr><td><strong>Data<\/strong><\/td><td><strong>Lekua<\/strong><\/td><td><strong>Langilea<\/strong><\/td><td><strong>Lantokia<\/strong><\/td><td><strong>Zergatia<\/strong><\/td><\/tr><tr><td>22\/04\/12<\/td><td>Leioa<\/td><td>T.R.R., 49 urte<\/td><td>CARBIZKAIA<\/td><td>Ez traumatikoa<\/td><\/tr><\/tbody><\/table><\/figure>\n\n\n\n<h2 class=\"wp-block-heading\"><strong>Prekaritateak eraildako 18. langilea<\/strong><\/h2>\n\n\n\n<figure class=\"wp-block-table is-style-stripes\"><table><tbody><tr><td><strong>Data<\/strong><\/td><td><strong>Lekua<\/strong><\/td><td><strong>Langilea<\/strong><\/td><td><strong>Lantokia<\/strong><\/td><td><strong>Zergatia<\/strong><\/td><\/tr><tr><td>22\/04\/12<\/td><td>Iru\u00f1ea<\/td><td>52 urte<\/td><td>Construcciones Mariezkurrena<\/td><td>Makina bat gainera erorita<\/td><\/tr><\/tbody><\/table><\/figure>\n\n\n\n<h2 class=\"wp-block-heading\"><strong>Prekaritateak eraildako 17. langilea<\/strong><\/h2>\n\n\n\n<figure class=\"wp-block-table is-style-stripes\"><table><tbody><tr><td><strong>Data<\/strong><\/td><td><strong>Lekua<\/strong><\/td><td><strong>Langilea<\/strong><\/td><td><strong>Lantokia<\/strong><\/td><td><strong>Zergatia<\/strong><\/td><\/tr><tr><td>22\/04\/06<\/td><td>Zamudio<\/td><td>G.M.G., 59 urte<\/td><td>INGEMAT<\/td><td>Ez traumatikoa<\/td><\/tr><\/tbody><\/table><\/figure>\n\n\n\n<h2 class=\"wp-block-heading\"><strong>Prekaritateak eraildako 16. langilea<\/strong><\/h2>\n\n\n\n<figure class=\"wp-block-table is-style-stripes\"><table><tbody><tr><td><strong>Data<\/strong><\/td><td><strong>Lekua<\/strong><\/td><td><strong>Langilea<\/strong><\/td><td><strong>Lantokia<\/strong><\/td><td><strong>Zergatia<\/strong><\/td><\/tr><tr><td>22\/04\/06<\/td><td>Santo\u00f1a (Kantabria)<\/td><td>A.F., 51 urte<\/td><td>Hondarribiko San Antonio Berria ontzia<\/td><td>Ez traumatikoa<\/td><\/tr><\/tbody><\/table><\/figure>\n\n\n\n<h2 class=\"wp-block-heading\"><strong>Prekaritateak eraildako 15. langilea<\/strong><\/h2>\n\n\n\n<figure class=\"wp-block-table is-style-stripes\"><table><tbody><tr><td><strong>Data<\/strong><\/td><td><strong>Lekua<\/strong><\/td><td><strong>Langilea<\/strong><\/td><td><strong>Lantokia<\/strong><\/td><td><strong>Zergatia<\/strong><\/td><\/tr><tr><td>22\/03\/30<\/td><td>Barakaldo<\/td><td>&#8211;<\/td><td>Eusko Jaurlaritza<\/td><td>&#8211;<\/td><\/tr><\/tbody><\/table><\/figure>\n\n\n\n<h2 class=\"wp-block-heading\"><strong>Prekaritateak eraildako 14. langilea<\/strong><\/h2>\n\n\n\n<figure class=\"wp-block-table is-style-stripes\"><table><tbody><tr><td><strong>Data<\/strong><\/td><td><strong>Lekua<\/strong><\/td><td><strong>Langilea<\/strong><\/td><td><strong>Lantokia<\/strong><\/td><td><strong>Zergatia<\/strong><\/td><\/tr><tr><td>22\/03\/28<\/td><td>Eibar<\/td><td>M.J.G.B., 60 urte<\/td><td>Proyectos y Reformas Leire<\/td><td>Altueratik erorita<\/td><\/tr><\/tbody><\/table><\/figure>\n\n\n\n<h2 class=\"wp-block-heading\"><strong>Prekaritateak eraildako 13. langilea<\/strong><\/h2>\n\n\n\n<figure class=\"wp-block-table is-style-stripes\"><table><tbody><tr><td><strong>Data<\/strong><\/td><td><strong>Lekua<\/strong><\/td><td><strong>Langilea<\/strong><\/td><td><strong>Lantokia<\/strong><\/td><td><strong>Zergatia<\/strong><\/td><\/tr><tr><td>22\/03\/19<\/td><td>Zegama<\/td><td>E.S., 57 urte<\/td><td>Goilaser<\/td><td>Pieza batek kolpatuta<\/td><\/tr><\/tbody><\/table><\/figure>\n\n\n\n<h2 class=\"wp-block-heading\"><strong>Prekaritateak eraildako 12. langilea<\/strong><\/h2>\n\n\n\n<figure class=\"wp-block-table is-style-stripes\"><table><tbody><tr><td><strong>Data<\/strong><\/td><td><strong>Lekua<\/strong><\/td><td><strong>Langilea<\/strong><\/td><td><strong>Lantokia<\/strong><\/td><td><strong>Zergatia<\/strong><\/td><\/tr><tr><td>22\/03\/18<\/td><td>Lakuntza<\/td><td>I.Z.S, 39 urte<\/td><td>Sakana kooperatiba<\/td><td>Pieza batek harrapatuta<\/td><\/tr><\/tbody><\/table><\/figure>\n\n\n\n<h2 class=\"wp-block-heading\"><strong>Prekaritateak eraildako 11. langilea<\/strong><\/h2>\n\n\n\n<figure class=\"wp-block-table is-style-stripes\"><table><tbody><tr><td><strong>Data<\/strong><\/td><td><strong>Lekua<\/strong><\/td><td><strong>Langilea<\/strong><\/td><td><strong>Lantokia<\/strong><\/td><td><strong>Zergatia<\/strong><\/td><\/tr><tr><td>22\/03\/09<\/td><td>Baiona<\/td><td>M.K.<\/td><td>Eraikuntza<\/td><td>Garabi bat erori eta gero<\/td><\/tr><\/tbody><\/table><\/figure>\n\n\n\n<h2 class=\"wp-block-heading\"><strong>Prekaritateak eraildako 10. langilea<\/strong><\/h2>\n\n\n\n<figure class=\"wp-block-table is-style-stripes\"><table><tbody><tr><td><strong>Data<\/strong><\/td><td><strong>Lekua<\/strong><\/td><td><strong>Langilea<\/strong><\/td><td><strong>Lantokia<\/strong><\/td><td><strong>Zergatia<\/strong><\/td><\/tr><tr><td>22\/02\/22<\/td><td>Cascante<\/td><td>21 urte<\/td><td>&#8211;<\/td><td>In itinere<\/td><\/tr><\/tbody><\/table><\/figure>\n\n\n\n<h2 class=\"wp-block-heading\"><strong>Prekaritateak eraildako 9. langilea<\/strong><\/h2>\n\n\n\n<figure class=\"wp-block-table is-style-stripes\"><table><tbody><tr><td><strong>Data<\/strong><\/td><td><strong>Lekua<\/strong><\/td><td><strong>Langilea<\/strong><\/td><td><strong>Lantokia<\/strong><\/td><td><strong>Zergatia<\/strong><\/td><\/tr><tr><td>22\/02\/19<\/td><td>Bilbo<\/td><td>B.V., 47 urte<\/td><td>Construcciones y Reformas Estroyart S.L.<\/td><td>Altueratik erorita<\/td><\/tr><\/tbody><\/table><\/figure>\n\n\n\n<h2 class=\"wp-block-heading\"><strong>Prekaritateak eraildako 8. langilea<\/strong><\/h2>\n\n\n\n<figure class=\"wp-block-table is-style-stripes\"><table><tbody><tr><td><strong>Data<\/strong><\/td><td><strong>Lekua<\/strong><\/td><td><strong>Langilea<\/strong><\/td><td><strong>Lantokia<\/strong><\/td><td><strong>Zergatia<\/strong><\/td><\/tr><tr><td>22\/02\/14<\/td><td>San Vicente de la Sonsierra (Errioxa)<\/td><td>52 urte<\/td><td>Transportes Erdella<\/td><td>Kamioia gidatzen ari zela<\/td><\/tr><\/tbody><\/table><\/figure>\n\n\n\n<h2 class=\"wp-block-heading\"><strong>Prekaritateak eraildako 7. langilea<\/strong><\/h2>\n\n\n\n<figure class=\"wp-block-table is-style-stripes\"><table><tbody><tr><td><strong>Data<\/strong><\/td><td><strong>Lekua<\/strong><\/td><td><strong>Langilea<\/strong><\/td><td><strong>Lantokia<\/strong><\/td><td><strong>Zergatia<\/strong><\/td><\/tr><tr><td>22\/02\/08<\/td><td>Barakaldo<\/td><td>V.V., 62 urte<\/td><td>JPSP, Construcciones y Reformas Andrasak azpikontratatua<\/td><td>Makina bat gainera erorita<\/td><\/tr><\/tbody><\/table><\/figure>\n\n\n\n<h2 class=\"wp-block-heading\"><strong>Prekaritateak eraildako 6. langilea<\/strong><\/h2>\n\n\n\n<figure class=\"wp-block-table is-style-stripes\"><table><tbody><tr><td><strong>Data<\/strong><\/td><td><strong>Lekua<\/strong><\/td><td><strong>Langilea<\/strong><\/td><td><strong>Lantokia<\/strong><\/td><td><strong>Zergatia<\/strong><\/td><\/tr><tr><td>22\/02\/02<\/td><td>Olaberria<\/td><td>48 urte<\/td><td>Arcelor Mittal<\/td><td>Auto batek harrapatuta<\/td><\/tr><\/tbody><\/table><\/figure>\n\n\n\n<h2 class=\"wp-block-heading\"><strong>Prekaritateak eraildako 5. langilea<\/strong><\/h2>\n\n\n\n<figure class=\"wp-block-table is-style-stripes\"><table><tbody><tr><td><strong>Data<\/strong><\/td><td><strong>Lekua<\/strong><\/td><td><strong>Langilea<\/strong><\/td><td><strong>Lantokia<\/strong><\/td><td><strong>Zergatia<\/strong><\/td><\/tr><tr><td>22\/01\/26<\/td><td>Irun<\/td><td>X.L.L., 45 urte<\/td><td>Construcciones Arixu<\/td><td>Altueratik eroria<\/td><\/tr><\/tbody><\/table><\/figure>\n\n\n\n<h2 class=\"wp-block-heading\"><strong>Prekaritateak eraildako 4. langilea<\/strong><\/h2>\n\n\n\n<figure class=\"wp-block-table is-style-stripes\"><table><tbody><tr><td><strong>Data<\/strong><\/td><td><strong>Lekua<\/strong><\/td><td><strong>Langilea<\/strong><\/td><td><strong>Lantokia<\/strong><\/td><td><strong>Zergatia<\/strong><\/td><\/tr><tr><td>22\/01\/19<\/td><td>Pipaon<\/td><td>M.M., 46 urte<\/td><td>Maderas Melchor Gomez<\/td><td>Adar batek kolpatuta.<\/td><\/tr><\/tbody><\/table><\/figure>\n\n\n\n<h2 class=\"wp-block-heading\"><strong>Prekaritateak eraildako 3. langilea<\/strong><\/h2>\n\n\n\n<figure class=\"wp-block-table is-style-stripes\"><table><tbody><tr><td><strong>Data<\/strong><\/td><td><strong>Lekua<\/strong><\/td><td><strong>Langilea<\/strong><\/td><td><strong>Lantokia<\/strong><\/td><td><strong>Zergatia<\/strong><\/td><\/tr><tr><td>22\/01\/11<\/td><td>Ikaztegieta<\/td><td>J.E.V., 23 urte<\/td><td>Cooperativa Hertell<\/td><td>Altueratik erorita<\/td><\/tr><\/tbody><\/table><\/figure>\n\n\n\n<h2 class=\"wp-block-heading\"><strong>Prekaritateak eraildako 2. langilea<\/strong><\/h2>\n\n\n\n<figure class=\"wp-block-table is-style-stripes\"><table><tbody><tr><td><strong>Data<\/strong><\/td><td><strong>Lekua<\/strong><\/td><td><strong>Langilea<\/strong><\/td><td><strong>Lantokia<\/strong><\/td><td><strong>Zergatia<\/strong><\/td><\/tr><tr><td>22\/01\/10<\/td><td>Gasteiz<\/td><td>J.V.S.F., 47 urte<\/td><td>Lar Servicios Auxiliares a la construcci\u00f3n S.L.A., Construcciones Urrutiak azpikontratatua<\/td><td>Altueratik erorita<\/td><\/tr><\/tbody><\/table><\/figure>\n\n\n\n<h2 class=\"wp-block-heading\"><strong>Prekaritateak eraildako 1. langilea<\/strong><\/h2>\n\n\n\n<figure class=\"wp-block-table is-style-stripes\"><table><tbody><tr><td><strong>Data<\/strong><\/td><td><strong>Lekua<\/strong><\/td><td><strong>Langilea<\/strong><\/td><td><strong>Lantokia<\/strong><\/td><td><strong>Zergatia<\/strong><\/td><\/tr><tr><td>22\/01\/04<\/td><td>Barakaldo<\/td><td>J.M.G.F., 59 urte<\/td><td>La Casa del Electricista<\/td><td>Ez traumatikoa<\/td><\/tr><\/tbody><\/table><\/figure>\n\n\n\n<p><\/p>\n","protected":false},"excerpt":{"rendered":"<p>LAN ISTRIPUAN HILDAKO LANGILEAK:2007\u00a0&#8211;\u00a02008\u00a0&#8211;\u00a02009\u00a0&#8211;\u00a02010\u00a0&#8211;\u00a02011\u00a0&#8211;\u00a02012\u00a0&#8211;\u00a02013\u00a0&#8211;\u00a02014\u00a0&#8211;\u00a02015\u00a0&#8211;\u00a02016\u00a0&#8211;\u00a02017&#8211; 2018\u00a0&#8211;\u00a02019\u00a0&#8211; 2020&#8211;2021&#8211;2022 69 Araba: 9 | Bizkaia: 15 |&nbsp;Gipuzkoa: 19 | Nafarroa: 20 | Iparraldea: 2 | Kanpoan: 4 Prekaritateak eraildako 69. langilea Data Lekua Langilea Lantokia Zergatia 22\/12\/07 Iruraiz Gauna- Araba M.M.D.O., 56 urte Construcciones Tavar Ez traumatikoa Prekaritateak eraildako 68. langilea Data Lekua Langilea Lantokia Zergatia 22\/11\/30 Berriobeiti &#8211; [&hellip;]<\/p>\n","protected":false},"author":1192,"featured_media":0,"comment_status":"closed","ping_status":"closed","sticky":false,"template":"","format":"standard","meta":{"_monsterinsights_skip_tracking":false,"_monsterinsights_sitenote_active":false,"_monsterinsights_sitenote_note":"","_monsterinsights_sitenote_category":0,"footnotes":"","_links_to":"","_links_to_target":""},"categories":[1],"tags":[],"class_list":{"0":"post-41507","1":"post","2":"type-post","3":"status-publish","4":"format-standard","6":"category-uncategorized-eu"},"_links":{"self":[{"href":"https:\/\/www.lab.eus\/es\/wp-json\/wp\/v2\/posts\/41507","targetHints":{"allow":["GET"]}}],"collection":[{"href":"https:\/\/www.lab.eus\/es\/wp-json\/wp\/v2\/posts"}],"about":[{"href":"https:\/\/www.lab.eus\/es\/wp-json\/wp\/v2\/types\/post"}],"author":[{"embeddable":true,"href":"https:\/\/www.lab.eus\/es\/wp-json\/wp\/v2\/users\/1192"}],"replies":[{"embeddable":true,"href":"https:\/\/www.lab.eus\/es\/wp-json\/wp\/v2\/comments?post=41507"}],"version-history":[{"count":0,"href":"https:\/\/www.lab.eus\/es\/wp-json\/wp\/v2\/posts\/41507\/revisions"}],"wp:attachment":[{"href":"https:\/\/www.lab.eus\/es\/wp-json\/wp\/v2\/media?parent=41507"}],"wp:term":[{"taxonomy":"category","embeddable":true,"href":"https:\/\/www.lab.eus\/es\/wp-json\/wp\/v2\/categories?post=41507"},{"taxonomy":"post_tag","embeddable":true,"href":"https:\/\/www.lab.eus\/es\/wp-json\/wp\/v2\/tags?post=41507"}],"curies":[{"name":"wp","href":"https:\/\/api.w.org\/{rel}","templated":true}]}}