{"id":41504,"date":"2022-01-10T14:44:05","date_gmt":"2022-01-10T14:44:05","guid":{"rendered":"https:\/\/www.lab.eus\/?p=41504"},"modified":"2022-01-10T14:44:06","modified_gmt":"2022-01-10T14:44:06","slug":"reclamamos-implicacion-institucional-y-un-plan-especifico-para-la-construccion-con-politicas-preventivas-reales-ante-las-muertes-en-el-trabajo","status":"publish","type":"post","link":"https:\/\/www.lab.eus\/es\/reclamamos-implicacion-institucional-y-un-plan-especifico-para-la-construccion-con-politicas-preventivas-reales-ante-las-muertes-en-el-trabajo\/","title":{"rendered":"Reclamamos implicaci\u00f3n institucional y un plan espec\u00edfico para la construcci\u00f3n con pol\u00edticas preventivas reales ante las muertes en el trabajo"},"content":{"rendered":"\n<p>Hoy ha muerto un trabajador en Gasteiz, en el barrio de Olarizu, tras caerse desde un andamio. Con esta nueva muerte en el trabajo, son al menos dos los trabajadores muertos en el trabajo en Euskal Herria, cuando s\u00f3lo llevamos 10 d\u00edas del presente a\u00f1o 2022. Desde el sindicato LAB, queremos mostrar nuestra solidaridad con la familia del trabajador y sus personas allegadas y recordamos que en 2021, murieron al menos 62 trabajadoras y trabajadores.<\/p>\n\n\n\n<p>A la espera de la investigaci\u00f3n y sus conclusiones, es necesario abordar las causas de las muertes en el trabajo en un sector como el de la construcci\u00f3n, que a\u00f1o tras a\u00f1o suma accidentes de trabajo de este tipo, debido a ca\u00eddas desde altura. De hecho, en 2021 hubo siete muertes en el trabajo en Euskal Herria debido a ca\u00eddas desde altura y en 2020, falleci\u00f3 un trabajador en el mismo barrio de Olarizu de la misma manera.<\/p>\n\n\n\n<p>M\u00e1s all\u00e1 de las medidas que empiezan y acaban en campa\u00f1as publicitarias como las que realiz\u00f3 la administraci\u00f3n de la CAV en el mal llamado di\u00e1logo social, una vez m\u00e1s se observa su ineficacia y falta de resultados ante los accidentes en la construcci\u00f3n. Ya conocemos la ra\u00edz del problema, la precarizaci\u00f3n, la subcontrataci\u00f3n y las condiciones de trabajo en este sector.<\/p>\n\n\n\n<p>Es necesaria una implicaci\u00f3n de las instituciones y un plan espec\u00edfico para la construcci\u00f3n, con medidas adecuadas y pol\u00edticas preventivas reales. Los datos nos demuestran que las adoptadas hasta la actualidad han sido ineficaces, como ya hemos denunciado en diferentes ocasiones. Por nuestra parte, seguiremos luchando para que ning\u00fan trabajador o trabajadora pierda la salud y la vida por el mero hecho de trabajar.<\/p>\n\n\n\n<p>Ante esta muerte en el trabajo, LAB se movilizar\u00e1 junto a la mayor\u00eda sindical vasca el pr\u00f3ximo jueves, 13 de enero, a las 11:30 en la Avenida Olarizu de Gasteiz. Es necesario un cambio hacia un modelo econ\u00f3mico, social y pol\u00edtico en el que la defensa de la seguridad y salud de la clase trabajadora sea una prioridad.<\/p>\n","protected":false},"excerpt":{"rendered":"<p>Hoy ha muerto un trabajador en Gasteiz, en el barrio de Olarizu, tras caerse desde un andamio. Con esta nueva muerte en el trabajo, son al menos dos los trabajadores muertos en el trabajo en Euskal Herria, cuando s\u00f3lo llevamos 10 d\u00edas del presente a\u00f1o 2022. Desde el sindicato LAB, queremos mostrar nuestra solidaridad con la familia del trabajador y sus personas allegadas y recordamos que en 2021, murieron al menos 62 trabajadoras y trabajadores.<\/p>\n","protected":false},"author":1191,"featured_media":41502,"comment_status":"closed","ping_status":"closed","sticky":false,"template":"","format":"standard","meta":{"_monsterinsights_skip_tracking":false,"_monsterinsights_sitenote_active":false,"_monsterinsights_sitenote_note":"","_monsterinsights_sitenote_category":0,"footnotes":"","_links_to":"","_links_to_target":""},"categories":[18,130,15,2973],"tags":[3033,3178,3263,3083],"class_list":{"0":"post-41504","1":"post","2":"type-post","3":"status-publish","4":"format-standard","5":"has-post-thumbnail","7":"category-es-accion-sindical","8":"category-es-la-precariedad-mata-es-salud-laboral","9":"category-es-salud-laboral","10":"category-secretarias","11":"tag-accion-sindical-es","12":"tag-destacado-1","13":"tag-la-precariedad-mata-es-2","14":"tag-salud-laboral-es"},"_links":{"self":[{"href":"https:\/\/www.lab.eus\/es\/wp-json\/wp\/v2\/posts\/41504","targetHints":{"allow":["GET"]}}],"collection":[{"href":"https:\/\/www.lab.eus\/es\/wp-json\/wp\/v2\/posts"}],"about":[{"href":"https:\/\/www.lab.eus\/es\/wp-json\/wp\/v2\/types\/post"}],"author":[{"embeddable":true,"href":"https:\/\/www.lab.eus\/es\/wp-json\/wp\/v2\/users\/1191"}],"replies":[{"embeddable":true,"href":"https:\/\/www.lab.eus\/es\/wp-json\/wp\/v2\/comments?post=41504"}],"version-history":[{"count":0,"href":"https:\/\/www.lab.eus\/es\/wp-json\/wp\/v2\/posts\/41504\/revisions"}],"wp:featuredmedia":[{"embeddable":true,"href":"https:\/\/www.lab.eus\/es\/wp-json\/wp\/v2\/media\/41502"}],"wp:attachment":[{"href":"https:\/\/www.lab.eus\/es\/wp-json\/wp\/v2\/media?parent=41504"}],"wp:term":[{"taxonomy":"category","embeddable":true,"href":"https:\/\/www.lab.eus\/es\/wp-json\/wp\/v2\/categories?post=41504"},{"taxonomy":"post_tag","embeddable":true,"href":"https:\/\/www.lab.eus\/es\/wp-json\/wp\/v2\/tags?post=41504"}],"curies":[{"name":"wp","href":"https:\/\/api.w.org\/{rel}","templated":true}]}}