{"id":41476,"date":"2022-01-05T12:22:27","date_gmt":"2022-01-05T12:22:27","guid":{"rendered":"https:\/\/www.lab.eus\/?p=41476"},"modified":"2022-01-05T12:23:53","modified_gmt":"2022-01-05T12:23:53","slug":"convocamos-manifestaciones-el-23-de-enero-en-bilbo-donostia-y-gasteiz-para-denunciar-la-grave-situacion-de-osakidetza","status":"publish","type":"post","link":"https:\/\/www.lab.eus\/es\/convocamos-manifestaciones-el-23-de-enero-en-bilbo-donostia-y-gasteiz-para-denunciar-la-grave-situacion-de-osakidetza\/","title":{"rendered":"Convocamos manifestaciones el 23 de enero en Bilbo, Donostia y Gasteiz para denunciar la grave situaci\u00f3n de Osakidetza"},"content":{"rendered":"\n<p>La atenci\u00f3n primaria sigue en una situaci\u00f3n de colapso debido a las carencias estructurales anteriores a la pandemia. Los \u00faltimos cambios efectuados en los protocolos COVID responden a dicha situaci\u00f3n. Ante esta realidad, los sindicatos LAB, SATSE, ELA, CCOO y UGT hemos hecho un llamamiento a trabajadores y trabajadoras de Osakidetza y la ciudadan\u00eda en general a salir a la calle el pr\u00f3ximo 23 de enero, para denunciar la situaci\u00f3n de colapso que sufre la atenci\u00f3n primaria y la sobrecarga de la atenci\u00f3n hospitalaria, y exigir medidas inmediatas para afrontar dicha situaci\u00f3n. Para ello, se realizar\u00e1n a las 12:00 tres manifestaciones en Bilbao, Donostia y Gasteiz.<\/p>\n\n\n\n<p>Recordemos que el pasado 22 de diciembre se realizaron concentraciones en los centros de salud de atenci\u00f3n primaria de Osakidetza para denunciar la insostenible situaci\u00f3n. Sin embargo, la situaci\u00f3n ha empeorado a\u00fan m\u00e1s. La escasez de las plantillas es ya tan evidente que Osakidetza ha decretado, entre otras, medidas como el autotest COVID, es decir, que cada paciente recoja su propia muestra por carecer de un n\u00famero suficiente de profesionales para realizar esta tarea.<\/p>\n\n\n\n<p>Por desgracia, no se trata de una situaci\u00f3n coyuntural fruto de la pandemia. La actual crisis sanitaria ha venido a agravar, a\u00fan m\u00e1s, una situaci\u00f3n que es estructural y muy anterior a la pandemia. Ya en 2019, los trabajadores y trabajadoras de la primaria secundaron tres jornadas de huelga para denunciar la gravedad de la situaci\u00f3n que se viv\u00eda entonces. A d\u00eda de hoy, dos a\u00f1os despu\u00e9s, la situaci\u00f3n ha ido a peor.<\/p>\n\n\n\n<p>La pandemia, adem\u00e1s de precarizar a\u00fan m\u00e1s las condiciones de trabajo del colectivo y la calidad asistencial que se ofrece a la ciudadan\u00eda, se ha convertido tambi\u00e9n en una excusa para que Osakidetza aplique recortes y dificulte la accesibilidad de los y las pacientes a la sanidad p\u00fablica. Todo ello, unido a la falta de planificaci\u00f3n y falta de refuerzo e inversi\u00f3n, y al aumento exponencial de la carga de trabajo derivada de la gesti\u00f3n de la pandemia, ha colocado a la atenci\u00f3n primaria contra las cuerdas. La estrategia programada de desmantelamiento de la primaria sigue su curso mientras Osakidetza contin\u00faa utilizando la COVID 19 para tapar un d\u00e9ficit estructural.<\/p>\n\n\n\n<p>Solo as\u00ed se entiende que, casi dos a\u00f1os despu\u00e9s de la primera ola, se est\u00e9 afrontando la sexta con una flagrante falta de medios, de organizaci\u00f3n y de planificaci\u00f3n; que hace apenas dos meses Osakidetza decidiera prescindir de 4.000 profesionales; que hace unos d\u00edas se estuviera exigiendo al personal residente trabajar gratis; que la plantilla soporte una tasa de temporalidad que roza el 60%; que se hayan desmantelado los equipos de vacunaci\u00f3n y rastreo; que no se sustituyan bajas, vacaciones y otras ausencias; que cuando los contagios est\u00e1n batiendo r\u00e9cords, se haya decidido restringir los horarios de centros de atenci\u00f3n primaria. Y as\u00ed un largo etc\u00e9tera.<\/p>\n\n\n\n<p>La atenci\u00f3n hospitalaria tampoco se libra de estos problemas estructurales. Las UCIs est\u00e1n cada vez m\u00e1s tensionadas, las cargas de trabajo son extenuantes; igual que lo son la escasez de la plantilla y la alta rotaci\u00f3n de trabajadores y trabajadoras. Un buen reflejo de esta situaci\u00f3n son los servicios de urgencias, que acusan un aumento importante de la carga de trabajo derivada del colapso de la atenci\u00f3n primaria.<\/p>\n\n\n\n<p>Desgraciadamente, y a pesar de lo alarmante de la situaci\u00f3n, el Gobierno Vasco no est\u00e1 dando pasos para solucionar los graves problemas se\u00f1alados. La Ley de presupuestos para 2022 recientemente aprobada&nbsp; contempla una inversi\u00f3n para sanidad que supondr\u00e1 gastar 16 millones de euros menos que lo efectivamente gastado en el en el ejercicio 2021.<\/p>\n\n\n\n<p>Es urgente aumentar el presupuesto de Osakidetza hasta llegar a la media de la UE (7% del PIB), destinando un 25% del mismo a la atenci\u00f3n primaria; reforzar de manera inmediata las plantillas y dotarlas de recursos humanos suficientes en todas las categor\u00edas con la creaci\u00f3n miles de plazas para consolidar a los miles de trabajadores y trabajadoras temporales, terminar con la contrataci\u00f3n temporal abusiva y racionalizar las cargas de trabajo; adem\u00e1s es de imperiosa necesidad sustituir todas las ausencias desde el primer d\u00eda; en definitiva, una estrategia encaminada a priorizar y reforzar la sanidad p\u00fablica y en especial la atenci\u00f3n primaria, en contraposici\u00f3n con el desmantelamiento programado al que lleva sometida m\u00e1s de una d\u00e9cada.<\/p>\n\n\n\n<p>Para denunciar esta situaci\u00f3n y exigir soluciones reales e inmediatas, los sindicatos LAB, SATSE, ELA, CCOO y UGT convocamos para el domingo 23 de enero, a las 12:00 del mediod\u00eda, manifestaciones en las tres capitales de la CAPV:<\/p>\n\n\n\n<ul class=\"wp-block-list\"><li>Bilbo: desde el Sagrado Coraz\u00f3n.<\/li><li>Gasteiz: desde la plaza de la Virgen Blanca.<\/li><li>Donostia: desde el Boulevard.<\/li><\/ul>\n\n\n\n<p>La movilizaci\u00f3n es m\u00e1s necesaria que nunca. Por ello, adem\u00e1s de a la plantilla de Osakidetza, los sindicatos hacemos un llamamiento a la ciudadan\u00eda, as\u00ed como a los diferentes movimiento sociales y organizaciones. La sanidad p\u00fablica es un seguro de vida colectivo que, sin duda, debemos defender. Es por ello que, si no se dan pasos para revertir la situaci\u00f3n, se intensificar\u00e1n las movilizaciones.<\/p>\n","protected":false},"excerpt":{"rendered":"<p>La atenci\u00f3n primaria sigue en una situaci\u00f3n de colapso debido a las carencias estructurales anteriores a la pandemia. Los \u00faltimos cambios efectuados en los protocolos COVID responden a dicha situaci\u00f3n. <\/p>\n","protected":false},"author":1191,"featured_media":41474,"comment_status":"closed","ping_status":"closed","sticky":false,"template":"","format":"standard","meta":{"_monsterinsights_skip_tracking":false,"_monsterinsights_sitenote_active":false,"_monsterinsights_sitenote_note":"","_monsterinsights_sitenote_category":0,"footnotes":"","_links_to":"","_links_to_target":""},"categories":[18,2994,2867,3097,6],"tags":[3033,3182,3178,3195,3100,3171],"class_list":{"0":"post-41476","1":"post","2":"type-post","3":"status-publish","4":"format-standard","5":"has-post-thumbnail","7":"category-es-accion-sindical","8":"category-accion-social","9":"category-federaciones","10":"category-sanidad","11":"category-es-servicios-publicos","12":"tag-accion-sindical-es","13":"tag-accion-social-es","14":"tag-destacado-1","15":"tag-osakidetza-es","16":"tag-sanidad-es","17":"tag-servicios-publicos-es"},"_links":{"self":[{"href":"https:\/\/www.lab.eus\/es\/wp-json\/wp\/v2\/posts\/41476","targetHints":{"allow":["GET"]}}],"collection":[{"href":"https:\/\/www.lab.eus\/es\/wp-json\/wp\/v2\/posts"}],"about":[{"href":"https:\/\/www.lab.eus\/es\/wp-json\/wp\/v2\/types\/post"}],"author":[{"embeddable":true,"href":"https:\/\/www.lab.eus\/es\/wp-json\/wp\/v2\/users\/1191"}],"replies":[{"embeddable":true,"href":"https:\/\/www.lab.eus\/es\/wp-json\/wp\/v2\/comments?post=41476"}],"version-history":[{"count":0,"href":"https:\/\/www.lab.eus\/es\/wp-json\/wp\/v2\/posts\/41476\/revisions"}],"wp:featuredmedia":[{"embeddable":true,"href":"https:\/\/www.lab.eus\/es\/wp-json\/wp\/v2\/media\/41474"}],"wp:attachment":[{"href":"https:\/\/www.lab.eus\/es\/wp-json\/wp\/v2\/media?parent=41476"}],"wp:term":[{"taxonomy":"category","embeddable":true,"href":"https:\/\/www.lab.eus\/es\/wp-json\/wp\/v2\/categories?post=41476"},{"taxonomy":"post_tag","embeddable":true,"href":"https:\/\/www.lab.eus\/es\/wp-json\/wp\/v2\/tags?post=41476"}],"curies":[{"name":"wp","href":"https:\/\/api.w.org\/{rel}","templated":true}]}}