{"id":41461,"date":"2022-01-04T16:18:00","date_gmt":"2022-01-04T16:18:00","guid":{"rendered":"https:\/\/www.lab.eus\/?p=41461"},"modified":"2022-01-04T16:18:43","modified_gmt":"2022-01-04T16:18:43","slug":"apuestamos-por-aglutinar-fuerzas-para-que-el-convenio-del-metal-de-nafarroa-tenga-en-cuenta-las-reivindicaciones-y-necesidades-de-trabajadores-y-trabajadoras-del-sector","status":"publish","type":"post","link":"https:\/\/www.lab.eus\/es\/apuestamos-por-aglutinar-fuerzas-para-que-el-convenio-del-metal-de-nafarroa-tenga-en-cuenta-las-reivindicaciones-y-necesidades-de-trabajadores-y-trabajadoras-del-sector\/","title":{"rendered":"Apostamos por aglutinar fuerzas para que el convenio del metal de Nafarroa tenga en cuenta las reivindicaciones y necesidades de trabajadores y trabajadoras del sector"},"content":{"rendered":"\n<p>Hoy d\u00eda 4 de enero, en los locales del Tribunal Laboral de Nafarroa, ha tenido lugar la primera reuni\u00f3n oficial para la renovaci\u00f3n del convenio colectivo auton\u00f3mico del metal. As\u00ed, se ha constituido la mesa negociadora para el convenio colectivo de la industria siderometal\u00fargica de Nafarroa.<\/p>\n\n\n\n<p>Nos hemos reunido, por parte de la Patronal, la Asociaci\u00f3n Navarra de Empresarios del Metal (ANEM), la Asociaci\u00f3n de Peque\u00f1a y Mediana Empresa del Metal de Navarra y por la parte social los cuatro sindicatos con m\u00e1s representaci\u00f3n del sector. El motivo de la reuni\u00f3n ha sido el comienzo de las negociaciones para la renovaci\u00f3n del convenio auton\u00f3mico sectorial. Se ha constituido la que ser\u00e1 la mesa negociadora para todo el proceso y se han establecido los porcentajes de representaci\u00f3n de cada sindicato.<\/p>\n\n\n\n<p>Desde LAB queremos aglutinar todas nuestras fuerzas para que por una vez, este convenio no sea un convenio a la medida de las necesidades de la Patronal y pase a ser un convenio de los y las trabajadoras y que por una vez, se tengan en cuenta las reivindicaciones y las necesidades de la clase trabajadora.<\/p>\n","protected":false},"excerpt":{"rendered":"<p>Hoy d\u00eda 4 de enero, en los locales del Tribunal Laboral de Nafarroa, ha tenido lugar la primera reuni\u00f3n oficial para la renovaci\u00f3n del convenio colectivo auton\u00f3mico del metal. As\u00ed, se ha constituido la mesa negociadora para el convenio colectivo de la industria siderometal\u00fargica de Nafarroa.<\/p>\n","protected":false},"author":1191,"featured_media":41459,"comment_status":"closed","ping_status":"closed","sticky":false,"template":"","format":"standard","meta":{"_monsterinsights_skip_tracking":false,"_monsterinsights_sitenote_active":false,"_monsterinsights_sitenote_note":"","_monsterinsights_sitenote_category":0,"footnotes":"","_links_to":"","_links_to_target":""},"categories":[18,2867,2868,108],"tags":[3033,3178,2996,3064,3495],"class_list":{"0":"post-41461","1":"post","2":"type-post","3":"status-publish","4":"format-standard","5":"has-post-thumbnail","7":"category-es-accion-sindical","8":"category-federaciones","9":"category-industria-es","10":"category-es-metal","11":"tag-accion-sindical-es","12":"tag-destacado-1","13":"tag-industria-es","14":"tag-metal-es","15":"tag-metal-de-nafarroa"},"_links":{"self":[{"href":"https:\/\/www.lab.eus\/es\/wp-json\/wp\/v2\/posts\/41461","targetHints":{"allow":["GET"]}}],"collection":[{"href":"https:\/\/www.lab.eus\/es\/wp-json\/wp\/v2\/posts"}],"about":[{"href":"https:\/\/www.lab.eus\/es\/wp-json\/wp\/v2\/types\/post"}],"author":[{"embeddable":true,"href":"https:\/\/www.lab.eus\/es\/wp-json\/wp\/v2\/users\/1191"}],"replies":[{"embeddable":true,"href":"https:\/\/www.lab.eus\/es\/wp-json\/wp\/v2\/comments?post=41461"}],"version-history":[{"count":0,"href":"https:\/\/www.lab.eus\/es\/wp-json\/wp\/v2\/posts\/41461\/revisions"}],"wp:featuredmedia":[{"embeddable":true,"href":"https:\/\/www.lab.eus\/es\/wp-json\/wp\/v2\/media\/41459"}],"wp:attachment":[{"href":"https:\/\/www.lab.eus\/es\/wp-json\/wp\/v2\/media?parent=41461"}],"wp:term":[{"taxonomy":"category","embeddable":true,"href":"https:\/\/www.lab.eus\/es\/wp-json\/wp\/v2\/categories?post=41461"},{"taxonomy":"post_tag","embeddable":true,"href":"https:\/\/www.lab.eus\/es\/wp-json\/wp\/v2\/tags?post=41461"}],"curies":[{"name":"wp","href":"https:\/\/api.w.org\/{rel}","templated":true}]}}